{"id":59813,"date":"2025-10-14T13:17:09","date_gmt":"2025-10-14T11:17:09","guid":{"rendered":"https:\/\/edublog.educastur.es\/ixuxu\/?p=59813"},"modified":"2025-10-17T12:49:39","modified_gmt":"2025-10-17T10:49:39","slug":"el-pozu-santa-barbara-inaugura-una-propuesta-inmersiva","status":"publish","type":"post","link":"https:\/\/edublog.educastur.es\/ixuxu\/2025\/10\/el-pozu-santa-barbara-inaugura-una-propuesta-inmersiva\/","title":{"rendered":"El Pozu Santa B\u00e1rbara inaugura una propuesta inmersiva"},"content":{"rendered":"<p>El Pozu Santa B\u00e1rbara inaugura la propuesta inmersiva<a href=\"https:\/\/scanlabprojects.co.uk\/projects\/pulse-of-the-earth\/\"><strong><span style=\"color: #008080\"> &#8216;Framerate&#8217;, de ScanLAB Projects<\/span><\/strong><\/a>. Tr\u00e1tase d&#8217;una esperiencia inmersiva que va tar disponible hasta&#8217;l 7 de xineru. <a href=\"https:\/\/www.rtpa.es\/noticias-sociedad-ast\/2025-10-15\/El-Centru-d'Esperiencies-Artistiques-Pozu-Santa-Barbara-inaugura-'Framerate:-Pulse-of-the-earth'_111760557482.html\">RTPA<\/a> \/ <a href=\"https:\/\/www.elcomercio.es\/area-metropolitana-asturias\/cuencas\/pozu-santa-barbara-inaugura-propuesta-inmersiva-framerate-20251013183638-nt.html\">El Comercio<\/a><\/p>\n<p style=\"text-align: center\"><a href=\"https:\/\/s1.ppllstatics.com\/elcomercio\/www\/multimedia\/2025\/10\/13\/8beea6bf-b045-434e-899e-057b3ab9f80a-RtddlmPSTzvHjNs30CRkKtM-1200x840@El%20Comercio.jpeg\"><img loading=\"lazy\" decoding=\"async\" class=\"aligncenter \" src=\"https:\/\/s1.ppllstatics.com\/elcomercio\/www\/multimedia\/2025\/10\/13\/8beea6bf-b045-434e-899e-057b3ab9f80a-RtddlmPSTzvHjNs30CRkKtM-1200x840@El%20Comercio.jpeg\" width=\"543\" height=\"380\" \/><\/a><\/p>\n<p><strong>Horarios de visita: <\/strong>Mi\u00e9rcoles, xueves y vienres: de 16:30 a 21:00 h .\/ S\u00e1bados, domingos y festivos de 11:00 a 14:00 h. y de 16:30 a 21:00 h. \/ <em>Entrada de baldre y llibre. Nun se precisa reserva previa.<\/em><\/p>\n<p>El Centru d&#8217;Esperiencies Art\u00edstiques Pozu Santa B\u00e1rbara (PZSB) de Mieres, allug\u00e1u en La Rebaldana nel valle de Tur\u00f3n, va cuntar dende esti mi\u00e9rcoles con esta interesante esposici\u00f3n.<\/p>\n<p><!--more--><\/p>\n<p class=\"font-size-xxl margin-b-5 font-weight-b color-b-050 letter-spacing--1 fuente-corporativa\">El Centru d&#8217;Esperiencies Art\u00edstiques Pozu Santa B\u00e1rbara inaugura &#8216;Framerate: Pulse of the earth&#8217;.<\/p>\n<p class=\"font-size-m padding-b-20 font-weight-b margin-t-16\"><strong>Va poder visitase con entrada gratuita hasta&#8217;l 7 de xineru.<\/strong><\/p>\n<p>El Centru d&#8217;Esperiencies Art\u00edstiques Pozu Santa B\u00e1rbara abre les sos puertes pa toma-y el pulsu a la Tierra. &#8216;Framerate: Pulse of the earth&#8217; ye una innovadora instalaci\u00f3n inmersiva.<\/p>\n<p>Un impactante montaxe audiovisual de gran formatu nel qu&#8217;al travi\u00e9s d&#8217;ocho pantalles feches a midida abre un espaciu pa cavilgar sobre la relaci\u00f3n ente l&#8217;acci\u00f3n humana, la natura y el pasu del tiempu.<\/p>\n<p>Cristina de Silva, comisaria del Llaboratoriu d&#8217;Electr\u00f3nica Visual, asegura que pa crear esti paisaxe dixital tom\u00e1ronse im\u00e1xenes reales de distintes localizaciones del Reinu Xun\u00edu tou un a\u00f1u nos que se combinaron dos t\u00e9cniques: el time-lapse y el 3D.<\/p>\n<p>La instalaci\u00f3n, reconocida internacionalmente, y\u00e1 foi presentada n&#8217;eventos y galer\u00edes como la Bienal de Venecia. Va poder visitase con entrada gratuita hasta&#8217;l 7 de xineru.<\/p>\n<p>&nbsp;<\/p>\n","protected":false},"excerpt":{"rendered":"<p>El Pozu Santa B\u00e1rbara inaugura la propuesta inmersiva &#8216;Framerate&#8217;, de ScanLAB Projects. Tr\u00e1tase d&#8217;una esperiencia inmersiva que va tar disponible hasta&#8217;l 7 de xineru. RTPA \/ El Comercio Horarios de visita: Mi\u00e9rcoles, xueves y vienres: de 16:30 a 21:00 h .\/ S\u00e1bados, domingos y festivos de 11:00 a 14:00 h. y de 16:30 a 21:00 [&hellip;]<\/p>\n","protected":false},"author":117,"featured_media":0,"comment_status":"closed","ping_status":"open","sticky":false,"template":"","format":"standard","meta":{"footnotes":""},"categories":[14],"tags":[],"class_list":["post-59813","post","type-post","status-publish","format-standard","hentry","category-esposiciones"],"_links":{"self":[{"href":"https:\/\/edublog.educastur.es\/ixuxu\/wp-json\/wp\/v2\/posts\/59813","targetHints":{"allow":["GET"]}}],"collection":[{"href":"https:\/\/edublog.educastur.es\/ixuxu\/wp-json\/wp\/v2\/posts"}],"about":[{"href":"https:\/\/edublog.educastur.es\/ixuxu\/wp-json\/wp\/v2\/types\/post"}],"author":[{"embeddable":true,"href":"https:\/\/edublog.educastur.es\/ixuxu\/wp-json\/wp\/v2\/users\/117"}],"replies":[{"embeddable":true,"href":"https:\/\/edublog.educastur.es\/ixuxu\/wp-json\/wp\/v2\/comments?post=59813"}],"version-history":[{"count":5,"href":"https:\/\/edublog.educastur.es\/ixuxu\/wp-json\/wp\/v2\/posts\/59813\/revisions"}],"predecessor-version":[{"id":59815,"href":"https:\/\/edublog.educastur.es\/ixuxu\/wp-json\/wp\/v2\/posts\/59813\/revisions\/59815"}],"wp:attachment":[{"href":"https:\/\/edublog.educastur.es\/ixuxu\/wp-json\/wp\/v2\/media?parent=59813"}],"wp:term":[{"taxonomy":"category","embeddable":true,"href":"https:\/\/edublog.educastur.es\/ixuxu\/wp-json\/wp\/v2\/categories?post=59813"},{"taxonomy":"post_tag","embeddable":true,"href":"https:\/\/edublog.educastur.es\/ixuxu\/wp-json\/wp\/v2\/tags?post=59813"}],"curies":[{"name":"wp","href":"https:\/\/api.w.org\/{rel}","templated":true}]}}