{"id":59818,"date":"2025-10-04T09:00:32","date_gmt":"2025-10-04T07:00:32","guid":{"rendered":"https:\/\/edublog.educastur.es\/ixuxu\/?p=59818"},"modified":"2025-10-14T13:29:36","modified_gmt":"2025-10-14T11:29:36","slug":"selmana-mundial-del-espaciu-del-4-10-dochobre","status":"publish","type":"post","link":"https:\/\/edublog.educastur.es\/ixuxu\/2025\/10\/selmana-mundial-del-espaciu-del-4-10-dochobre\/","title":{"rendered":"Selmana Mundial del Espaciu: del 4-10 d&#8217;ochobre"},"content":{"rendered":"<div class=\"xdj266r x14z9mp xat24cr x1lziwak x1vvkbs x126k92a\"><\/div>\n<div class=\"x14z9mp xat24cr x1lziwak x1vvkbs xtlvy1s x126k92a\">\n<ul>\n<li dir=\"auto\"><span class=\"html-span xdj266r x14z9mp xat24cr x1lziwak xexx8yu xyri2b x18d9i69 x1c1uobl x1hl2dhg x16tdsg8 x1vvkbs\"><a class=\"x1i10hfl xjbqb8w x1ejq31n x18oe1m7 x1sy0etr xstzfhl x972fbf x10w94by x1qhh985 x14e42zd x9f619 x1ypdohk xt0psk2 x3ct3a4 xdj266r x14z9mp xat24cr x1lziwak xexx8yu xyri2b x18d9i69 x1c1uobl x16tdsg8 x1hl2dhg xggy1nq x1a2a7pz xkrqix3 x1sur9pj x1fey0fg x1s688f\" role=\"link\" href=\"https:\/\/www.facebook.com\/hashtag\/worldspaceweek?__cft__[0]=AZVjkkCQwjQg-T0nsvIKseb2bn-Jse8r6f49KEFlzgI8swGM5ow7v1eFvVTNR2dlo5dbEN5sd2qfHOYUkZkj9fRwd8X7DUGm3tB86YA2x6qb_R4aAGX62C-5MSq2oSrW9I7qkqLSi728tWwgHnsiec9oZaNa35HhP2-B1nBBx9qt5PqBNHpdTJKvzIMdvjXvoVe83XRsuxl4G3hy2wiFm-8S&amp;__tn__=*NK-y-R\">#WorldSpaceWeek<\/a><\/span> <span class=\"html-span xdj266r x14z9mp xat24cr x1lziwak xexx8yu xyri2b x18d9i69 x1c1uobl x1hl2dhg x16tdsg8 x1vvkbs\"><a class=\"x1i10hfl xjbqb8w x1ejq31n x18oe1m7 x1sy0etr xstzfhl x972fbf x10w94by x1qhh985 x14e42zd x9f619 x1ypdohk xt0psk2 x3ct3a4 xdj266r x14z9mp xat24cr x1lziwak xexx8yu xyri2b x18d9i69 x1c1uobl x16tdsg8 x1hl2dhg xggy1nq x1a2a7pz xkrqix3 x1sur9pj x1fey0fg x1s688f\" role=\"link\" href=\"https:\/\/www.facebook.com\/hashtag\/semanamundialdelespacio?__cft__[0]=AZVjkkCQwjQg-T0nsvIKseb2bn-Jse8r6f49KEFlzgI8swGM5ow7v1eFvVTNR2dlo5dbEN5sd2qfHOYUkZkj9fRwd8X7DUGm3tB86YA2x6qb_R4aAGX62C-5MSq2oSrW9I7qkqLSi728tWwgHnsiec9oZaNa35HhP2-B1nBBx9qt5PqBNHpdTJKvzIMdvjXvoVe83XRsuxl4G3hy2wiFm-8S&amp;__tn__=*NK-y-R\">#SemanaMundialdelEspacio<\/a><\/span><\/li>\n<\/ul>\n<p style=\"text-align: center\"><span style=\"font-size: 20px\"><span style=\"color: #008080\"><em>\u00abSomos polvu d&#8217;estrelles<br \/>\ncavilgando sobro estrelles\u00bb.<\/em><\/span><\/span> Carl Sagan.<\/p>\n<p style=\"text-align: center\"><a href=\"https:\/\/www.un.org\/sites\/un2.un.org\/files\/world-space-week-2025.jpg\"><img loading=\"lazy\" decoding=\"async\" class=\"aligncenter \" src=\"https:\/\/www.un.org\/sites\/un2.un.org\/files\/world-space-week-2025.jpg\" width=\"549\" height=\"781\" \/><\/a><\/p>\n<p>La <strong>Selmana Mundial del Espaciu<\/strong> ta destinada a celebrar cada a\u00f1u les contribuciones de la ciencia y la tecnolox\u00eda espaciales al meyoramientu de la condici\u00f3n humana. La tema de la Selmana Mundial del Espaciu 2025 ye <strong>\u00abVivir nel espaciu\u00bb<\/strong>, una tema qu&#8217;esquiza&#8217;l viaxe de la humanid\u00e1 pa convertir l&#8217;espaciu nun h\u00e1bitat, faciendo fincapi\u00e9 nes tecnolox\u00edes innovadores, les torgues y los esfuerzos de collaboraci\u00f3n necesarios p&#8217;algamar esta aspiraci\u00f3n.<\/p>\n<\/div>\n<p><!--more--><\/p>\n<p>Feches establec\u00edes pola Asamblea Xeneral de les Naciones Xun\u00edes por aciu el resolvimientu 54\/68 del 6 d&#8217;avientu de 1999, <strong>coles mires de conmemorar el llanzamientu del primer sat\u00e9lite artificial, Sputnik 1, el 4 d&#8217;ochobre de 1957<\/strong>, y l&#8217;entrada a valir del Trat\u00e1u sobro l&#8217;Espaciu Ultraterrestre el 10 d&#8217;ochobre de 1967.<\/p>\n<p style=\"text-align: center\"><a href=\"https:\/\/www.worldspaceweek.org\/wp-content\/uploads\/Im-Celebrating-World-Space-Week-WSW2025-Public-2-1-480x600.png\"><img loading=\"lazy\" decoding=\"async\" class=\"aligncenter size-large\" src=\"https:\/\/www.worldspaceweek.org\/wp-content\/uploads\/Im-Celebrating-World-Space-Week-WSW2025-Public-2-1-480x600.png\" width=\"480\" height=\"600\" \/><\/a><\/p>\n<p>Mientres esta selmana,\u00a0 llevaranse a cabo actividaes en m\u00e1s de 90 pa\u00edses, incluyendo eventos educativos, talleres, conferencies y esposiciones, con un fuerte enfoque na divulgaci\u00f3n cient\u00edfica y l&#8217;inspiraci\u00f3n de nueves xeneraciones.<\/p>\n<p style=\"text-align: center\"><a href=\"https:\/\/www.worldspaceweek.org\/wp-content\/uploads\/World-Space-Week-2025-Poster-Final-48.5-x-69-cm-480x683.jpg\"><img loading=\"lazy\" decoding=\"async\" class=\"aligncenter size-large\" src=\"https:\/\/www.worldspaceweek.org\/wp-content\/uploads\/World-Space-Week-2025-Poster-Final-48.5-x-69-cm-480x683.jpg\" width=\"480\" height=\"683\" \/><\/a><\/p>\n","protected":false},"excerpt":{"rendered":"<p>#WorldSpaceWeek #SemanaMundialdelEspacio \u00abSomos polvu d&#8217;estrelles cavilgando sobro estrelles\u00bb. Carl Sagan. La Selmana Mundial del Espaciu ta destinada a celebrar cada a\u00f1u les contribuciones de la ciencia y la tecnolox\u00eda espaciales al meyoramientu de la condici\u00f3n humana. La tema de la Selmana Mundial del Espaciu 2025 ye \u00abVivir nel espaciu\u00bb, una tema qu&#8217;esquiza&#8217;l viaxe de la [&hellip;]<\/p>\n","protected":false},"author":117,"featured_media":0,"comment_status":"closed","ping_status":"open","sticky":false,"template":"","format":"standard","meta":{"footnotes":""},"categories":[223,144],"tags":[],"class_list":["post-59818","post","type-post","status-publish","format-standard","hentry","category-astronomia","category-semana-de"],"_links":{"self":[{"href":"https:\/\/edublog.educastur.es\/ixuxu\/wp-json\/wp\/v2\/posts\/59818","targetHints":{"allow":["GET"]}}],"collection":[{"href":"https:\/\/edublog.educastur.es\/ixuxu\/wp-json\/wp\/v2\/posts"}],"about":[{"href":"https:\/\/edublog.educastur.es\/ixuxu\/wp-json\/wp\/v2\/types\/post"}],"author":[{"embeddable":true,"href":"https:\/\/edublog.educastur.es\/ixuxu\/wp-json\/wp\/v2\/users\/117"}],"replies":[{"embeddable":true,"href":"https:\/\/edublog.educastur.es\/ixuxu\/wp-json\/wp\/v2\/comments?post=59818"}],"version-history":[{"count":3,"href":"https:\/\/edublog.educastur.es\/ixuxu\/wp-json\/wp\/v2\/posts\/59818\/revisions"}],"predecessor-version":[{"id":59821,"href":"https:\/\/edublog.educastur.es\/ixuxu\/wp-json\/wp\/v2\/posts\/59818\/revisions\/59821"}],"wp:attachment":[{"href":"https:\/\/edublog.educastur.es\/ixuxu\/wp-json\/wp\/v2\/media?parent=59818"}],"wp:term":[{"taxonomy":"category","embeddable":true,"href":"https:\/\/edublog.educastur.es\/ixuxu\/wp-json\/wp\/v2\/categories?post=59818"},{"taxonomy":"post_tag","embeddable":true,"href":"https:\/\/edublog.educastur.es\/ixuxu\/wp-json\/wp\/v2\/tags?post=59818"}],"curies":[{"name":"wp","href":"https:\/\/api.w.org\/{rel}","templated":true}]}}