{"id":59824,"date":"2025-10-14T13:39:28","date_gmt":"2025-10-14T11:39:28","guid":{"rendered":"https:\/\/edublog.educastur.es\/ixuxu\/?p=59824"},"modified":"2025-10-14T13:39:28","modified_gmt":"2025-10-14T11:39:28","slug":"lasturianu-escluyiu-na-refundacion-de-la-oficina-de-las-lenguas-oficiales","status":"publish","type":"post","link":"https:\/\/edublog.educastur.es\/ixuxu\/2025\/10\/lasturianu-escluyiu-na-refundacion-de-la-oficina-de-las-lenguas-oficiales\/","title":{"rendered":"L\u2019asturianu, escluy\u00edu na refundaci\u00f3n de la \u2018Oficina de las lenguas oficiales\u2019"},"content":{"rendered":"<div class=\"td-full-screen-header-image-wrap\">\n<div class=\"td-container td-post-header\">\n<div class=\"td-post-header-holder\">\n<header class=\"td-post-title\">\n<p class=\"td-post-sub-title\"><strong>Iniciativa pol Asturianu<\/strong><a href=\"https:\/\/iniciativapolasturianu.org\/lasturianu-escluyiu-na-refundacion-de-la-oficina-de-las-lenguas-oficiales\/\"> llamenta l\u2019ausencia del idioma nesti ente, nel que se preve\u00eda la presencia de lling\u00fces oficiales y<\/a> protex\u00edes.<\/p>\n<\/header>\n<\/div>\n<\/div>\n<\/div>\n<div class=\"td-container\">\n<div class=\"td-pb-row\">\n<div class=\"td-pb-span8 td-main-content\" role=\"main\">\n<div class=\"td-ss-main-content\">\n<div class=\"clearfix\"><\/div>\n<div class=\"td-post-sharing-top\">\n<div id=\"td_social_sharing_article_top\" class=\"td-post-sharing td-ps-bg td-ps-notext td-post-sharing-style1 \">\n<div class=\"td-post-sharing-visible\">\n<div class=\"td-social-but-icon\" style=\"text-align: center\"><a href=\"https:\/\/iniciativapolasturianu.org\/wp-content\/uploads\/2025\/10\/Palaciu-de-Villameyor-scaled.jpg\"><img loading=\"lazy\" decoding=\"async\" class=\"aligncenter size-large\" src=\"https:\/\/iniciativapolasturianu.org\/wp-content\/uploads\/2025\/10\/Palaciu-de-Villameyor-scaled.jpg\" width=\"2560\" height=\"1539\" \/><\/a><\/div>\n<div class=\"td-social-but-icon\"><\/div>\n<div class=\"td-social-but-icon\">Iniciativa pol Asturianu denuncia<strong> la esclusi\u00f3n de la llingua asturiana na nueva configuraci\u00f3n de la Oficina de las Lling\u00fces Oficiales y del Consejo de las Lenguas Oficiales y la Oficina para las Lenguas Oficiales<\/strong>. Esti mu\u00e9rganu, que \u00f1aci\u00f3 nel a\u00f1u 2008 y qu\u2019agora ye refund\u00e1u\u00a0 pol Ministeriu de Pol\u00edtica Territorial y Memoria Democr\u00e1tica, pretende faer seguimientu y anal\u00eds de les mid\u00edes y pol\u00edtiques p\u00fabliques en materia de lling\u00fces oficiales.<\/div>\n<\/div>\n<\/div>\n<\/div>\n<div class=\"td-post-content\">\n<p><!--more--><\/p>\n<p>El Real Decretu 798\/2025, de 9 de setiembre, recueye que nesti mu\u00e9rganu van incluy\u00edse como miembros de plenu drechu, con voz y votu, a les persones representantes de les comunidaes aut\u00f3nomes con lling\u00fces oficiales, escaeciendo a les comunidaes que cuntando con llingua propia nun tienen el rangu d\u2019oficiales.<\/p>\n<p>En concretu, el Real Decretu, afita la presencia de les Comunidaes Aut\u00f3nomes del Pa\u00eds Vascu, Catalu\u00f1a, Galicia, Comunid\u00e1 Foral de Navarra, Comunid\u00e1 Valenciana y les Isles Baleares; quedando fuera territorios con lling\u00fca propia como Asturies, Castiella y Lli\u00f3n y Arag\u00f3n.<\/p>\n<p>La organizaci\u00f3n de reivindicaci\u00f3n lling\u00fc\u00edstica llamenta qu\u2019a pesar de cuntar con un compromisu pa que l\u2019asturianu tuviera presente nel ente, a la final \u00fanicamente tean presentes \u00fanicamente les lling\u00fces declaraes oficiales. Nesi sen, l\u2019asociaci\u00f3n denuncia una discriminaci\u00f3n p\u2019Asturies nun mu\u00e9rganu que tien que velar polos drechos lling\u00fc\u00edsticos de la ciudadan\u00eda, independientemente de la catergor\u00eda d\u2019oficialid\u00e1 de los idiomes.<\/p>\n<p>Iniciativa pol Asturiarnu recuerda qu\u2019anque la llingua asturiana ent\u00e1 nun seya oficial ta reconoc\u00eda nel Estatutu d\u2019Autonom\u00eda del Princip\u00e1u d\u2019Asturies y la propia Constituci\u00f3n Espa\u00f1ola, nel so art\u00edculu 3, reconoz que la riqueza de les distintes modalidaes lling\u00fc\u00edstiques d\u2019Espa\u00f1a ye un patrimoniu cultural que ser\u00e1 oxetu d\u2019especial respetu y protecci\u00f3n.<\/p>\n<p>La presidenta d\u2019Iniciativa pol Asturianu, Arantza Margolles, prop\u00f3n al Gobiernu del Princip\u00e1u d\u2019Asturies una comunicaci\u00f3n urxente col Ministeriu de Pol\u00edtica Territorial y Memoria Democr\u00e1tica p\u2019asegurar la presencia d\u2019Asturies nel mu\u00e9rganu. Margolles record\u00f3 que \u201cuna vegada m\u00e1s, el fechu de nun contar cola declaraci\u00f3n d\u2019oficialid\u00e1 pal asturianu y pal eonaviego convi\u00e9rtenos nuna comunid\u00e1 aut\u00f3noma de segunda, a pesar de cuntar con protecci\u00f3n pal idioma nel Estautu d\u2019Autonom\u00eda. Asturies vuelve a quedar relegada nun mu\u00e9rganu tan interesante pa la defensa de los drechos\u00a0 lling\u00fc\u00edsticos\u201d.<\/p>\n<p>\u201cLa falta d\u2019oficialid\u00e1 nun puede llevar arreyada un arrequexamientu constante de los intereses d\u2019Asturies. Reclamamos una postura firme y contundente del Gobiernu auton\u00f3micu que garantice la presencia asturiana nel nuevu ente lling\u00fc\u00edsticu\u201d remat\u00f3 Arantza Margolles.<\/p>\n<\/div>\n<\/div>\n<\/div>\n<\/div>\n<\/div>\n<p>&nbsp;<\/p>\n","protected":false},"excerpt":{"rendered":"<p>Iniciativa pol Asturianu llamenta l\u2019ausencia del idioma nesti ente, nel que se preve\u00eda la presencia de lling\u00fces oficiales y protex\u00edes. Iniciativa pol Asturianu denuncia la esclusi\u00f3n de la llingua asturiana na nueva configuraci\u00f3n de la Oficina de las Lling\u00fces Oficiales y del Consejo de las Lenguas Oficiales y la Oficina para las Lenguas Oficiales. Esti [&hellip;]<\/p>\n","protected":false},"author":117,"featured_media":0,"comment_status":"closed","ping_status":"open","sticky":false,"template":"","format":"standard","meta":{"footnotes":""},"categories":[44,47],"tags":[],"class_list":["post-59824","post","type-post","status-publish","format-standard","hentry","category-asturianu","category-iniciativa-pol-asturianu"],"_links":{"self":[{"href":"https:\/\/edublog.educastur.es\/ixuxu\/wp-json\/wp\/v2\/posts\/59824","targetHints":{"allow":["GET"]}}],"collection":[{"href":"https:\/\/edublog.educastur.es\/ixuxu\/wp-json\/wp\/v2\/posts"}],"about":[{"href":"https:\/\/edublog.educastur.es\/ixuxu\/wp-json\/wp\/v2\/types\/post"}],"author":[{"embeddable":true,"href":"https:\/\/edublog.educastur.es\/ixuxu\/wp-json\/wp\/v2\/users\/117"}],"replies":[{"embeddable":true,"href":"https:\/\/edublog.educastur.es\/ixuxu\/wp-json\/wp\/v2\/comments?post=59824"}],"version-history":[{"count":1,"href":"https:\/\/edublog.educastur.es\/ixuxu\/wp-json\/wp\/v2\/posts\/59824\/revisions"}],"predecessor-version":[{"id":59825,"href":"https:\/\/edublog.educastur.es\/ixuxu\/wp-json\/wp\/v2\/posts\/59824\/revisions\/59825"}],"wp:attachment":[{"href":"https:\/\/edublog.educastur.es\/ixuxu\/wp-json\/wp\/v2\/media?parent=59824"}],"wp:term":[{"taxonomy":"category","embeddable":true,"href":"https:\/\/edublog.educastur.es\/ixuxu\/wp-json\/wp\/v2\/categories?post=59824"},{"taxonomy":"post_tag","embeddable":true,"href":"https:\/\/edublog.educastur.es\/ixuxu\/wp-json\/wp\/v2\/tags?post=59824"}],"curies":[{"name":"wp","href":"https:\/\/api.w.org\/{rel}","templated":true}]}}