{"id":59831,"date":"2025-10-13T13:44:35","date_gmt":"2025-10-13T11:44:35","guid":{"rendered":"https:\/\/edublog.educastur.es\/ixuxu\/?p=59831"},"modified":"2025-10-14T13:48:53","modified_gmt":"2025-10-14T11:48:53","slug":"59831","status":"publish","type":"post","link":"https:\/\/edublog.educastur.es\/ixuxu\/2025\/10\/59831\/","title":{"rendered":"Firma d&#8217;un alcuerdu de paz hist\u00f3ricu ente Israel y Palestina"},"content":{"rendered":"<p>Dempu\u00e9s de m\u00e1s de dos a\u00f1os d&#8217;enfrentamientos, Donald Trump interpunxo mientres la ma\u00f1ana d&#8217;esti llunes el fin de la guerra ente Israel y Palestina.<\/p>\n<p style=\"text-align: center\"><a href=\"https:\/\/imgs.search.brave.com\/HaRXNkcCpEK2bYLOQjfNbGkiYh_4QBLFDs34gZaS1bg\/rs:fit:860:0:0:0\/g:ce\/aHR0cHM6Ly9pbWFn\/ZW5lcy4yMG1pbnV0\/b3MuZXMvZmlsZXMv\/aW1hZ2VfNjQwXzM2\/MC91cGxvYWRzL2lt\/YWdlbmVzLzIwMjUv\/MTAvMTMvNjhlZDJk\/ZmE4OTZjZC5qcGVn\"><img loading=\"lazy\" decoding=\"async\" class=\"aligncenter size-large\" src=\"https:\/\/imgs.search.brave.com\/HaRXNkcCpEK2bYLOQjfNbGkiYh_4QBLFDs34gZaS1bg\/rs:fit:860:0:0:0\/g:ce\/aHR0cHM6Ly9pbWFn\/ZW5lcy4yMG1pbnV0\/b3MuZXMvZmlsZXMv\/aW1hZ2VfNjQwXzM2\/MC91cGxvYWRzL2lt\/YWdlbmVzLzIwMjUv\/MTAvMTMvNjhlZDJk\/ZmE4OTZjZC5qcGVn\" width=\"640\" height=\"360\" \/><\/a><\/p>\n<p><!--more--><br \/>\nHam\u00e1s apurri\u00f3 a la Cruz Roja Internacional a los \u00faltimos venti rehenes israelinos con vida, secuestraos dende l&#8217;ataque del 7 d&#8217;ochobre de 2023. <strong>El fechu marc\u00f3 l&#8217;entamu del altu al fueu definitivo y la firma d&#8217;un alcuerdu de paz hist\u00f3ricu<\/strong>, medi\u00e1u per Estaos Xun\u00edos, Exiptu, Qatar y Arabia Saudita. A camb\u00e9u, Israel lliber\u00f3 abargana de 2.000 prisioneros palestinos, ente ellos 250 condergaos per terrorismu.<\/p>\n<p>El pactu forma parte del plan impuls\u00e1u pol presidente estadounidense, quien viax\u00f3 a Jerusal\u00e9n pa participar na recepci\u00f3n de los rehenes y pronunciar un discursu \u00e9nte la Kn\u00e9set.<\/p>\n<p style=\"text-align: center\"><a href=\"https:\/\/imgs.search.brave.com\/B1N_1cfxWPGEUwRw_wkbz6gmOYr7SG8p-LBeUUk5mSo\/rs:fit:860:0:0:0\/g:ce\/aHR0cDovL25vdGlj\/aWFzLmltZXIubXgv\/d3AtY29udGVudC91\/cGxvYWRzLzIwMjUv\/MTAvQ3VtYnJlLWRl\/LVBhei1jZWxlYnJh\/ZGEtZW4tRWdpcHRv\/LTIwMjUtVHJ1bXAt\/ZmlybWEtYWN1ZXJk\/by5qcGc\"><img loading=\"lazy\" decoding=\"async\" class=\"aligncenter size-large\" src=\"https:\/\/imgs.search.brave.com\/B1N_1cfxWPGEUwRw_wkbz6gmOYr7SG8p-LBeUUk5mSo\/rs:fit:860:0:0:0\/g:ce\/aHR0cDovL25vdGlj\/aWFzLmltZXIubXgv\/d3AtY29udGVudC91\/cGxvYWRzLzIwMjUv\/MTAvQ3VtYnJlLWRl\/LVBhei1jZWxlYnJh\/ZGEtZW4tRWdpcHRv\/LTIwMjUtVHJ1bXAt\/ZmlybWEtYWN1ZXJk\/by5qcGc\" width=\"800\" height=\"600\" \/><\/a><\/p>\n<p><em>\u201cG\u00fcei termina una yera de terror y empieza una nueva yera de fe y esperanza en Mediu Oriente\u201d<\/em>, declar\u00f3 Trump \u00e9nte&#8217;l Parlamentu israel\u00edn.<\/p>\n","protected":false},"excerpt":{"rendered":"<p>Dempu\u00e9s de m\u00e1s de dos a\u00f1os d&#8217;enfrentamientos, Donald Trump interpunxo mientres la ma\u00f1ana d&#8217;esti llunes el fin de la guerra ente Israel y Palestina.<\/p>\n","protected":false},"author":117,"featured_media":0,"comment_status":"closed","ping_status":"open","sticky":false,"template":"","format":"standard","meta":{"footnotes":""},"categories":[1],"tags":[],"class_list":["post-59831","post","type-post","status-publish","format-standard","hentry","category-sin-categoria"],"_links":{"self":[{"href":"https:\/\/edublog.educastur.es\/ixuxu\/wp-json\/wp\/v2\/posts\/59831","targetHints":{"allow":["GET"]}}],"collection":[{"href":"https:\/\/edublog.educastur.es\/ixuxu\/wp-json\/wp\/v2\/posts"}],"about":[{"href":"https:\/\/edublog.educastur.es\/ixuxu\/wp-json\/wp\/v2\/types\/post"}],"author":[{"embeddable":true,"href":"https:\/\/edublog.educastur.es\/ixuxu\/wp-json\/wp\/v2\/users\/117"}],"replies":[{"embeddable":true,"href":"https:\/\/edublog.educastur.es\/ixuxu\/wp-json\/wp\/v2\/comments?post=59831"}],"version-history":[{"count":5,"href":"https:\/\/edublog.educastur.es\/ixuxu\/wp-json\/wp\/v2\/posts\/59831\/revisions"}],"predecessor-version":[{"id":59836,"href":"https:\/\/edublog.educastur.es\/ixuxu\/wp-json\/wp\/v2\/posts\/59831\/revisions\/59836"}],"wp:attachment":[{"href":"https:\/\/edublog.educastur.es\/ixuxu\/wp-json\/wp\/v2\/media?parent=59831"}],"wp:term":[{"taxonomy":"category","embeddable":true,"href":"https:\/\/edublog.educastur.es\/ixuxu\/wp-json\/wp\/v2\/categories?post=59831"},{"taxonomy":"post_tag","embeddable":true,"href":"https:\/\/edublog.educastur.es\/ixuxu\/wp-json\/wp\/v2\/tags?post=59831"}],"curies":[{"name":"wp","href":"https:\/\/api.w.org\/{rel}","templated":true}]}}