{"id":59838,"date":"2025-10-17T13:52:08","date_gmt":"2025-10-17T11:52:08","guid":{"rendered":"https:\/\/edublog.educastur.es\/ixuxu\/?p=59838"},"modified":"2025-10-14T13:54:54","modified_gmt":"2025-10-14T11:54:54","slug":"x-alcuentru-folkayer-del-17-al-19-dochobre","status":"publish","type":"post","link":"https:\/\/edublog.educastur.es\/ixuxu\/2025\/10\/x-alcuentru-folkayer-del-17-al-19-dochobre\/","title":{"rendered":"X Alcuentru FolkAyer: del 17 al 19 d\u2019ochobre"},"content":{"rendered":"<p>De vienres tarde a domingu vamos tar con tolos nuestros productos nel mercau del <span class=\"html-span xdj266r x14z9mp xat24cr x1lziwak xexx8yu xyri2b x18d9i69 x1c1uobl x1hl2dhg x16tdsg8 x1vvkbs\"><a class=\"x1i10hfl xjbqb8w x1ejq31n x18oe1m7 x1sy0etr xstzfhl x972fbf x10w94by x1qhh985 x14e42zd x9f619 x1ypdohk xt0psk2 x3ct3a4 xdj266r x14z9mp xat24cr x1lziwak xexx8yu xyri2b x18d9i69 x1c1uobl x16tdsg8 x1hl2dhg xggy1nq x1a2a7pz xkrqix3 x1sur9pj x1fey0fg x1s688f\" role=\"link\" href=\"https:\/\/www.facebook.com\/FolkAyer?__cft__[0]=AZWf18z0koVMetudlci0_pIEpjp87RMZ9xxRCK-qzV1hp7Turm_Go7pmN6fVrxgF057AScsCsZXePmgl5R1Ps-eNN-RZYMdZ7s9cv8e-awuHtlSSMe8GU2u1EoZ3N5yEzwnzHa43soPm5VenqVUulMJAYTc9gxDEJ0euSA9ZSh0K4GW5--awMfrizvxabCPdBwjIyfTtcvMYnVNel3ziB_wE&amp;__tn__=-]K-y-R\"><span class=\"xt0psk2\"><span class=\"xjp7ctv\">FolkAyer \u00b7 Alcuentru Folcl\u00f3ricu n&#8217;Ayer<\/span><\/span><\/a><\/span>, nun dexes de pasar pa conocelos.<\/p>\n<p style=\"text-align: center\">\n<!-- iframe plugin v.6.0 wordpress.org\/plugins\/iframe\/ -->\n<iframe loading=\"lazy\" src=\"https:\/\/www.facebook.com\/plugins\/post.php?href=https%3A%2F%2Fwww.facebook.com%2FFolkAyer%2Fposts%2Fpfbid02hvZiA9JKfHi71AqYsLbWfPa1mWTpqBRaJHEdqAE79HEHNQ6YvmDWrv3DtX2bSD5El&#038;show_text=false&#038;width=500\" width=\"500\" height=\"498\" style=\"border:none;overflow:hidden\" scrolling=\"no\" frameborder=\"0\" allowfullscreen=\"true\" allow=\"autoplay; clipboard-write; encrypted-media; picture-in-picture; web-share\" 0=\"\/iframe\" class=\"iframe-class\"><\/iframe>\n<\/p>\n<div class=\"xdj266r x14z9mp xat24cr x1lziwak x1vvkbs x126k92a\">\n<div dir=\"auto\">LLEG\u00d3 LA HORA. Paez que foi fai nada cuando fa\u00edamos la nuesa primer edici\u00f3n, pero d\u2019un momentu pa otru pasaron per delantre, nin m\u00e1s nin menos que, 10 CACHU D\u2019EDICIONES. Y esto nun aportara a posible ensin v\u00f3s, nun podemos tar m\u00e1s estimosos. Equ\u00ed present\u00e1mosvos les nueses feches d\u2019esta <strong>X EDICI\u00d3N: 17, 18 y 19 d\u2019ochobre<\/strong>\u2022 Morea, Ayer, Asturies.<\/div>\n<div dir=\"auto\"><!--more--><\/div>\n<div dir=\"auto\"><\/div>\n<div dir=\"auto\" style=\"text-align: center\">\n<!-- iframe plugin v.6.0 wordpress.org\/plugins\/iframe\/ -->\n<iframe loading=\"lazy\" src=\"https:\/\/www.facebook.com\/plugins\/post.php?href=https%3A%2F%2Fwww.facebook.com%2Facutoediciones%2Fposts%2Fpfbid0215grJqhnZLQp6aEECK1FNPNbqWaL3fRZSKzDHaE9pJdJKKnqLCf81B9LGsharKvul&#038;show_text=false&#038;width=500\" width=\"500\" height=\"497\" style=\"border:none;overflow:hidden\" scrolling=\"no\" frameborder=\"0\" allowfullscreen=\"true\" allow=\"autoplay; clipboard-write; encrypted-media; picture-in-picture; web-share\" 0=\"\/iframe\" class=\"iframe-class\"><\/iframe>\n<\/div>\n<\/div>\n<p>&nbsp;<\/p>\n","protected":false},"excerpt":{"rendered":"<p>De vienres tarde a domingu vamos tar con tolos nuestros productos nel mercau del FolkAyer \u00b7 Alcuentru Folcl\u00f3ricu n&#8217;Ayer, nun dexes de pasar pa conocelos. LLEG\u00d3 LA HORA. Paez que foi fai nada cuando fa\u00edamos la nuesa primer edici\u00f3n, pero d\u2019un momentu pa otru pasaron per delantre, nin m\u00e1s nin menos que, 10 CACHU D\u2019EDICIONES. [&hellip;]<\/p>\n","protected":false},"author":117,"featured_media":0,"comment_status":"closed","ping_status":"open","sticky":false,"template":"","format":"standard","meta":{"footnotes":""},"categories":[169,283],"tags":[],"class_list":["post-59838","post","type-post","status-publish","format-standard","hentry","category-alcuentru","category-folclore"],"_links":{"self":[{"href":"https:\/\/edublog.educastur.es\/ixuxu\/wp-json\/wp\/v2\/posts\/59838","targetHints":{"allow":["GET"]}}],"collection":[{"href":"https:\/\/edublog.educastur.es\/ixuxu\/wp-json\/wp\/v2\/posts"}],"about":[{"href":"https:\/\/edublog.educastur.es\/ixuxu\/wp-json\/wp\/v2\/types\/post"}],"author":[{"embeddable":true,"href":"https:\/\/edublog.educastur.es\/ixuxu\/wp-json\/wp\/v2\/users\/117"}],"replies":[{"embeddable":true,"href":"https:\/\/edublog.educastur.es\/ixuxu\/wp-json\/wp\/v2\/comments?post=59838"}],"version-history":[{"count":2,"href":"https:\/\/edublog.educastur.es\/ixuxu\/wp-json\/wp\/v2\/posts\/59838\/revisions"}],"predecessor-version":[{"id":59840,"href":"https:\/\/edublog.educastur.es\/ixuxu\/wp-json\/wp\/v2\/posts\/59838\/revisions\/59840"}],"wp:attachment":[{"href":"https:\/\/edublog.educastur.es\/ixuxu\/wp-json\/wp\/v2\/media?parent=59838"}],"wp:term":[{"taxonomy":"category","embeddable":true,"href":"https:\/\/edublog.educastur.es\/ixuxu\/wp-json\/wp\/v2\/categories?post=59838"},{"taxonomy":"post_tag","embeddable":true,"href":"https:\/\/edublog.educastur.es\/ixuxu\/wp-json\/wp\/v2\/tags?post=59838"}],"curies":[{"name":"wp","href":"https:\/\/api.w.org\/{rel}","templated":true}]}}