{"id":59842,"date":"2025-10-15T08:30:25","date_gmt":"2025-10-15T06:30:25","guid":{"rendered":"https:\/\/edublog.educastur.es\/ixuxu\/?p=59842"},"modified":"2025-10-15T09:30:15","modified_gmt":"2025-10-15T07:30:15","slug":"el-tiempu-el-comercio-162","status":"publish","type":"post","link":"https:\/\/edublog.educastur.es\/ixuxu\/2025\/10\/el-tiempu-el-comercio-162\/","title":{"rendered":"El tiempu (El Comercio)"},"content":{"rendered":"<p style=\"text-align: center\"><a href=\"https:\/\/s3.ppllstatics.com\/elcomercio\/www\/multimedia\/2025\/10\/14\/prevision-tiempo-asturias-k2pE-U2302588077118HVD-1200x870@El%20Comercio.jpg\"><img loading=\"lazy\" decoding=\"async\" class=\"aligncenter size-large\" src=\"https:\/\/s3.ppllstatics.com\/elcomercio\/www\/multimedia\/2025\/10\/14\/prevision-tiempo-asturias-k2pE-U2302588077118HVD-1200x870@El%20Comercio.jpg\" width=\"1200\" height=\"870\" \/><\/a><\/p>\n<p>Les altes presiones, de les que llevamos falando estos \u00faltimos d\u00edes, siguen afect\u00e1ndonos de llenu y, por ese motivu, siguimos con unes condiciones meteorol\u00f3xiques estables nel Princip\u00e1u d&#8217;Asturies. <strong>Vamos amanecer<\/strong> con gurrianes na mari\u00f1a y munchos otros puntos de la met\u00e1 norte asturiana, y con cielos m\u00e1s llimpios escontra&#8217;l sur de la rex\u00f3n. Estes gurrianes van estrenase a partir del mediud\u00eda anque, aquel d\u00eda, van apaecer nubes de tipu altu que podr\u00eden dexar atapec\u00edu&#8217;l cielu. <strong>Nel tramu final de la tarde<\/strong> ye bien probable que les nubes baxes vuelvan apaecer pola mari\u00f1a y #enfusar escontra l&#8217;interior. La probabilid\u00e1 de precipitaciones va ser nula.<strong> Los vientos<\/strong> van soplar de componente este con raches moderaes na mari\u00f1a, ente que nel interior van ser fluexos. <strong>Les temperatures m\u00e1ximes<\/strong> apenes van variar, xubiendo nam\u00e1 bien poco nel suroccidente.<\/p>\n<p><!--more--><\/p>\n<p><strong>Va ser a lo llargo del tramu final de la selmana<\/strong> cuando l&#8217;anticicl\u00f3n se vaya retirando escontra&#8217;l continente europ\u00e9u y dexe paso a una umbada atl\u00e1ntica que s&#8217;atopa angua\u00f1o estacionaria y que, bien probablemente, afectar\u00e1 mientres la pr\u00f3xima selmana.<\/p>\n<p>&nbsp;<\/p>\n<p>El xueves, al igual que&#8217;l vienres, esperamos xunas previsiones bien similares.<\/p>\n","protected":false},"excerpt":{"rendered":"<p>Les altes presiones, de les que llevamos falando estos \u00faltimos d\u00edes, siguen afect\u00e1ndonos de llenu y, por ese motivu, siguimos con unes condiciones meteorol\u00f3xiques estables nel Princip\u00e1u d&#8217;Asturies. Vamos amanecer con gurrianes na mari\u00f1a y munchos otros puntos de la met\u00e1 norte asturiana, y con cielos m\u00e1s llimpios escontra&#8217;l sur de la rex\u00f3n. Estes gurrianes [&hellip;]<\/p>\n","protected":false},"author":117,"featured_media":0,"comment_status":"closed","ping_status":"open","sticky":false,"template":"","format":"standard","meta":{"footnotes":""},"categories":[5],"tags":[],"class_list":["post-59842","post","type-post","status-publish","format-standard","hentry","category-tiempu"],"_links":{"self":[{"href":"https:\/\/edublog.educastur.es\/ixuxu\/wp-json\/wp\/v2\/posts\/59842","targetHints":{"allow":["GET"]}}],"collection":[{"href":"https:\/\/edublog.educastur.es\/ixuxu\/wp-json\/wp\/v2\/posts"}],"about":[{"href":"https:\/\/edublog.educastur.es\/ixuxu\/wp-json\/wp\/v2\/types\/post"}],"author":[{"embeddable":true,"href":"https:\/\/edublog.educastur.es\/ixuxu\/wp-json\/wp\/v2\/users\/117"}],"replies":[{"embeddable":true,"href":"https:\/\/edublog.educastur.es\/ixuxu\/wp-json\/wp\/v2\/comments?post=59842"}],"version-history":[{"count":1,"href":"https:\/\/edublog.educastur.es\/ixuxu\/wp-json\/wp\/v2\/posts\/59842\/revisions"}],"predecessor-version":[{"id":59843,"href":"https:\/\/edublog.educastur.es\/ixuxu\/wp-json\/wp\/v2\/posts\/59842\/revisions\/59843"}],"wp:attachment":[{"href":"https:\/\/edublog.educastur.es\/ixuxu\/wp-json\/wp\/v2\/media?parent=59842"}],"wp:term":[{"taxonomy":"category","embeddable":true,"href":"https:\/\/edublog.educastur.es\/ixuxu\/wp-json\/wp\/v2\/categories?post=59842"},{"taxonomy":"post_tag","embeddable":true,"href":"https:\/\/edublog.educastur.es\/ixuxu\/wp-json\/wp\/v2\/tags?post=59842"}],"curies":[{"name":"wp","href":"https:\/\/api.w.org\/{rel}","templated":true}]}}