{"id":59863,"date":"2025-10-15T12:13:15","date_gmt":"2025-10-15T10:13:15","guid":{"rendered":"https:\/\/edublog.educastur.es\/ixuxu\/?p=59863"},"modified":"2025-10-15T12:13:15","modified_gmt":"2025-10-15T10:13:15","slug":"un-museu-flotante-de-visita-per-aviles","status":"publish","type":"post","link":"https:\/\/edublog.educastur.es\/ixuxu\/2025\/10\/un-museu-flotante-de-visita-per-aviles\/","title":{"rendered":"Un mus\u00e9u flotante de visita per Avil\u00e9s"},"content":{"rendered":"<p>Un mus\u00e9u flotante de visita per Avil\u00e9s: la Nao Victoria va atracar esti domingu xuntu al Centru Niemeyer. La minuciosa recreaci\u00f3n del nav\u00edo que derrompi\u00f3 los mares fai 500 a\u00f1os va abrir les sos puertes del 12 al 19 d&#8217;ochobre tres una xira europea de seis meses. <a href=\"https:\/\/www.lne.es\/aviles\/2025\/10\/11\/museo-flotante-visita-aviles-nao-122510805.html?utm_campaign=mrf-facebook-lneaviles&amp;mrfcid=2025101168e794e99fbd985ea5656b67\">LNE<\/a><\/p>\n<p style=\"text-align: center\"><a href=\"https:\/\/estaticos-cdn.prensaiberica.es\/clip\/9c286619-7a30-4b83-96aa-0ca1f9dd9ece_16-9-discover-aspect-ratio_default_0.webp\"><img loading=\"lazy\" decoding=\"async\" class=\"aligncenter size-large\" src=\"https:\/\/estaticos-cdn.prensaiberica.es\/clip\/9c286619-7a30-4b83-96aa-0ca1f9dd9ece_16-9-discover-aspect-ratio_default_0.webp\" width=\"1200\" height=\"675\" \/><\/a><\/p>\n<p>&nbsp;<\/p>\n<p><!--more--><\/p>\n<p>La minuciosa recreaci\u00f3n del nav\u00edo que derrompi\u00f3 los mares fai 500 a\u00f1os va abrir les sos puertes del 12 al 19 d&#8217;ochobre tres una xira europea de seis meses. La Nao Victoria, mientres unu de los sos trayectos.<br \/>\nLa Nao Victoria, mientres unu de los sos trayectos. \/ Fundaci\u00f3n Nao Victoria<\/p>\n<p>Una obra maestra de la carpinter\u00eda de ribera y un impresionante mus\u00e9u flotante. Asina podr\u00eda definise a la Nao Victoria, la recreaci\u00f3n del hest\u00f3ricu nav\u00edo espa\u00f1ol que ma\u00f1ana d\u00eda 12 va atracar na r\u00eda d&#8217;Avil\u00e9s, al pie de les instalaciones del Centru Niemeyer, onde va permanecer hasta&#8217;l 19 d&#8217;ochobre. La villa va ser la primer parada n&#8217;Espa\u00f1a tres una xira europea de seis meses na que&#8217;l buque pas\u00f3 por una trentena de puertos brit\u00e1nicos, franceses, alemanes y neerlandeses.<\/p>\n<p>L&#8217;espectacular nav\u00edo ta construy\u00edu con un minuciosu rigor hist\u00f3rico con madera de carbayu y pinu, calteniendo asina la mayor fidelid\u00e1 posible al buque orixinal que derrompi\u00f3 los mares va cinco sieglos. Angua\u00f1o, la recreaci\u00f3n salea realizando grandes xires internacionales como mus\u00e9u flotante y como embaxador de la ingente llabor de los marinos espa\u00f1oles.<\/p>\n<p>La Nao Victoria llev\u00f3 a cabu grandes periodos de sal\u00e9u polos cinco oc\u00e9anos. Ente 2004 y 2006 complet\u00f3 la so propia vuelta al mundu, percorriendo m\u00e1s de 26.000 milles n\u00e1utiques (casi 42.000 kil\u00f3metros, aprosimao la distancia que supon percorrer la Tierra pol ecuador). Nel so periplu, la embarcaci\u00f3n fixo escala nuna ventena de pa\u00edses, ente los que taben Colombia, Panam\u00e1, Xap\u00f3n, Singapur o Hong Kong.<\/p>\n<p>A ello, el nav\u00edo espa\u00f1ol sum\u00f3 incontables xires culturales que lu llevaron a salear hasta cientos de puertos estadounidenses y europeos.<\/p>\n<p>El p\u00fablicu aviles\u00edn y asturianu, seg\u00fan visitantes de la zona, van poder visitar el nav\u00edo, percorrer les sos cubiertes y conocer la estelante aventura que protagoniz\u00f3 hasta llograr circunnavegar el planeta. Am\u00e1s, los visitantes del *nav\u00edo van poder enfusase na so bodega y conocer les vivencies de la nueva tripulaci\u00f3n qu&#8217;a d\u00eda de g\u00fcei sigue saleando pelos mares de too el planeta.<\/p>\n<p>Pa poder triar la cubierta y afayar los rellabicos del nav\u00edo, los comenenciudos pueden acutar y\u00e1 les sos entraes na p\u00e1xina web de Fundaci\u00f3n Nao Victoria. Tami\u00e9n podr\u00e1n adquirise na mesma embarcaci\u00f3n. Les visites, ente&#8217;l domingu 12 y el domingu 19 d&#8217;ochobre van poder realizase de 10.00 a 19.30 hores.<\/p>\n<p>Los precios van dir dende los 6 euros pa los adultos; 3 euros pa ne\u00f1os de 5 a 10 a\u00f1os; y 15 euros pa families con dos adultos y hasta tr\u00e9s ne\u00f1os de 5 a 10 a\u00f1os. Los menores de 5 a\u00f1os van poder aportar de baldre acompa\u00f1aos por adultos. Tami\u00e9n podr\u00e1n realizase visites empuestes y asociaciones por precios de 3 euros pa ne\u00f1os y 6 euros p&#8217;adultos (xuna persona responsable entra de baldre por cada 20 persones. Estes visites pueden acutase nel corr\u00e9u electr\u00f3nicu ecampos@fundacionnaovictoria.org o al travi\u00e9s del tel\u00e9fonu 954090956.<\/p>\n","protected":false},"excerpt":{"rendered":"<p>Un mus\u00e9u flotante de visita per Avil\u00e9s: la Nao Victoria va atracar esti domingu xuntu al Centru Niemeyer. La minuciosa recreaci\u00f3n del nav\u00edo que derrompi\u00f3 los mares fai 500 a\u00f1os va abrir les sos puertes del 12 al 19 d&#8217;ochobre tres una xira europea de seis meses. LNE &nbsp;<\/p>\n","protected":false},"author":117,"featured_media":0,"comment_status":"closed","ping_status":"open","sticky":false,"template":"","format":"standard","meta":{"footnotes":""},"categories":[1],"tags":[],"class_list":["post-59863","post","type-post","status-publish","format-standard","hentry","category-sin-categoria"],"_links":{"self":[{"href":"https:\/\/edublog.educastur.es\/ixuxu\/wp-json\/wp\/v2\/posts\/59863","targetHints":{"allow":["GET"]}}],"collection":[{"href":"https:\/\/edublog.educastur.es\/ixuxu\/wp-json\/wp\/v2\/posts"}],"about":[{"href":"https:\/\/edublog.educastur.es\/ixuxu\/wp-json\/wp\/v2\/types\/post"}],"author":[{"embeddable":true,"href":"https:\/\/edublog.educastur.es\/ixuxu\/wp-json\/wp\/v2\/users\/117"}],"replies":[{"embeddable":true,"href":"https:\/\/edublog.educastur.es\/ixuxu\/wp-json\/wp\/v2\/comments?post=59863"}],"version-history":[{"count":1,"href":"https:\/\/edublog.educastur.es\/ixuxu\/wp-json\/wp\/v2\/posts\/59863\/revisions"}],"predecessor-version":[{"id":59864,"href":"https:\/\/edublog.educastur.es\/ixuxu\/wp-json\/wp\/v2\/posts\/59863\/revisions\/59864"}],"wp:attachment":[{"href":"https:\/\/edublog.educastur.es\/ixuxu\/wp-json\/wp\/v2\/media?parent=59863"}],"wp:term":[{"taxonomy":"category","embeddable":true,"href":"https:\/\/edublog.educastur.es\/ixuxu\/wp-json\/wp\/v2\/categories?post=59863"},{"taxonomy":"post_tag","embeddable":true,"href":"https:\/\/edublog.educastur.es\/ixuxu\/wp-json\/wp\/v2\/tags?post=59863"}],"curies":[{"name":"wp","href":"https:\/\/api.w.org\/{rel}","templated":true}]}}