{"id":59867,"date":"2025-10-15T09:00:49","date_gmt":"2025-10-15T07:00:49","guid":{"rendered":"https:\/\/edublog.educastur.es\/ixuxu\/?p=59867"},"modified":"2025-10-17T10:09:20","modified_gmt":"2025-10-17T08:09:20","slug":"59867","status":"publish","type":"post","link":"https:\/\/edublog.educastur.es\/ixuxu\/2025\/10\/59867\/","title":{"rendered":"D\u00eda Internacional de les Muyeres Rurales"},"content":{"rendered":"<p>Les <a class=\"x1i10hfl xjbqb8w x1ejq31n x18oe1m7 x1sy0etr xstzfhl x972fbf x10w94by x1qhh985 x14e42zd x9f619 x1ypdohk xt0psk2 x3ct3a4 xdj266r x14z9mp xat24cr x1lziwak xexx8yu xyri2b x18d9i69 x1c1uobl x16tdsg8 x1hl2dhg xggy1nq x1a2a7pz _aa9_ _a6hd\" role=\"link\" href=\"https:\/\/www.instagram.com\/explore\/tags\/mujeresrurales\/\">#MujeresRurales<\/a> \ud83d\udc69\u200d\ud83c\udf3e son guardianes de la tierra, impulsores del camb\u00e9u y motor del futuru de los nuesos pueblos. Nel <a class=\"x1i10hfl xjbqb8w x1ejq31n x18oe1m7 x1sy0etr xstzfhl x972fbf x10w94by x1qhh985 x14e42zd x9f619 x1ypdohk xt0psk2 x3ct3a4 xdj266r x14z9mp xat24cr x1lziwak xexx8yu xyri2b x18d9i69 x1c1uobl x16tdsg8 x1hl2dhg xggy1nq x1a2a7pz _aa9_ _a6hd\" role=\"link\" href=\"https:\/\/www.instagram.com\/explore\/tags\/d%C3%ADadelasmujeresrurales\/\">#D\u00edaDeLasMujeresRurales<\/a> reivindicamos el so lideralgu, la so capacid\u00e1 tresformadora y el so papel esencial na sostenibilid\u00e1 y la vida rural. <span style=\"color: #008080\"><strong>Les muyeres rurales representen el 25% de la poblaci\u00f3n mundial<\/strong> <\/span>y son pieza clave na producci\u00f3n d&#8217;alimentos y na econom\u00eda \ud83c\udf3eSicas\u00ed, solo&#8217;l 15% tien tierres agr\u00edcoles.<\/p>\n<p style=\"text-align: center\"><span class=\"x193iq5w xeuugli x13faqbe x1vvkbs xt0psk2 x1i0vuye xvs91rp xo1l8bm x5n08af x10wh9bi xpm28yp x8viiok x1o7cslx x126k92a\"><span class=\"html-span xexx8yu x4uap5 x18d9i69 xkhd6sd x1hl2dhg x16tdsg8 x1vvkbs x3nfvp2 x1j61x8r x1fcty0u xdj266r xat24cr xgzva0m xhhsvwb xxymvpz xlup9mm x1kky2od\">\n<!-- iframe plugin v.6.0 wordpress.org\/plugins\/iframe\/ -->\n<iframe loading=\"lazy\" src=\"https:\/\/www.instagram.com\/reel\/DP0o0wLj_L8\/embed\" width=\"500\" height=\"645\" 0=\"\/iframe\" scrolling=\"yes\" class=\"iframe-class\" frameborder=\"0\"><\/iframe>\n<\/span><\/span><\/p>\n<p style=\"text-align: center\"><a href=\"https:\/\/www.instagram.com\/fundacionbiodiversidad\/\">https:\/\/www.instagram.com\/fundacionbiodiversidad\/<\/a><\/p>\n<p><!--more--><\/p>\n<p style=\"text-align: center\">\n<!-- iframe plugin v.6.0 wordpress.org\/plugins\/iframe\/ -->\n<iframe loading=\"lazy\" src=\"https:\/\/www.facebook.com\/plugins\/post.php?href=https%3A%2F%2Fwww.facebook.com%2Fgesicap.sa%2Fposts%2Fpfbid02TCGmJyBMoY85eFmLMHG5peERhvtvbMHe1Gqf1EzGj3beZjhmemxSt62AL3HucqRl&#038;show_text=false&#038;width=500\" width=\"500\" height=\"498\" style=\"border:none;overflow:hidden\" scrolling=\"no\" frameborder=\"0\" allowfullscreen=\"true\" allow=\"autoplay; clipboard-write; encrypted-media; picture-in-picture; web-share\" 0=\"\/iframe\" class=\"iframe-class\"><\/iframe>\n<\/p>\n<p>Esti 15 d&#8217;ochobre celebramos la fuerza, el compromisu y la sabidur\u00eda de<strong> millones de muyeres que, dende los campos y comunidaes rurales, alimenten al mundu, caltienen tradiciones y constr\u00fain futuru.<\/strong><\/p>\n<p>Elles son el coraz\u00f3n del desenvolvimientu sostenible:<br \/>\n\ud83d\udcaa Trabayen la tierra.<br \/>\n\ud83c\udf31 Protexen el mediu ambiente.<br \/>\n\ud83d\udc69\u200d\ud83c\udfeb Tresmiten conocencia y valores a nueves xeneraciones.<\/p>\n<p style=\"text-align: center\">\n<!-- iframe plugin v.6.0 wordpress.org\/plugins\/iframe\/ -->\n<iframe loading=\"lazy\" src=\"https:\/\/www.facebook.com\/plugins\/post.php?href=https%3A%2F%2Fwww.facebook.com%2FAsturiasTurismoRural%2Fposts%2Fpfbid02tLiTGY8fF4HFbLvSNC1VMm5EHAe6ribWwsDmMhMHLhQ5PjcWy7r9y743JtQyc1LBl&#038;show_text=false&#038;width=500\" width=\"500\" height=\"498\" style=\"border:none;overflow:hidden\" scrolling=\"no\" frameborder=\"0\" allowfullscreen=\"true\" allow=\"autoplay; clipboard-write; encrypted-media; picture-in-picture; web-share\" 0=\"\/iframe\" class=\"iframe-class\"><\/iframe>\n<\/p>\n<p><em><span style=\"color: #008080\">G\u00fcei les muyeres rurales somos toles que vivimos o trabayamos nos n\u00facleos rurales, nin meyores, nin peores que les dem\u00e1s, solo estr\u00e9manos el paisaxe.<\/span><\/em><\/p>\n<p><em><span style=\"color: #008080\">Les muyeres llabradores a lo llargo de la hestoria demostraron qu&#8217;elles son les que constr\u00fain esa hestoria, ese pas\u00e1u, ese presente y ese futuru de vida.<\/span><\/em><\/p>\n<p><em><span style=\"color: #008080\">Muyeres fuertes, pa\u00f1adores d&#8217;alimentos que tresformen en pan, en vida.<\/span><\/em><\/p>\n<p><em><span style=\"color: #008080\">Siempres pens\u00e9 que les muyeres de campu yeren enfermeres, sic\u00f3logues, economistes, maestres, ames de casa, pero sobremanera son mages. S\u00ed, para mi, les muyeres rurales son mages, faen que los alimentos lleguen para toos, por m\u00e1s que se sienten a la mesa. Que siempres tengamos un platu caliente nos fr\u00edos iviernos norte\u00f1os, que la lle\u00f1a pueda convertise en fueu, y la far\u00edna en pan. \u00a1Son les mages de la casa! , soplen y sumen tu dolor.<\/span><\/em><\/p>\n<p><em><span style=\"color: #008080\">Trabayadores incansables fuera y dientro. Igual corten lle\u00f1a, qu&#8217;enciende&#8217;l fueu, que calecen les tos manos. Igual recueyen el trigu, que lo mallen, que lo muelen, que faen pan.<\/span><\/em><\/p>\n<p><em><span style=\"color: #008080\">Llabren les tierres, semen pataques.<\/span><\/em><\/p>\n<p><em><span style=\"color: #008080\">Les muyeres rurales tienen la fuerza de la naturaleza, la enerx\u00eda del sol, y la serenid\u00e1 de la lluna.<\/span><\/em><br \/>\n<em><span style=\"color: #008080\">Les muyeres rurales dannos los raiga\u00f1os, esos raiga\u00f1os que s&#8217;alimenten de la tierra.<\/span><\/em><\/p>\n<p><em><span style=\"color: #008080\">Dannos la llucha, esa llucha por caltener vivu&#8217;l pas\u00e1u.<\/span><\/em><br \/>\n<em><span style=\"color: #008080\">Dannos la fuerza del vientu para siguir, para construyir, para camudar, tresformar lo in\u00fatil en pres\u00e9u, la murnia n&#8217;allegr\u00eda.<\/span><\/em><\/p>\n<p><em><span style=\"color: #008080\">Les muyeres del campu canten mientres llabren la tierra, canten mientres duermen los f\u00edos, canten para axorizar les nubes, canten para poner m\u00fasica a les sos palabres callaes.<\/span><\/em><\/p>\n<p><em><span style=\"color: #008080\">Les manos de les muyeres rurales son como los mapes de la tierra. Tienen les arrugues de les llombes, les venes de los r\u00edos, los riegos de los riegos, les u\u00f1es de tierra.<\/span><\/em><\/p>\n<p style=\"text-align: center\">\n<!-- iframe plugin v.6.0 wordpress.org\/plugins\/iframe\/ -->\n<iframe loading=\"lazy\" src=\"https:\/\/www.facebook.com\/plugins\/video.php?height=476&#038;href=https%3A%2F%2Fwww.facebook.com%2Freel%2F798292656304305%2F&#038;show_text=false&#038;width=476&#038;t=0\" width=\"476\" height=\"476\" style=\"border:none;overflow:hidden\" scrolling=\"no\" frameborder=\"0\" allowfullscreen=\"true\" allow=\"autoplay; clipboard-write; encrypted-media; picture-in-picture; web-share\" 0=\"\/iframe\" class=\"iframe-class\"><\/iframe>\n<\/p>\n<p style=\"text-align: center\">\n<!-- iframe plugin v.6.0 wordpress.org\/plugins\/iframe\/ -->\n<iframe loading=\"lazy\" src=\"https:\/\/www.facebook.com\/plugins\/video.php?height=476&#038;href=https%3A%2F%2Fwww.facebook.com%2Freel%2F1499215931389320%2F&#038;show_text=false&#038;width=476&#038;t=0\" width=\"476\" height=\"476\" style=\"border:none;overflow:hidden\" scrolling=\"no\" frameborder=\"0\" allowfullscreen=\"true\" allow=\"autoplay; clipboard-write; encrypted-media; picture-in-picture; web-share\" 0=\"\/iframe\" class=\"iframe-class\"><\/iframe>\n<\/p>\n<p style=\"text-align: center\">\n<!-- iframe plugin v.6.0 wordpress.org\/plugins\/iframe\/ -->\n<iframe loading=\"lazy\" src=\"https:\/\/www.facebook.com\/plugins\/video.php?height=476&#038;href=https%3A%2F%2Fwww.facebook.com%2Freel%2F1733572910658130%2F&#038;show_text=false&#038;width=476&#038;t=0\" width=\"476\" height=\"476\" style=\"border:none;overflow:hidden\" scrolling=\"no\" frameborder=\"0\" allowfullscreen=\"true\" allow=\"autoplay; clipboard-write; encrypted-media; picture-in-picture; web-share\" 0=\"\/iframe\" class=\"iframe-class\"><\/iframe>\n<\/p>\n","protected":false},"excerpt":{"rendered":"<p>Les #MujeresRurales \ud83d\udc69\u200d\ud83c\udf3e son guardianes de la tierra, impulsores del camb\u00e9u y motor del futuru de los nuesos pueblos. Nel #D\u00edaDeLasMujeresRurales reivindicamos el so lideralgu, la so capacid\u00e1 tresformadora y el so papel esencial na sostenibilid\u00e1 y la vida rural. Les muyeres rurales representen el 25% de la poblaci\u00f3n mundial y son pieza clave na [&hellip;]<\/p>\n","protected":false},"author":117,"featured_media":0,"comment_status":"closed","ping_status":"open","sticky":false,"template":"","format":"standard","meta":{"footnotes":""},"categories":[6],"tags":[],"class_list":["post-59867","post","type-post","status-publish","format-standard","hentry","category-dia-de"],"_links":{"self":[{"href":"https:\/\/edublog.educastur.es\/ixuxu\/wp-json\/wp\/v2\/posts\/59867","targetHints":{"allow":["GET"]}}],"collection":[{"href":"https:\/\/edublog.educastur.es\/ixuxu\/wp-json\/wp\/v2\/posts"}],"about":[{"href":"https:\/\/edublog.educastur.es\/ixuxu\/wp-json\/wp\/v2\/types\/post"}],"author":[{"embeddable":true,"href":"https:\/\/edublog.educastur.es\/ixuxu\/wp-json\/wp\/v2\/users\/117"}],"replies":[{"embeddable":true,"href":"https:\/\/edublog.educastur.es\/ixuxu\/wp-json\/wp\/v2\/comments?post=59867"}],"version-history":[{"count":10,"href":"https:\/\/edublog.educastur.es\/ixuxu\/wp-json\/wp\/v2\/posts\/59867\/revisions"}],"predecessor-version":[{"id":59959,"href":"https:\/\/edublog.educastur.es\/ixuxu\/wp-json\/wp\/v2\/posts\/59867\/revisions\/59959"}],"wp:attachment":[{"href":"https:\/\/edublog.educastur.es\/ixuxu\/wp-json\/wp\/v2\/media?parent=59867"}],"wp:term":[{"taxonomy":"category","embeddable":true,"href":"https:\/\/edublog.educastur.es\/ixuxu\/wp-json\/wp\/v2\/categories?post=59867"},{"taxonomy":"post_tag","embeddable":true,"href":"https:\/\/edublog.educastur.es\/ixuxu\/wp-json\/wp\/v2\/tags?post=59867"}],"curies":[{"name":"wp","href":"https:\/\/api.w.org\/{rel}","templated":true}]}}