{"id":59878,"date":"2025-10-15T13:52:33","date_gmt":"2025-10-15T11:52:33","guid":{"rendered":"https:\/\/edublog.educastur.es\/ixuxu\/?p=59878"},"modified":"2025-10-15T13:52:33","modified_gmt":"2025-10-15T11:52:33","slug":"el-tostaderu-duvieu","status":"publish","type":"post","link":"https:\/\/edublog.educastur.es\/ixuxu\/2025\/10\/el-tostaderu-duvieu\/","title":{"rendered":"El tostaderu d&#8217;Uvi\u00e9u"},"content":{"rendered":"<p>\u00bfEl \u201ctostaderu\u201d d&#8217;Uvi\u00e9u? El sorprendente espaciu que se convirti\u00f3 nel nuevu sol\u00e1rium de la ciud\u00e1 Nes \u00faltimes feches ye frecuente ver a xente baltada al sol arrodiada pelos cientos de coches qu&#8217;apuerten a la ciud\u00e1 pela Autopista. <a href=\"https:\/\/www.lne.es\/oviedo\/2025\/10\/14\/tostaderu-oviedo-sorprendente-espacio-convertido-122617865.html?utm_campaign=mrf-facebook-lneoviedo&amp;mrfcid=2025101468ee351c61039f16480955b0\">LNE<\/a><\/p>\n<p style=\"text-align: center\"><a href=\"https:\/\/estaticos-cdn.prensaiberica.es\/clip\/9400e315-eba7-4e71-9f6c-311e574af875_16-9-discover-aspect-ratio_default_0.webp\"><img loading=\"lazy\" decoding=\"async\" class=\"aligncenter size-large\" src=\"https:\/\/estaticos-cdn.prensaiberica.es\/clip\/9400e315-eba7-4e71-9f6c-311e574af875_16-9-discover-aspect-ratio_default_0.webp\" width=\"1200\" height=\"675\" \/><\/a><\/p>\n<p><!--more--><\/p>\n<p>Uvi\u00e9u y\u00e1 tien el so propiu \u201ctostaderu\u201d. Dende va unos d\u00edes, la nueva plaza de Santullano, l&#8217;espaciu p\u00fablicu inaugur\u00e1u&#8217;l pas\u00e1u a\u00f1u xuntu al Palaciu de los Deportes, convirti\u00f3se nun puntu d&#8217;alcuentru para quien quieren aprovechar les escases rayaes de mediaos d&#8217;ochobre.<\/p>\n<p>Este mesmu martes, dos persones fueron vistes baltaes al sol nos bancos de la plaza a primer hora de la tarde nuna imaxe que llam\u00f3 l&#8217;atenci\u00f3n de los numberosos conductores qu&#8217;apuerten a la ciud\u00e1 pol Bulevar de Santullano. El xestu, tan bonal como poco habitual na capital asturiana, nun pas\u00f3 desapercib\u00edu ente los vecinos nin en redes sociales, onde dalgunos y\u00e1 bromien con qu&#8217;Uvi\u00e9u \u201cpor fin tien la so tostaderu\u201d.<\/p>\n<p>\u201cSi en Xix\u00f3n tienen el de San Llorienzo, n\u00f3s tenemos este\u201d, comentaben con humor dellos transe\u00fantes que pasaben pela zona. Y nun-yos falta raz\u00f3n: l&#8217;amplia escampada, estena y abierta al sur, convirti\u00f3se nuna especie de sol\u00e1rium urbanu improvis\u00e1u en cuanto asoma un pocu de calor serondiego.<\/p>\n<p>La plaza, remocicada dientro del proyectu d&#8217;integraci\u00f3n urbana de la redolada de Santullano, cuenta con amplies zones piatonales, xardineres y bancos corr\u00edos de formig\u00f3n blancu que, nos d\u00edes soleyeros, atropen el calor y tresf\u00f3rmense n&#8217;aut\u00e9nticos \u201ctostaderos\u201d.<\/p>\n<p>Les imaxes de persones tomando&#8217;l sol en plenu ochobre nesti nuevu enclave urbanu resume bien l&#8217;esp\u00edritu de la zona: xuna plaza moderna y abierta qu&#8217;empieza a integrase na rutina diaria de los uvieinos, y\u00e1 s\u00eda pa caminar, folgar\u2026 o a cencielles dexase calecer pol sol.<\/p>\n<p>Con humor y un puntu d&#8217;arguyu, dalgunos y\u00e1 proponen rebautizarla popularmente como \u201cel tostaderu de Santullano\u201d, un chisgo al cl\u00e1sicu xixon\u00e9s de San Llorienzo, pero con sellu carbay\u00f3n.<\/p>\n","protected":false},"excerpt":{"rendered":"<p>\u00bfEl \u201ctostaderu\u201d d&#8217;Uvi\u00e9u? El sorprendente espaciu que se convirti\u00f3 nel nuevu sol\u00e1rium de la ciud\u00e1 Nes \u00faltimes feches ye frecuente ver a xente baltada al sol arrodiada pelos cientos de coches qu&#8217;apuerten a la ciud\u00e1 pela Autopista. LNE<\/p>\n","protected":false},"author":117,"featured_media":0,"comment_status":"closed","ping_status":"open","sticky":false,"template":"","format":"standard","meta":{"footnotes":""},"categories":[1],"tags":[],"class_list":["post-59878","post","type-post","status-publish","format-standard","hentry","category-sin-categoria"],"_links":{"self":[{"href":"https:\/\/edublog.educastur.es\/ixuxu\/wp-json\/wp\/v2\/posts\/59878","targetHints":{"allow":["GET"]}}],"collection":[{"href":"https:\/\/edublog.educastur.es\/ixuxu\/wp-json\/wp\/v2\/posts"}],"about":[{"href":"https:\/\/edublog.educastur.es\/ixuxu\/wp-json\/wp\/v2\/types\/post"}],"author":[{"embeddable":true,"href":"https:\/\/edublog.educastur.es\/ixuxu\/wp-json\/wp\/v2\/users\/117"}],"replies":[{"embeddable":true,"href":"https:\/\/edublog.educastur.es\/ixuxu\/wp-json\/wp\/v2\/comments?post=59878"}],"version-history":[{"count":1,"href":"https:\/\/edublog.educastur.es\/ixuxu\/wp-json\/wp\/v2\/posts\/59878\/revisions"}],"predecessor-version":[{"id":59879,"href":"https:\/\/edublog.educastur.es\/ixuxu\/wp-json\/wp\/v2\/posts\/59878\/revisions\/59879"}],"wp:attachment":[{"href":"https:\/\/edublog.educastur.es\/ixuxu\/wp-json\/wp\/v2\/media?parent=59878"}],"wp:term":[{"taxonomy":"category","embeddable":true,"href":"https:\/\/edublog.educastur.es\/ixuxu\/wp-json\/wp\/v2\/categories?post=59878"},{"taxonomy":"post_tag","embeddable":true,"href":"https:\/\/edublog.educastur.es\/ixuxu\/wp-json\/wp\/v2\/tags?post=59878"}],"curies":[{"name":"wp","href":"https:\/\/api.w.org\/{rel}","templated":true}]}}