{"id":59880,"date":"2025-10-15T14:07:50","date_gmt":"2025-10-15T12:07:50","guid":{"rendered":"https:\/\/edublog.educastur.es\/ixuxu\/?p=59880"},"modified":"2025-10-15T14:08:17","modified_gmt":"2025-10-15T12:08:17","slug":"adios-cordera-nel-parque-san-francisco-duvieu","status":"publish","type":"post","link":"https:\/\/edublog.educastur.es\/ixuxu\/2025\/10\/adios-cordera-nel-parque-san-francisco-duvieu\/","title":{"rendered":"\u00a1Adi\u00f3s Cordera!, nel Parque San Francisco d&#8217;Uvi\u00e9u."},"content":{"rendered":"<p style=\"text-align: center\"><a href=\"https:\/\/s2.ppllstatics.com\/elcomercio\/www\/multimedia\/201911\/30\/media\/cortadas\/50627942--1248x678.JPG\"><img loading=\"lazy\" decoding=\"async\" class=\"aligncenter size-large\" src=\"https:\/\/s2.ppllstatics.com\/elcomercio\/www\/multimedia\/201911\/30\/media\/cortadas\/50627942--1248x678.JPG\" width=\"1248\" height=\"678\" \/><\/a><\/p>\n<p>La escultura que representa a una ne\u00f1a y un ne\u00f1u,abrazaos a una vaca, conocida col nome, \u00a1Adi\u00f3s Cordera!, nel Parque San Francisco d&#8217;Uvi\u00e9u. Obra realizada en bronce nel 2002,pol escultor, Manuel Garc\u00eda Llinares. Idealizaci\u00f3n del cuentu escritu por Leopoldo Alas Clar\u00edn,(1852-1901), titul\u00e1u \u00a1Adi\u00f3s, Cordera!<\/p>\n","protected":false},"excerpt":{"rendered":"<p>La escultura que representa a una ne\u00f1a y un ne\u00f1u,abrazaos a una vaca, conocida col nome, \u00a1Adi\u00f3s Cordera!, nel Parque San Francisco d&#8217;Uvi\u00e9u. Obra realizada en bronce nel 2002,pol escultor, Manuel Garc\u00eda Llinares. Idealizaci\u00f3n del cuentu escritu por Leopoldo Alas Clar\u00edn,(1852-1901), titul\u00e1u \u00a1Adi\u00f3s, Cordera!<\/p>\n","protected":false},"author":117,"featured_media":0,"comment_status":"closed","ping_status":"open","sticky":false,"template":"","format":"standard","meta":{"footnotes":""},"categories":[330],"tags":[],"class_list":["post-59880","post","type-post","status-publish","format-standard","hentry","category-escultures"],"_links":{"self":[{"href":"https:\/\/edublog.educastur.es\/ixuxu\/wp-json\/wp\/v2\/posts\/59880","targetHints":{"allow":["GET"]}}],"collection":[{"href":"https:\/\/edublog.educastur.es\/ixuxu\/wp-json\/wp\/v2\/posts"}],"about":[{"href":"https:\/\/edublog.educastur.es\/ixuxu\/wp-json\/wp\/v2\/types\/post"}],"author":[{"embeddable":true,"href":"https:\/\/edublog.educastur.es\/ixuxu\/wp-json\/wp\/v2\/users\/117"}],"replies":[{"embeddable":true,"href":"https:\/\/edublog.educastur.es\/ixuxu\/wp-json\/wp\/v2\/comments?post=59880"}],"version-history":[{"count":1,"href":"https:\/\/edublog.educastur.es\/ixuxu\/wp-json\/wp\/v2\/posts\/59880\/revisions"}],"predecessor-version":[{"id":59881,"href":"https:\/\/edublog.educastur.es\/ixuxu\/wp-json\/wp\/v2\/posts\/59880\/revisions\/59881"}],"wp:attachment":[{"href":"https:\/\/edublog.educastur.es\/ixuxu\/wp-json\/wp\/v2\/media?parent=59880"}],"wp:term":[{"taxonomy":"category","embeddable":true,"href":"https:\/\/edublog.educastur.es\/ixuxu\/wp-json\/wp\/v2\/categories?post=59880"},{"taxonomy":"post_tag","embeddable":true,"href":"https:\/\/edublog.educastur.es\/ixuxu\/wp-json\/wp\/v2\/tags?post=59880"}],"curies":[{"name":"wp","href":"https:\/\/api.w.org\/{rel}","templated":true}]}}