{"id":59910,"date":"2025-10-16T13:29:53","date_gmt":"2025-10-16T11:29:53","guid":{"rendered":"https:\/\/edublog.educastur.es\/ixuxu\/?p=59910"},"modified":"2025-10-19T19:20:57","modified_gmt":"2025-10-19T17:20:57","slug":"una-lareira-nel-museu-casa-natal-del-marques-de-sargadelos","status":"publish","type":"post","link":"https:\/\/edublog.educastur.es\/ixuxu\/2025\/10\/una-lareira-nel-museu-casa-natal-del-marques-de-sargadelos\/","title":{"rendered":"Una lareira nel Mus\u00e9u Casa Natal del Marqu\u00e9s de Sargadelos"},"content":{"rendered":"<p style=\"text-align: center\"><span class=\"x193iq5w xeuugli x13faqbe x1vvkbs xt0psk2 x1i0vuye xvs91rp xo1l8bm x5n08af x10wh9bi xpm28yp x8viiok x1o7cslx x126k92a\"><span class=\"html-span xexx8yu x4uap5 x18d9i69 xkhd6sd x1hl2dhg x16tdsg8 x1vvkbs x3nfvp2 x1j61x8r x1fcty0u xdj266r xat24cr xgzva0m xhhsvwb xxymvpz xlup9mm x1kky2od\">\n<!-- iframe plugin v.6.0 wordpress.org\/plugins\/iframe\/ -->\n<iframe loading=\"lazy\" src=\"https:\/\/www.instagram.com\/reel\/DP1lLa6CPhD\/embed\" width=\"500\" height=\"675\" 0=\"\/iframe\" scrolling=\"yes\" class=\"iframe-class\" frameborder=\"0\"><\/iframe>\n<\/span><\/span><\/p>\n<div class=\"x1xegmmw\">\n<div class=\"\">Una lareira nel Mus\u00e9u Casa Natal del Marqu\u00e9s de Sargadelos, n&#8217;Ozcos \ud83d\udd25\u2764\ufe0f<\/div>\n<div>El <a href=\"https:\/\/www.turismoasturias.es\/descubre\/cultura\/museos-y-espacios-culturales\/colecciones-museograficas\/casa-natal-del-marques-de-sargadelos\">Mus\u00e9u Casa Natal del Marqu\u00e9s de Sargadelos<\/a> at\u00f3pase en Ferreirela de Baxo, en Santalla d&#8217;Ozcos, Asturies, na casa na que naci\u00f3 Antonio Raimundo Ib\u00e1\u00f1ez, quien pas\u00f3 a ser conoc\u00edu como&#8217;l Marqu\u00e9s de Sargadelos.<\/div>\n<div><\/div>\n<\/div>\n","protected":false},"excerpt":{"rendered":"<p>Una lareira nel Mus\u00e9u Casa Natal del Marqu\u00e9s de Sargadelos, n&#8217;Ozcos \ud83d\udd25\u2764\ufe0f El Mus\u00e9u Casa Natal del Marqu\u00e9s de Sargadelos at\u00f3pase en Ferreirela de Baxo, en Santalla d&#8217;Ozcos, Asturies, na casa na que naci\u00f3 Antonio Raimundo Ib\u00e1\u00f1ez, quien pas\u00f3 a ser conoc\u00edu como&#8217;l Marqu\u00e9s de Sargadelos.<\/p>\n","protected":false},"author":117,"featured_media":0,"comment_status":"closed","ping_status":"open","sticky":false,"template":"","format":"standard","meta":{"footnotes":""},"categories":[139,15],"tags":[],"class_list":["post-59910","post","type-post","status-publish","format-standard","hentry","category-dibuxos","category-museos"],"_links":{"self":[{"href":"https:\/\/edublog.educastur.es\/ixuxu\/wp-json\/wp\/v2\/posts\/59910","targetHints":{"allow":["GET"]}}],"collection":[{"href":"https:\/\/edublog.educastur.es\/ixuxu\/wp-json\/wp\/v2\/posts"}],"about":[{"href":"https:\/\/edublog.educastur.es\/ixuxu\/wp-json\/wp\/v2\/types\/post"}],"author":[{"embeddable":true,"href":"https:\/\/edublog.educastur.es\/ixuxu\/wp-json\/wp\/v2\/users\/117"}],"replies":[{"embeddable":true,"href":"https:\/\/edublog.educastur.es\/ixuxu\/wp-json\/wp\/v2\/comments?post=59910"}],"version-history":[{"count":3,"href":"https:\/\/edublog.educastur.es\/ixuxu\/wp-json\/wp\/v2\/posts\/59910\/revisions"}],"predecessor-version":[{"id":59915,"href":"https:\/\/edublog.educastur.es\/ixuxu\/wp-json\/wp\/v2\/posts\/59910\/revisions\/59915"}],"wp:attachment":[{"href":"https:\/\/edublog.educastur.es\/ixuxu\/wp-json\/wp\/v2\/media?parent=59910"}],"wp:term":[{"taxonomy":"category","embeddable":true,"href":"https:\/\/edublog.educastur.es\/ixuxu\/wp-json\/wp\/v2\/categories?post=59910"},{"taxonomy":"post_tag","embeddable":true,"href":"https:\/\/edublog.educastur.es\/ixuxu\/wp-json\/wp\/v2\/tags?post=59910"}],"curies":[{"name":"wp","href":"https:\/\/api.w.org\/{rel}","templated":true}]}}