{"id":59938,"date":"2025-10-17T08:30:20","date_gmt":"2025-10-17T06:30:20","guid":{"rendered":"https:\/\/edublog.educastur.es\/ixuxu\/?p=59938"},"modified":"2025-10-17T11:58:01","modified_gmt":"2025-10-17T09:58:01","slug":"estau-del-tiempu-vienres-16-dochobre","status":"publish","type":"post","link":"https:\/\/edublog.educastur.es\/ixuxu\/2025\/10\/estau-del-tiempu-vienres-16-dochobre\/","title":{"rendered":"Est\u00e1u del tiempu: vienres 16 d&#8217;ochobre"},"content":{"rendered":"<div class=\"html-div xdj266r x14z9mp xat24cr x1lziwak xexx8yu x1a8lsjc xf7dkkf xv54qhq\">\n<div class=\"html-div xdj266r x14z9mp xat24cr x1lziwak xexx8yu xyri2b x18d9i69 x1c1uobl x1jx94hy x78zum5 x1q0g3np\">\n<div class=\"x78zum5 xdt5ytf xz62fqu x16ldp7u\">\n<div class=\"xu06os2 x1ok221b\">\n<div class=\"html-div xdj266r x14z9mp xat24cr x1lziwak xexx8yu xyri2b x18d9i69 x1c1uobl\" data-ad-rendering-role=\"profile_name\">\n<ul>\n<li class=\"html-h3 x14z9mp xat24cr x1lziwak xexx8yu xyri2b x18d9i69 x1c1uobl x1vvkbs x1heor9g x1qlqyl8 x1pd3egz x1a2a7pz x1gslohp x1yc453h\"><span class=\"x1lliihq x6ikm8r x10wlt62 x1n2onr6\"><span class=\"xt0psk2\"><a class=\"x1i10hfl xjbqb8w x1ejq31n x18oe1m7 x1sy0etr xstzfhl x972fbf x10w94by x1qhh985 x14e42zd x9f619 x1ypdohk xt0psk2 x3ct3a4 xdj266r x14z9mp xat24cr x1lziwak xexx8yu xyri2b x18d9i69 x1c1uobl x16tdsg8 x1hl2dhg xggy1nq x1a2a7pz xkrqix3 x1sur9pj xzsf02u x1s688f\" role=\"link\" href=\"https:\/\/www.facebook.com\/eltiempuenasturies?__cft__[0]=AZVx4uw_yHZEwUNFkZ23nfkp_0DetYGhWYUy_rhtJwyY4UV2HUpEnWAFWop70-b6nhDlE_zbJibS4kvQnzMGPJYuD9JTkpgntzQBpAQ1PuKMaTdfIIwP-hrhfBGd7E3Oo1ztC98mcR-gsrOkCOGdS7nUTCwjhh3l1NcCqKZGW9r1qeeQKI8Ki8JF1kgTUPn55Ibd-BQT7wCliaUrEOiZiDPR&amp;__tn__=-UC%2CP-y-R\"><b class=\"html-b xdj266r x14z9mp xat24cr x1lziwak xexx8yu xyri2b x18d9i69 x1c1uobl x1hl2dhg x16tdsg8 x1vvkbs x1s688f\"><span class=\"html-span xdj266r x14z9mp xat24cr x1lziwak xexx8yu xyri2b x18d9i69 x1c1uobl x1hl2dhg x16tdsg8 x1vvkbs\">El Tiempu n&#8217;Asturies.<\/span><\/b><\/a><\/span><\/span><\/li>\n<\/ul>\n<\/div>\n<\/div>\n<div class=\"xu06os2 x1ok221b\"><\/div>\n<\/div>\n<\/div>\n<\/div>\n<div class=\"html-div xdj266r x14z9mp xat24cr x1lziwak xexx8yu xyri2b x18d9i69 x1c1uobl\" dir=\"auto\">\n<div class=\"html-div xdj266r x14z9mp xat24cr x1lziwak xexx8yu xyri2b x18d9i69 x1c1uobl\" dir=\"auto\">\n<div class=\"html-div xdj266r x14z9mp xat24cr x1lziwak xexx8yu xyri2b x18d9i69 x1c1uobl\" data-ad-rendering-role=\"story_message\">\n<div class=\"x1l90r2v x1iorvi4 x1g0dm76 xpdmqnj\" data-ad-comet-preview=\"message\" data-ad-preview=\"message\">\n<div class=\"x78zum5 xdt5ytf xz62fqu x16ldp7u\">\n<div class=\"xu06os2 x1ok221b\">\n<div class=\"html-div xdj266r x14z9mp xat24cr x1lziwak xexx8yu xyri2b x18d9i69 x1c1uobl\">\n<div class=\"x14z9mp xat24cr x1lziwak x1vvkbs xtlvy1s x126k92a\">\n<ul>\n<li dir=\"auto\"><strong><span style=\"color: #008080\">Alborecemos<\/span><\/strong> col cielu escampl\u00e1u y delles nublines no fonderu los valles ya con unes temperatures que tan alrodiu de los 12\u00baC, rexistr\u00e1ndose nel puirtu Payares 9,8\u00baC.<\/li>\n<\/ul>\n<\/div>\n<div class=\"x14z9mp xat24cr x1lziwak x1vvkbs xtlvy1s x126k92a\">\n<ul>\n<li dir=\"auto\"><strong><span style=\"color: #008080\">G\u00fcei<\/span> <\/strong>vamos tener un d\u00eda de restallu con sol asgaya y temperatures afayaices, am\u00e1s l&#8217;aire sedr\u00e1 sele ya variable.<\/li>\n<\/ul>\n<p style=\"text-align: center\">\n<!-- iframe plugin v.6.0 wordpress.org\/plugins\/iframe\/ -->\n<iframe loading=\"lazy\" src=\"https:\/\/www.facebook.com\/plugins\/video.php?height=314&#038;href=https%3A%2F%2Fwww.facebook.com%2Freel%2F2591678077896869%2F&#038;show_text=false&#038;width=560&#038;t=0\" width=\"560\" height=\"314\" style=\"border:none;overflow:hidden\" scrolling=\"no\" frameborder=\"0\" allowfullscreen=\"true\" allow=\"autoplay; clipboard-write; encrypted-media; picture-in-picture; web-share\" 0=\"\/iframe\" class=\"iframe-class\"><\/iframe>\n<\/p>\n<p><!--more--><\/p>\n<\/div>\n<div class=\"x14z9mp xat24cr x1lziwak x1vvkbs xtlvy1s x126k92a\">\n<ul>\n<li dir=\"auto\"><strong><span style=\"color: #008080\">Ma\u00f1ana s\u00e1badu<\/span><\/strong> alboreceremos col cielu empuerc\u00e1u de nubes altes que malpenes velar\u00e1n el sol anque al atapecer aumentar\u00e1 la nubosid\u00e1 media ya mos dexar\u00e1&#8217;l d\u00eda nuble con unes temperatures n&#8217;ascensu con sensaci\u00f3n de chornu.<\/li>\n<\/ul>\n<\/div>\n<div class=\"x14z9mp xat24cr x1lziwak x1vvkbs xtlvy1s x126k92a\">\n<ul>\n<li dir=\"auto\"><strong><span style=\"color: #008080\">El domingu<\/span><\/strong> pela tarde mos llega un frente que nos dexar\u00e1 xarabatos de calter tormentosu y un descensu de les temperatures anque tov\u00eda van caltenese suaves. Pela ma\u00f1ana tar\u00e1 nuboso pero m\u00e1s seliquinu, emprincipiu sin lluvia.<\/li>\n<\/ul>\n<\/div>\n<div class=\"x14z9mp xat24cr x1lziwak x1vvkbs xtlvy1s x126k92a\">\n<ul>\n<li dir=\"auto\"><span style=\"color: #008080\">M\u00e1s a llargu plazu<\/span> entamen a vese situaciones m\u00e1s ivernales, concretamente alrodiu al 25 d&#8217;ochobre pero esto y\u00e1 lu diremos viendo.<\/li>\n<\/ul>\n<\/div>\n<\/div>\n<\/div>\n<\/div>\n<\/div>\n<\/div>\n<\/div>\n<\/div>\n<p>&nbsp;<\/p>\n","protected":false},"excerpt":{"rendered":"<p>El Tiempu n&#8217;Asturies. Alborecemos col cielu escampl\u00e1u y delles nublines no fonderu los valles ya con unes temperatures que tan alrodiu de los 12\u00baC, rexistr\u00e1ndose nel puirtu Payares 9,8\u00baC. G\u00fcei vamos tener un d\u00eda de restallu con sol asgaya y temperatures afayaices, am\u00e1s l&#8217;aire sedr\u00e1 sele ya variable.<\/p>\n","protected":false},"author":117,"featured_media":0,"comment_status":"closed","ping_status":"open","sticky":false,"template":"","format":"standard","meta":{"footnotes":""},"categories":[5],"tags":[],"class_list":["post-59938","post","type-post","status-publish","format-standard","hentry","category-tiempu"],"_links":{"self":[{"href":"https:\/\/edublog.educastur.es\/ixuxu\/wp-json\/wp\/v2\/posts\/59938","targetHints":{"allow":["GET"]}}],"collection":[{"href":"https:\/\/edublog.educastur.es\/ixuxu\/wp-json\/wp\/v2\/posts"}],"about":[{"href":"https:\/\/edublog.educastur.es\/ixuxu\/wp-json\/wp\/v2\/types\/post"}],"author":[{"embeddable":true,"href":"https:\/\/edublog.educastur.es\/ixuxu\/wp-json\/wp\/v2\/users\/117"}],"replies":[{"embeddable":true,"href":"https:\/\/edublog.educastur.es\/ixuxu\/wp-json\/wp\/v2\/comments?post=59938"}],"version-history":[{"count":2,"href":"https:\/\/edublog.educastur.es\/ixuxu\/wp-json\/wp\/v2\/posts\/59938\/revisions"}],"predecessor-version":[{"id":59979,"href":"https:\/\/edublog.educastur.es\/ixuxu\/wp-json\/wp\/v2\/posts\/59938\/revisions\/59979"}],"wp:attachment":[{"href":"https:\/\/edublog.educastur.es\/ixuxu\/wp-json\/wp\/v2\/media?parent=59938"}],"wp:term":[{"taxonomy":"category","embeddable":true,"href":"https:\/\/edublog.educastur.es\/ixuxu\/wp-json\/wp\/v2\/categories?post=59938"},{"taxonomy":"post_tag","embeddable":true,"href":"https:\/\/edublog.educastur.es\/ixuxu\/wp-json\/wp\/v2\/tags?post=59938"}],"curies":[{"name":"wp","href":"https:\/\/api.w.org\/{rel}","templated":true}]}}