{"id":5994,"date":"2021-05-09T09:00:12","date_gmt":"2021-05-09T07:00:12","guid":{"rendered":"https:\/\/edublog.educastur.es\/ixuxu\/?p=5994"},"modified":"2021-05-09T20:54:58","modified_gmt":"2021-05-09T18:54:58","slug":"dia-deuropa-2","status":"publish","type":"post","link":"https:\/\/edublog.educastur.es\/ixuxu\/2021\/05\/dia-deuropa-2\/","title":{"rendered":"D\u00eda d&#8217;Europa"},"content":{"rendered":"<p style=\"text-align: center\"><a href=\"https:\/\/pbs.twimg.com\/media\/D6HJUlvWkAAvxt_.jpg\"><img loading=\"lazy\" decoding=\"async\" class=\"alignnone\" src=\"https:\/\/pbs.twimg.com\/media\/D6HJUlvWkAAvxt_.jpg\" alt=\"\" width=\"637\" height=\"358\" \/><\/a><\/p>\n<p>El <strong><span style=\"color: #008080\">D\u00eda d&#8217;Europa<\/span> c<span style=\"color: #008080\">elebra la paz y l&#8217;unid\u00e1 del continente europ\u00e9u. <\/span><\/strong>La de g\u00fcei ye una xornada de celebraci\u00f3n para la ciudadan\u00eda de la Uni\u00f3n Europea. Y ye qu&#8217;el 9 de mayu ye un d\u00eda para recordar y homenaxar al expol\u00edtico franc\u00e9s Robert Schuman, quien el 9 de mayu de 1950 pronunci\u00f3 un famosu discursu qu&#8217;abrir\u00eda&#8217;l cam\u00edn para la creaci\u00f3n de lo que g\u00fcei conocemos como <span style=\"color: #008080\"><strong>Uni\u00f3n Europea<\/strong><\/span>.<\/p>\n<ul>\n<li><a href=\"https:\/\/ec.europa.eu\/spain\/events\/europe-day_es\">WEB<\/a><\/li>\n<li><a href=\"https:\/\/ec.europa.eu\/spain\/sites\/default\/files\/eu_day_1x1_es.mp4\">Videu<\/a><\/li>\n<\/ul>\n<p><!--more--><\/p>\n<div style=\"width: 640px;\" class=\"wp-video\"><video class=\"wp-video-shortcode\" id=\"video-5994-1\" width=\"640\" height=\"360\" preload=\"metadata\" controls=\"controls\"><source type=\"video\/mp4\" src=\"https:\/\/ec.europa.eu\/spain\/sites\/default\/files\/eu_day_1x1_es.mp4?_=1\" \/><a href=\"https:\/\/ec.europa.eu\/spain\/sites\/default\/files\/eu_day_1x1_es.mp4\">https:\/\/ec.europa.eu\/spain\/sites\/default\/files\/eu_day_1x1_es.mp4<\/a><\/video><\/div>\n<blockquote>\n<div class=\"css-1dbjc4n\">\n<div id=\"tweet-text\" class=\"css-901oao r-18jsvk2 r-1qd0xha r-a023e6 r-16dba41 r-rjixqe r-bcqeeo r-bnwqim r-qvutc0\" dir=\"auto\" lang=\"es\"><span class=\"css-901oao css-16my406 r-poiln3 r-bcqeeo r-qvutc0\"><em><strong><span style=\"color: #008080;font-size: 20px\">\u00abUNIDAD EN LA DIVERSIDAD<\/span><\/strong><\/em> (Lema de la Uni\u00f3n Europea).<\/span><\/div>\n<\/div>\n<\/blockquote>\n<div dir=\"auto\" lang=\"es\"><\/div>\n<div dir=\"auto\" lang=\"es\"><a href=\"https:\/\/lh3.googleusercontent.com\/proxy\/JuS_ptn-kRLKUXtuE0_VMRX_-VDzqCQM_40I2UNt6k-qW-FnN_1vLdL7rn03hbNJ3xHZoxPt0pkBsFZDbykxLuwg9AeLBzOQNdBX-aLtV9SGvK9OPwG3yppDN4i5DkBuYp6i5IkjebN6niDrFTjXQsHK0p1JjQ\"><img loading=\"lazy\" decoding=\"async\" class=\"aligncenter\" src=\"https:\/\/lh3.googleusercontent.com\/proxy\/JuS_ptn-kRLKUXtuE0_VMRX_-VDzqCQM_40I2UNt6k-qW-FnN_1vLdL7rn03hbNJ3xHZoxPt0pkBsFZDbykxLuwg9AeLBzOQNdBX-aLtV9SGvK9OPwG3yppDN4i5DkBuYp6i5IkjebN6niDrFTjXQsHK0p1JjQ\" alt=\"\" width=\"512\" height=\"346\" \/><\/a><\/div>\n<p style=\"text-align: center\"><a href=\"https:\/\/pbs.twimg.com\/media\/DnCRkMPXsAA3D64.jpg\"><img loading=\"lazy\" decoding=\"async\" class=\"aligncenter\" src=\"https:\/\/pbs.twimg.com\/media\/DnCRkMPXsAA3D64.jpg\" alt=\"\" width=\"960\" height=\"895\" \/><\/a><em>Na imaxe apaez, na parte cimera esquierda, la ninfa Europa raptada por Zeus metamorfosi\u00e1u en toru blancu.<\/em><\/p>\n","protected":false},"excerpt":{"rendered":"<p>El D\u00eda d&#8217;Europa celebra la paz y l&#8217;unid\u00e1 del continente europ\u00e9u. La de g\u00fcei ye una xornada de celebraci\u00f3n para la ciudadan\u00eda de la Uni\u00f3n Europea. Y ye qu&#8217;el 9 de mayu ye un d\u00eda para recordar y homenaxar al expol\u00edtico franc\u00e9s Robert Schuman, quien el 9 de mayu de 1950 pronunci\u00f3 un famosu discursu [&hellip;]<\/p>\n","protected":false},"author":117,"featured_media":0,"comment_status":"open","ping_status":"open","sticky":false,"template":"","format":"image","meta":{"footnotes":""},"categories":[6],"tags":[],"class_list":["post-5994","post","type-post","status-publish","format-image","hentry","category-dia-de","post_format-post-format-image"],"_links":{"self":[{"href":"https:\/\/edublog.educastur.es\/ixuxu\/wp-json\/wp\/v2\/posts\/5994","targetHints":{"allow":["GET"]}}],"collection":[{"href":"https:\/\/edublog.educastur.es\/ixuxu\/wp-json\/wp\/v2\/posts"}],"about":[{"href":"https:\/\/edublog.educastur.es\/ixuxu\/wp-json\/wp\/v2\/types\/post"}],"author":[{"embeddable":true,"href":"https:\/\/edublog.educastur.es\/ixuxu\/wp-json\/wp\/v2\/users\/117"}],"replies":[{"embeddable":true,"href":"https:\/\/edublog.educastur.es\/ixuxu\/wp-json\/wp\/v2\/comments?post=5994"}],"version-history":[{"count":4,"href":"https:\/\/edublog.educastur.es\/ixuxu\/wp-json\/wp\/v2\/posts\/5994\/revisions"}],"predecessor-version":[{"id":5998,"href":"https:\/\/edublog.educastur.es\/ixuxu\/wp-json\/wp\/v2\/posts\/5994\/revisions\/5998"}],"wp:attachment":[{"href":"https:\/\/edublog.educastur.es\/ixuxu\/wp-json\/wp\/v2\/media?parent=5994"}],"wp:term":[{"taxonomy":"category","embeddable":true,"href":"https:\/\/edublog.educastur.es\/ixuxu\/wp-json\/wp\/v2\/categories?post=5994"},{"taxonomy":"post_tag","embeddable":true,"href":"https:\/\/edublog.educastur.es\/ixuxu\/wp-json\/wp\/v2\/tags?post=5994"}],"curies":[{"name":"wp","href":"https:\/\/api.w.org\/{rel}","templated":true}]}}