{"id":59940,"date":"2025-10-16T18:57:24","date_gmt":"2025-10-16T16:57:24","guid":{"rendered":"https:\/\/edublog.educastur.es\/ixuxu\/?p=59940"},"modified":"2025-10-17T11:35:45","modified_gmt":"2025-10-17T09:35:45","slug":"59940","status":"publish","type":"post","link":"https:\/\/edublog.educastur.es\/ixuxu\/2025\/10\/59940\/","title":{"rendered":"Non al peaxe de l&#8217;autopista del G\u00fcerna"},"content":{"rendered":"<p style=\"text-align: center\">\n<!-- iframe plugin v.6.0 wordpress.org\/plugins\/iframe\/ -->\n<iframe loading=\"lazy\" src=\"https:\/\/www.facebook.com\/plugins\/post.php?href=https%3A%2F%2Fwww.facebook.com%2Feltiempuenasturies%2Fposts%2Fpfbid029nTZNWeWqcRqrJKYG48FZee4vHDyFrBpyfGQn2jDfT7ThkEUmfgHZ47AXhY2MxNul&#038;show_text=false&#038;width=500\" width=\"500\" height=\"498\" style=\"border:none;overflow:hidden\" scrolling=\"no\" frameborder=\"0\" allowfullscreen=\"true\" allow=\"autoplay; clipboard-write; encrypted-media; picture-in-picture; web-share\" 0=\"\/iframe\" class=\"iframe-class\"><\/iframe>\n<\/p>\n<p>Los asturianos llevamos pagando&#8217;l peaxe de l&#8217;autopista del G\u00fcerna (AP-66), la \u00fanica v\u00eda r\u00e1pida que conecta&#8217;l Princip\u00e1u col restu de comunid\u00e1es al sur, dende 1983, a\u00f1u de la inauguraci\u00f3n de la so primer fase.<\/p>\n<p><!--more--><\/p>\n<p>D\u00e9cada tres d\u00e9cada, los conductores tuvieron qu&#8217;asumir un costu que se convirti\u00f3 n&#8217;unu de los peaxes m\u00e1s caros d&#8217;Espa\u00f1a, un pesu constante non y\u00e1 sobro quien usen esta v\u00eda pa trabayar, tresportar mercanc\u00edes o viaxar, tami\u00e9n pa la econom\u00eda asturiana polo xeneral, afectada por esti arancel tap\u00e1u que grava cualquier productu qu&#8217;entra o sale de la rex\u00f3n y penaliza la nuesa competitivid\u00e1.<\/p>\n<p>&nbsp;<\/p>\n<p style=\"text-align: center\"><a href=\"https:\/\/s3.ppllstatics.com\/elcomercio\/www\/multimedia\/2025\/10\/16\/Peaje%20cruz-khV-RYUc5sUEdPgDsMUgb8tk5tM-1200x840@El%20Comercio.jpg\"><img loading=\"lazy\" decoding=\"async\" class=\"aligncenter size-large\" src=\"https:\/\/s3.ppllstatics.com\/elcomercio\/www\/multimedia\/2025\/10\/16\/Peaje%20cruz-khV-RYUc5sUEdPgDsMUgb8tk5tM-1200x840@El%20Comercio.jpg\" width=\"1200\" height=\"840\" \/><\/a><\/p>\n<p style=\"text-align: center\"><a href=\"https:\/\/www.rtpa.es\/fotos\/\/25\/10\/20251016121719_RTPA7229393.webp\"><img loading=\"lazy\" decoding=\"async\" class=\"aligncenter size-large\" src=\"https:\/\/www.rtpa.es\/fotos\/\/25\/10\/20251016121719_RTPA7229393.webp\" width=\"853\" height=\"480\" \/><\/a><\/p>\n<p>El conseyeru de Movilid\u00e1, Alejandro Calvo, remarc\u00f3 esti xueves que \u00ablos asturianos son soberanos\u00bb y que \u00ables prioridaes d&#8217;Asturies\u00bb, como pue ser la supresi\u00f3n del peaxe de l\u2019AP-66 (El G\u00fcerna) \u00abdecidir\u00e1nles los asturianos\u00bb.<\/p>\n<p>Calvo espres\u00f3se nestos t\u00e9rminos dempu\u00e9s de que&#8217;l ministru de Tresportes, \u00d3scar Puente, considerara g\u00fcei que nun cree que la supresi\u00f3n del peaxe d&#8217;esta autopista que xune Asturies y Lle\u00f3n seya un \u201cproblema central\u00bb nin p&#8217;Asturies nin pa los asturianos, anque s\u00ed almiti\u00f3 que \u00ablos pol\u00edticos asturianos tienen derechu a defender lo que quieran\u00bb.<\/p>\n<p>En declaraciones a los medios, el conseyeru sorray\u00f3 que&#8217;l pidimientu de la supresi\u00f3n del peaxe surdi\u00f3 \u00abpor una cuesti\u00f3n de llegalid\u00e1, non por una cuesti\u00f3n d&#8217;axenda pol\u00edtica\u00bb, dempu\u00e9s de que la Comisi\u00f3n Europea dictaminara que la pr\u00f3rroga del peaxe d&#8217;esta autopista, al igual que la de l\u2019AP-9 en Galicia, alcordada nel a\u00f1u 2000 pol Gobiernu del PP, incumpli\u00f3 la normativa europea.<\/p>\n","protected":false},"excerpt":{"rendered":"<p>Los asturianos llevamos pagando&#8217;l peaxe de l&#8217;autopista del G\u00fcerna (AP-66), la \u00fanica v\u00eda r\u00e1pida que conecta&#8217;l Princip\u00e1u col restu de comunid\u00e1es al sur, dende 1983, a\u00f1u de la inauguraci\u00f3n de la so primer fase.<\/p>\n","protected":false},"author":117,"featured_media":0,"comment_status":"closed","ping_status":"open","sticky":false,"template":"","format":"standard","meta":{"footnotes":""},"categories":[232],"tags":[],"class_list":["post-59940","post","type-post","status-publish","format-standard","hentry","category-tresportes"],"_links":{"self":[{"href":"https:\/\/edublog.educastur.es\/ixuxu\/wp-json\/wp\/v2\/posts\/59940","targetHints":{"allow":["GET"]}}],"collection":[{"href":"https:\/\/edublog.educastur.es\/ixuxu\/wp-json\/wp\/v2\/posts"}],"about":[{"href":"https:\/\/edublog.educastur.es\/ixuxu\/wp-json\/wp\/v2\/types\/post"}],"author":[{"embeddable":true,"href":"https:\/\/edublog.educastur.es\/ixuxu\/wp-json\/wp\/v2\/users\/117"}],"replies":[{"embeddable":true,"href":"https:\/\/edublog.educastur.es\/ixuxu\/wp-json\/wp\/v2\/comments?post=59940"}],"version-history":[{"count":6,"href":"https:\/\/edublog.educastur.es\/ixuxu\/wp-json\/wp\/v2\/posts\/59940\/revisions"}],"predecessor-version":[{"id":59970,"href":"https:\/\/edublog.educastur.es\/ixuxu\/wp-json\/wp\/v2\/posts\/59940\/revisions\/59970"}],"wp:attachment":[{"href":"https:\/\/edublog.educastur.es\/ixuxu\/wp-json\/wp\/v2\/media?parent=59940"}],"wp:term":[{"taxonomy":"category","embeddable":true,"href":"https:\/\/edublog.educastur.es\/ixuxu\/wp-json\/wp\/v2\/categories?post=59940"},{"taxonomy":"post_tag","embeddable":true,"href":"https:\/\/edublog.educastur.es\/ixuxu\/wp-json\/wp\/v2\/tags?post=59940"}],"curies":[{"name":"wp","href":"https:\/\/api.w.org\/{rel}","templated":true}]}}