{"id":59950,"date":"2025-10-17T08:25:38","date_gmt":"2025-10-17T06:25:38","guid":{"rendered":"https:\/\/edublog.educastur.es\/ixuxu\/?p=59950"},"modified":"2025-10-17T09:06:21","modified_gmt":"2025-10-17T07:06:21","slug":"59950","status":"publish","type":"post","link":"https:\/\/edublog.educastur.es\/ixuxu\/2025\/10\/59950\/","title":{"rendered":"El tiempu (El Comercio)"},"content":{"rendered":"<p style=\"text-align: center\">\n<p style=\"text-align: center\"><a href=\"https:\/\/s1.ppllstatics.com\/elcomercio\/www\/multimedia\/2025\/10\/16\/tiempo-asturias-viernes-17-octubre-kE3G-U2302588077118HVD-1200x870@El%20Comercio.jpg\"><img loading=\"lazy\" decoding=\"async\" class=\"aligncenter size-large\" src=\"https:\/\/s1.ppllstatics.com\/elcomercio\/www\/multimedia\/2025\/10\/16\/tiempo-asturias-viernes-17-octubre-kE3G-U2302588077118HVD-1200x870@El%20Comercio.jpg\" width=\"1200\" height=\"870\" \/><\/a><\/p>\n<p><strong>Volveremos tener<\/strong> una xornada estable nel Princip\u00e1u d&#8217;Asturies.<strong> Vamos amanecer<\/strong> con delles gurrianes na mari\u00f1a y, posiblemente, n&#8217;otros puntos de la met\u00e1 norte asturiana, ente que nel restu&#8217;l d\u00eda y\u00e1 va empezar soleyeru. <strong>A lo llargo de la ma\u00f1ana<\/strong>, les gurrianes van sumir y van abrise grandes claros de forma que, en pr\u00e1cticamente tola rex\u00f3n, los cielos van tar soleyeros. <strong>Los vientos<\/strong> van ser fluexos pudiendo predominar d&#8217;este na mari\u00f1a. <strong>Les temperatures m\u00e1ximes<\/strong> van xubir de forma xeneralizada ente 2 y 3 \u00baC. <strong>Les temperatures m\u00ednimes<\/strong> van baxar nel interior de forma llixera.<\/p>\n<p>&nbsp;<\/p>\n<p><!--more--><\/p>\n<p><strong>Ma\u00f1ana s\u00e1badu<\/strong> esperen cambeos significativos. La ma\u00f1ana va presentase asoleyada en tola Comunid\u00e1 Aut\u00f3noma pero, mientres la segunda met\u00e1 del d\u00eda, van apaecer nubes de tipu altu pol occidente que se van estender escontra l&#8217;oriente y, darr\u00e9u, van entrar tami\u00e9n nubes de tipu mediu. Tocantes a la probabilid\u00e1 de precipitaciones va ser bien baxa pero nun se refuga que pueda escapase dalguna gota nel oeste asturianu mientres la tarde-nueche. Les temperatures van xubir nuevamente gracies a un predominiu de vientos de sur.<\/p>\n","protected":false},"excerpt":{"rendered":"<p>Volveremos tener una xornada estable nel Princip\u00e1u d&#8217;Asturies. Vamos amanecer con delles gurrianes na mari\u00f1a y, posiblemente, n&#8217;otros puntos de la met\u00e1 norte asturiana, ente que nel restu&#8217;l d\u00eda y\u00e1 va empezar soleyeru. A lo llargo de la ma\u00f1ana, les gurrianes van sumir y van abrise grandes claros de forma que, en pr\u00e1cticamente tola rex\u00f3n, [&hellip;]<\/p>\n","protected":false},"author":117,"featured_media":0,"comment_status":"closed","ping_status":"open","sticky":false,"template":"","format":"standard","meta":{"footnotes":""},"categories":[5],"tags":[],"class_list":["post-59950","post","type-post","status-publish","format-standard","hentry","category-tiempu"],"_links":{"self":[{"href":"https:\/\/edublog.educastur.es\/ixuxu\/wp-json\/wp\/v2\/posts\/59950","targetHints":{"allow":["GET"]}}],"collection":[{"href":"https:\/\/edublog.educastur.es\/ixuxu\/wp-json\/wp\/v2\/posts"}],"about":[{"href":"https:\/\/edublog.educastur.es\/ixuxu\/wp-json\/wp\/v2\/types\/post"}],"author":[{"embeddable":true,"href":"https:\/\/edublog.educastur.es\/ixuxu\/wp-json\/wp\/v2\/users\/117"}],"replies":[{"embeddable":true,"href":"https:\/\/edublog.educastur.es\/ixuxu\/wp-json\/wp\/v2\/comments?post=59950"}],"version-history":[{"count":4,"href":"https:\/\/edublog.educastur.es\/ixuxu\/wp-json\/wp\/v2\/posts\/59950\/revisions"}],"predecessor-version":[{"id":59954,"href":"https:\/\/edublog.educastur.es\/ixuxu\/wp-json\/wp\/v2\/posts\/59950\/revisions\/59954"}],"wp:attachment":[{"href":"https:\/\/edublog.educastur.es\/ixuxu\/wp-json\/wp\/v2\/media?parent=59950"}],"wp:term":[{"taxonomy":"category","embeddable":true,"href":"https:\/\/edublog.educastur.es\/ixuxu\/wp-json\/wp\/v2\/categories?post=59950"},{"taxonomy":"post_tag","embeddable":true,"href":"https:\/\/edublog.educastur.es\/ixuxu\/wp-json\/wp\/v2\/tags?post=59950"}],"curies":[{"name":"wp","href":"https:\/\/api.w.org\/{rel}","templated":true}]}}