{"id":59960,"date":"2025-10-16T18:10:47","date_gmt":"2025-10-16T16:10:47","guid":{"rendered":"https:\/\/edublog.educastur.es\/ixuxu\/?p=59960"},"modified":"2025-10-17T10:18:19","modified_gmt":"2025-10-17T08:18:19","slug":"la-ministra-deducacion-asiste-al-congresu-nacional-de-radio-escolar-nuvieu","status":"publish","type":"post","link":"https:\/\/edublog.educastur.es\/ixuxu\/2025\/10\/la-ministra-deducacion-asiste-al-congresu-nacional-de-radio-escolar-nuvieu\/","title":{"rendered":"La ministra d&#8217;Educaci\u00f3n asiste al Congresu Nacional de Radio Escolar n&#8217;Uvi\u00e9u"},"content":{"rendered":"<ul>\n<li class=\"font-size-xxl margin-b-5 font-weight-b color-b-050 letter-spacing--1 fuente-corporativa\"><a href=\"https:\/\/www.rtpa.es\/noticias-asturias-ast\/2025-10-16\/La-ministra-d'Educacion-asiste-al-Congresu-Nacional-de-Radio-Escolar-n'Uvieu_111760610273.html\">La ministra d&#8217;Educaci\u00f3n asiste al Congresu Nacional de Radio Escolar n&#8217;Uvi\u00e9u<\/a><\/li>\n<\/ul>\n<p style=\"text-align: center\"><a href=\"https:\/\/www.rtpa.es\/fotos\/\/25\/10\/20251016134941_RTPA7230257.webp\"><img loading=\"lazy\" decoding=\"async\" class=\"alignnone size-large\" src=\"https:\/\/www.rtpa.es\/fotos\/\/25\/10\/20251016134941_RTPA7230257.webp\" width=\"853\" height=\"480\" \/><\/a><\/p>\n<p class=\"font-size-m padding-b-20 font-weight-b margin-t-16\">Pilar Alegr\u00eda comprom\u00e9tese \u00e9nte escolinos a reforzar la equid\u00e1 del sistema educativu. La ministra d&#8217;Educaci\u00f3n, Formaci\u00f3n Profesional y Deportes, Pilar Alegr\u00eda, va asistir esti xueves al Congresu Nacional de Radio Escolar 2025, al que van asistir 250 docentes de les distintes comunidaes aut\u00f3nomes. <a href=\"https:\/\/actualidad.asturias.es\/-\/el-principado-potencia-el-uso-de-la-radio-en-los-centros-educativos-con-80-proyectos-ya-inscritos-en-la-plataforma-educastur?redirect=%2Fnoticias\"><strong>Actualid\u00e1<\/strong> <\/a>\/<\/p>\n<p><!--more--><\/p>\n<p>La cita, que se va celebrar per dos d\u00edes nel Auditoriu Pr\u00edncipe Felipe d&#8217;Uvi\u00e9u, tien como oxetivu promover l&#8217;usu educativu de la radio escolar como mediu p&#8217;ameyorar los procesos d&#8217;ense\u00f1anza y aprendizaxe nes distintes etapes educatives, por aciu del espardimientu de proyectos y esperiencies desenvueltes nos centros escolares de tol pa\u00eds.<\/p>\n<p>Les xornaes, entamaes pol Ministeriu d&#8217;Educaci\u00f3n, Formaci\u00f3n Profesional y Deportes, en collaboraci\u00f3n col Princip\u00e1u d&#8217;Asturies, t\u00e1n dirix\u00edes a profesores de toles etapes educatives, personal de sofitu educativu y axentes de l&#8217;alministraci\u00f3n interesaos en conocer y compartir bones pr\u00e1ctiques rellacionaes cola radio escolar.<\/p>\n<p style=\"text-align: center\"><a href=\"https:\/\/actualidad.asturias.es\/documents\/537115\/2868046\/2025_10_16+Congreso+Radio+Escolar+2.jpg\/baf8ac4e-4a51-c856-10d2-13dad9b6147e?t=1760618603282\"><img loading=\"lazy\" decoding=\"async\" class=\"aligncenter size-large\" src=\"https:\/\/actualidad.asturias.es\/documents\/537115\/2868046\/2025_10_16+Congreso+Radio+Escolar+2.jpg\/baf8ac4e-4a51-c856-10d2-13dad9b6147e?t=1760618603282\" width=\"1600\" height=\"1200\" \/><\/a><\/p>\n","protected":false},"excerpt":{"rendered":"<p>La ministra d&#8217;Educaci\u00f3n asiste al Congresu Nacional de Radio Escolar n&#8217;Uvi\u00e9u Pilar Alegr\u00eda comprom\u00e9tese \u00e9nte escolinos a reforzar la equid\u00e1 del sistema educativu. La ministra d&#8217;Educaci\u00f3n, Formaci\u00f3n Profesional y Deportes, Pilar Alegr\u00eda, va asistir esti xueves al Congresu Nacional de Radio Escolar 2025, al que van asistir 250 docentes de les distintes comunidaes aut\u00f3nomes. Actualid\u00e1 [&hellip;]<\/p>\n","protected":false},"author":117,"featured_media":0,"comment_status":"closed","ping_status":"open","sticky":false,"template":"","format":"standard","meta":{"footnotes":""},"categories":[55],"tags":[],"class_list":["post-59960","post","type-post","status-publish","format-standard","hentry","category-radio"],"_links":{"self":[{"href":"https:\/\/edublog.educastur.es\/ixuxu\/wp-json\/wp\/v2\/posts\/59960","targetHints":{"allow":["GET"]}}],"collection":[{"href":"https:\/\/edublog.educastur.es\/ixuxu\/wp-json\/wp\/v2\/posts"}],"about":[{"href":"https:\/\/edublog.educastur.es\/ixuxu\/wp-json\/wp\/v2\/types\/post"}],"author":[{"embeddable":true,"href":"https:\/\/edublog.educastur.es\/ixuxu\/wp-json\/wp\/v2\/users\/117"}],"replies":[{"embeddable":true,"href":"https:\/\/edublog.educastur.es\/ixuxu\/wp-json\/wp\/v2\/comments?post=59960"}],"version-history":[{"count":3,"href":"https:\/\/edublog.educastur.es\/ixuxu\/wp-json\/wp\/v2\/posts\/59960\/revisions"}],"predecessor-version":[{"id":59966,"href":"https:\/\/edublog.educastur.es\/ixuxu\/wp-json\/wp\/v2\/posts\/59960\/revisions\/59966"}],"wp:attachment":[{"href":"https:\/\/edublog.educastur.es\/ixuxu\/wp-json\/wp\/v2\/media?parent=59960"}],"wp:term":[{"taxonomy":"category","embeddable":true,"href":"https:\/\/edublog.educastur.es\/ixuxu\/wp-json\/wp\/v2\/categories?post=59960"},{"taxonomy":"post_tag","embeddable":true,"href":"https:\/\/edublog.educastur.es\/ixuxu\/wp-json\/wp\/v2\/tags?post=59960"}],"curies":[{"name":"wp","href":"https:\/\/api.w.org\/{rel}","templated":true}]}}