{"id":59972,"date":"2025-10-17T09:00:19","date_gmt":"2025-10-17T07:00:19","guid":{"rendered":"https:\/\/edublog.educastur.es\/ixuxu\/?p=59972"},"modified":"2025-10-17T11:52:44","modified_gmt":"2025-10-17T09:52:44","slug":"59972","status":"publish","type":"post","link":"https:\/\/edublog.educastur.es\/ixuxu\/2025\/10\/59972\/","title":{"rendered":"D\u00eda Internacional para La Erradicaci\u00f3n de la Probeza."},"content":{"rendered":"<p style=\"text-align: center\"><a href=\"https:\/\/imgs.search.brave.com\/yWxmc9E_397KaOd1SChWFzUpvEWhuiCRm3T0c7MrRWk\/rs:fit:860:0:0:0\/g:ce\/aHR0cHM6Ly93d3cu\/ZWFwbi5lcy9BUkNI\/SVZPL2ZvdG9ncmFm\/aWFzL25vdGljaWFz\/LzE3MjkxMTUyODZf\/MTdvX2NhcnRlbF9k\/aWFfaW50ZXJuYWNp\/b25hbF9lcnJhZGlj\/YWNpbl9wb2JyZXph\/XzIwMjQtNC5wbmc\"><img loading=\"lazy\" decoding=\"async\" class=\"aligncenter \" src=\"https:\/\/imgs.search.brave.com\/yWxmc9E_397KaOd1SChWFzUpvEWhuiCRm3T0c7MrRWk\/rs:fit:860:0:0:0\/g:ce\/aHR0cHM6Ly93d3cu\/ZWFwbi5lcy9BUkNI\/SVZPL2ZvdG9ncmFm\/aWFzL25vdGljaWFz\/LzE3MjkxMTUyODZf\/MTdvX2NhcnRlbF9k\/aWFfaW50ZXJuYWNp\/b25hbF9lcnJhZGlj\/YWNpbl9wb2JyZXph\/XzIwMjQtNC5wbmc\" width=\"401\" height=\"171\" \/><\/a><\/p>\n<p>G\u00fcei s\u00ed falamos d&#8217;esta lacra, de los 12,7 millones de persones que s&#8217;atopen en riesgu de probeza o esclusi\u00f3n social nel nuesu pa\u00eds. Sicas\u00ed, esos 12,7 millones de persones tami\u00e9n s&#8217;atopaben nesa situaci\u00f3n ayeri, y tami\u00e9n lo tar\u00e1n ma\u00f1ana, si nun asumimos un compromisu firme pa erradicar esta vulneraci\u00f3n de derechos humanos. <a href=\"https:\/\/redagenda2030.es\/wp-content\/uploads\/2021\/09\/ODS-carta-local-1-17_compressed.pdf\">ODS 1<\/a><\/p>\n<p style=\"text-align: center\"><a href=\"https:\/\/imgs.search.brave.com\/JfwxB4hra7y5OOZo4SOtNwIm-sUD1bg7xfRa4lhwAWs\/rs:fit:500:0:1:0\/g:ce\/aHR0cHM6Ly91cGxv\/YWQud2lraW1lZGlh\/Lm9yZy93aWtpcGVk\/aWEvY29tbW9ucy90\/aHVtYi9mL2YxL1N1\/c3RhaW5hYmxlX0Rl\/dmVsb3BtZW50X0dv\/YWwtZXMtMTcuanBn\/LzUxMnB4LVN1c3Rh\/aW5hYmxlX0RldmVs\/b3BtZW50X0dvYWwt\/ZXMtMTcuanBn\"><img loading=\"lazy\" decoding=\"async\" class=\"aligncenter \" src=\"https:\/\/imgs.search.brave.com\/JfwxB4hra7y5OOZo4SOtNwIm-sUD1bg7xfRa4lhwAWs\/rs:fit:500:0:1:0\/g:ce\/aHR0cHM6Ly91cGxv\/YWQud2lraW1lZGlh\/Lm9yZy93aWtpcGVk\/aWEvY29tbW9ucy90\/aHVtYi9mL2YxL1N1\/c3RhaW5hYmxlX0Rl\/dmVsb3BtZW50X0dv\/YWwtZXMtMTcuanBn\/LzUxMnB4LVN1c3Rh\/aW5hYmxlX0RldmVs\/b3BtZW50X0dvYWwt\/ZXMtMTcuanBn\" width=\"241\" height=\"241\" \/><\/a><\/p>\n<p><!--more--><\/p>\n<p>Hist\u00f3ricamente, la probeza foi llargamente invisibilizada na nuesa socied\u00e1, lo que llev\u00f3 a una falta de comprensi\u00f3n y d&#8217;acci\u00f3n colectiva qu&#8217;encare les sos causes y consecuencies. Esta invisibilid\u00e1 non solo perpet\u00faa&#8217;l sufrimientu de millones de persones, sin\u00f3n que tami\u00e9n torga&#8217;l desenvolvimientu de pol\u00edtiques efectives qu&#8217;enceten de forma estructural esta problem\u00e1tica.<\/p>\n<p style=\"text-align: center\"><a href=\"https:\/\/imgs.search.brave.com\/wP3VVck5cPaIxIKXOfcRpBySoqdqolU5deqQ3LdCKgY\/rs:fit:860:0:0:0\/g:ce\/aHR0cHM6Ly91cGxv\/YWQud2lraW1lZGlh\/Lm9yZy93aWtpcGVk\/aWEvY29tbW9ucy9m\/L2ZhL0RiM1RzanZW\/d0FBZy1JQy5qcGc\"><img loading=\"lazy\" decoding=\"async\" class=\"aligncenter size-large\" src=\"https:\/\/imgs.search.brave.com\/wP3VVck5cPaIxIKXOfcRpBySoqdqolU5deqQ3LdCKgY\/rs:fit:860:0:0:0\/g:ce\/aHR0cHM6Ly91cGxv\/YWQud2lraW1lZGlh\/Lm9yZy93aWtpcGVk\/aWEvY29tbW9ucy9m\/L2ZhL0RiM1RzanZW\/d0FBZy1JQy5qcGc\" width=\"860\" height=\"665\" \/><\/a><\/p>\n","protected":false},"excerpt":{"rendered":"<p>G\u00fcei s\u00ed falamos d&#8217;esta lacra, de los 12,7 millones de persones que s&#8217;atopen en riesgu de probeza o esclusi\u00f3n social nel nuesu pa\u00eds. Sicas\u00ed, esos 12,7 millones de persones tami\u00e9n s&#8217;atopaben nesa situaci\u00f3n ayeri, y tami\u00e9n lo tar\u00e1n ma\u00f1ana, si nun asumimos un compromisu firme pa erradicar esta vulneraci\u00f3n de derechos humanos. ODS 1<\/p>\n","protected":false},"author":117,"featured_media":0,"comment_status":"closed","ping_status":"open","sticky":false,"template":"","format":"standard","meta":{"footnotes":""},"categories":[6,274],"tags":[],"class_list":["post-59972","post","type-post","status-publish","format-standard","hentry","category-dia-de","category-ods-2023"],"_links":{"self":[{"href":"https:\/\/edublog.educastur.es\/ixuxu\/wp-json\/wp\/v2\/posts\/59972","targetHints":{"allow":["GET"]}}],"collection":[{"href":"https:\/\/edublog.educastur.es\/ixuxu\/wp-json\/wp\/v2\/posts"}],"about":[{"href":"https:\/\/edublog.educastur.es\/ixuxu\/wp-json\/wp\/v2\/types\/post"}],"author":[{"embeddable":true,"href":"https:\/\/edublog.educastur.es\/ixuxu\/wp-json\/wp\/v2\/users\/117"}],"replies":[{"embeddable":true,"href":"https:\/\/edublog.educastur.es\/ixuxu\/wp-json\/wp\/v2\/comments?post=59972"}],"version-history":[{"count":5,"href":"https:\/\/edublog.educastur.es\/ixuxu\/wp-json\/wp\/v2\/posts\/59972\/revisions"}],"predecessor-version":[{"id":59977,"href":"https:\/\/edublog.educastur.es\/ixuxu\/wp-json\/wp\/v2\/posts\/59972\/revisions\/59977"}],"wp:attachment":[{"href":"https:\/\/edublog.educastur.es\/ixuxu\/wp-json\/wp\/v2\/media?parent=59972"}],"wp:term":[{"taxonomy":"category","embeddable":true,"href":"https:\/\/edublog.educastur.es\/ixuxu\/wp-json\/wp\/v2\/categories?post=59972"},{"taxonomy":"post_tag","embeddable":true,"href":"https:\/\/edublog.educastur.es\/ixuxu\/wp-json\/wp\/v2\/tags?post=59972"}],"curies":[{"name":"wp","href":"https:\/\/api.w.org\/{rel}","templated":true}]}}