{"id":59985,"date":"2025-10-19T18:00:56","date_gmt":"2025-10-19T16:00:56","guid":{"rendered":"https:\/\/edublog.educastur.es\/ixuxu\/?p=59985"},"modified":"2025-10-21T08:56:39","modified_gmt":"2025-10-21T06:56:39","slug":"premios-peincesa-dasturies-2025","status":"publish","type":"post","link":"https:\/\/edublog.educastur.es\/ixuxu\/2025\/10\/premios-peincesa-dasturies-2025\/","title":{"rendered":"Premios Princesa d&#8217;Asturies 2025: llegada de los premiaos a Uvi\u00e9u"},"content":{"rendered":"<ul>\n<li>Premiaos 2025\/ <a href=\"https:\/\/www.elcomercio.es\/premios-princesa\/conoce-premiados-premios-princesa-asturias-20251018190957-nt.html?ref=https%3A%2F%2Fwww.elcomercio.es%2F\">El Comercio<\/a> \/ <span class=\"html-span xdj266r x14z9mp xat24cr x1lziwak xexx8yu xyri2b x18d9i69 x1c1uobl x1hl2dhg x16tdsg8 x1vvkbs\"><a class=\"x1i10hfl xjbqb8w x1ejq31n x18oe1m7 x1sy0etr xstzfhl x972fbf x10w94by x1qhh985 x14e42zd x9f619 x1ypdohk xt0psk2 x3ct3a4 xdj266r x14z9mp xat24cr x1lziwak xexx8yu xyri2b x18d9i69 x1c1uobl x16tdsg8 x1hl2dhg xggy1nq x1a2a7pz xkrqix3 x1sur9pj x1fey0fg x1s688f\" role=\"link\" href=\"https:\/\/www.facebook.com\/hashtag\/premiosprincesadeasturias?__eep__=6&amp;__cft__[0]=AZUv0mcNF3KZDeTjPC4F_LJqv-WYuXDGh1Sl968GijPIo-sWdoMGohC76KCn4XXDR8KFPTieFkUAfjNct4Edcve8JVDOd4WDuDXcg5x0aQkB68pU6uDVxoO6hTKzBS-gWD3QUkYWEj7XdwemyCu4MvFBovxQHnVVxpAtwU-nPmctXiugahiNhw9eDeGkuvaqhQHkHCfntrEpEdn48i5jYChO&amp;__tn__=*NK-y-R\">#PremiosPrincesadeAsturias<\/a><\/span><\/li>\n<li>\/\u00a0<a href=\"https:\/\/www.instagram.com\/fundacionprincesadeasturias\">https:\/\/www.instagram.com\/fundacionprincesadeasturias<\/a><\/li>\n<\/ul>\n<div class=\"html-div xdj266r x14z9mp xat24cr x1lziwak xexx8yu x1a8lsjc xf7dkkf xv54qhq\">\n<div class=\"html-div xdj266r x14z9mp xat24cr x1lziwak xexx8yu xyri2b x18d9i69 x1c1uobl x1jx94hy x78zum5 x1q0g3np\">\n<div class=\"x78zum5 xdt5ytf xz62fqu x16ldp7u\">\n<div class=\"xu06os2 x1ok221b\">\n<div class=\"html-div xdj266r x14z9mp xat24cr x1lziwak xexx8yu xyri2b x18d9i69 x1c1uobl\" data-ad-rendering-role=\"profile_name\">\n<ul>\n<li class=\"html-h3 x14z9mp xat24cr x1lziwak xexx8yu xyri2b x18d9i69 x1c1uobl x1vvkbs x1heor9g x1qlqyl8 x1pd3egz x1a2a7pz x1gslohp x1yc453h\"><span class=\"x1lliihq x6ikm8r x10wlt62 x1n2onr6\"><span class=\"x193iq5w xeuugli x13faqbe x1vvkbs x1xmvt09 x1f6kntn xvq8zen xo1l8bm xi81zsa\"><b class=\"html-b xdj266r x14z9mp xat24cr x1lziwak xexx8yu xyri2b x18d9i69 x1c1uobl x1hl2dhg x16tdsg8 x1vvkbs x1s688f\"><span class=\"xt0psk2\"><span class=\"html-span xdj266r x14z9mp xat24cr x1lziwak xexx8yu xyri2b x18d9i69 x1c1uobl x1hl2dhg x16tdsg8 x1vvkbs\"><a class=\"x1i10hfl xjbqb8w x1ejq31n x18oe1m7 x1sy0etr xstzfhl x972fbf x10w94by x1qhh985 x14e42zd x9f619 x1ypdohk xt0psk2 x3ct3a4 xdj266r x14z9mp xat24cr x1lziwak xexx8yu xyri2b x18d9i69 x1c1uobl x16tdsg8 x1hl2dhg xggy1nq x1a2a7pz xkrqix3 x1sur9pj xzsf02u x1s688f\" role=\"link\" href=\"https:\/\/www.facebook.com\/fpa?__cft__[0]=AZUv0mcNF3KZDeTjPC4F_LJqv-WYuXDGh1Sl968GijPIo-sWdoMGohC76KCn4XXDR8KFPTieFkUAfjNct4Edcve8JVDOd4WDuDXcg5x0aQkB68pU6uDVxoO6hTKzBS-gWD3QUkYWEj7XdwemyCu4MvFBovxQHnVVxpAtwU-nPmctXiugahiNhw9eDeGkuvaqhQHkHCfntrEpEdn48i5jYChO&amp;__tn__=-]C%2CP-y-R\">Fundaci\u00f3n Princesa de Asturias<\/a><\/span><\/span><\/b><\/span><\/span>\/ \u00a9FPA | Iv\u00e1n Mart\u00ednez \/<\/li>\n<li>F\u00e1brica de la Vega: <a href=\"https:\/\/www.instagram.com\/reel\/DP_6dqXDGbf\/?utm_source=ig_web_copy_link\">videu<\/a> \/<\/li>\n<li class=\"html-h3 x14z9mp xat24cr x1lziwak xexx8yu xyri2b x18d9i69 x1c1uobl x1vvkbs x1heor9g x1qlqyl8 x1pd3egz x1a2a7pz x1gslohp x1yc453h\"><b class=\"html-b xdj266r x14z9mp xat24cr x1lziwak xexx8yu xyri2b x18d9i69 x1c1uobl x1hl2dhg x16tdsg8 x1vvkbs x1s688f\"><span class=\"html-span xdj266r x14z9mp xat24cr x1lziwak xexx8yu xyri2b x18d9i69 x1c1uobl x1hl2dhg x16tdsg8 x1vvkbs\"><a class=\"x1i10hfl xjbqb8w x1ejq31n x18oe1m7 x1sy0etr xstzfhl x972fbf x10w94by x1qhh985 x14e42zd x9f619 x1ypdohk xt0psk2 x3ct3a4 xdj266r x14z9mp xat24cr x1lziwak xexx8yu xyri2b x18d9i69 x1c1uobl x16tdsg8 x1hl2dhg xggy1nq x1a2a7pz xkrqix3 x1sur9pj xzsf02u x1s688f\" role=\"link\" href=\"https:\/\/www.facebook.com\/media\/set\/?vanity=fpa&amp;set=a.1239988984840850&amp;__cft__[0]=AZUv0mcNF3KZDeTjPC4F_LJqv-WYuXDGh1Sl968GijPIo-sWdoMGohC76KCn4XXDR8KFPTieFkUAfjNct4Edcve8JVDOd4WDuDXcg5x0aQkB68pU6uDVxoO6hTKzBS-gWD3QUkYWEj7XdwemyCu4MvFBovxQHnVVxpAtwU-nPmctXiugahiNhw9eDeGkuvaqhQHkHCfntrEpEdn48i5jYChO&amp;__tn__=-UC%2CP-y-R\">Premiu Princesa d&#8217;Asturies de les Artes 2025<\/a><\/span><\/b><\/li>\n<\/ul>\n<p style=\"text-align: center\"><a href=\"https:\/\/www.fpa.es\/resources\/img\/portal\/2025\/10\/14\/calendario-de-ruedas-de-prensa-y-llegadas-de-los-galardonados-a-asturias-2025.webp\"><img loading=\"lazy\" decoding=\"async\" class=\"aligncenter size-large\" src=\"https:\/\/www.fpa.es\/resources\/img\/portal\/2025\/10\/14\/calendario-de-ruedas-de-prensa-y-llegadas-de-los-galardonados-a-asturias-2025.webp\" width=\"1080\" height=\"582\" \/><\/a><\/p>\n<\/div>\n<\/div>\n<div class=\"html-div xdj266r x14z9mp xat24cr x1lziwak xexx8yu xyri2b x18d9i69 x1c1uobl x6s0dn4 x17zd0t2 x78zum5 x1q0g3np x1a02dak\">\n<p>Los galardonaos colos Premios Princesa d&#8217;Asturies 2025, que la so ceremonia d&#8217;entrega va tener llugar el pr\u00f3ximu vienres 24 d&#8217;ochobre nel Teatru Campoamor d&#8217;Uvi\u00e9u, van empezar a llegar al Princip\u00e1u d&#8217;Asturies el domingu 19 d&#8217;ochobre. <strong>Graciela Iturbide<\/strong>, Premio Princesa d&#8217;Asturies de les Artes; <strong>Eduardo Mendoza<\/strong>, Premio Princesa d&#8217;Asturies de les Lletres, y <strong>Mary-Claire King<\/strong>, Premio Princesa d&#8217;Asturies d&#8217;Investigaci\u00f3n Cient\u00edfica y T\u00e9cnica, van ser los primeres galardonaos en llegar a Asturies.<\/p>\n<\/div>\n<\/div>\n<\/div>\n<\/div>\n<p><!--more--><\/p>\n<div class=\"html-div xdj266r x14z9mp xat24cr x1lziwak xexx8yu xyri2b x18d9i69 x1c1uobl\" dir=\"auto\">\n<div class=\"html-div xdj266r x14z9mp xat24cr x1lziwak xexx8yu xyri2b x18d9i69 x1c1uobl\" dir=\"auto\">\n<div class=\"html-div xdj266r x14z9mp xat24cr x1lziwak xexx8yu xyri2b x18d9i69 x1c1uobl\" data-ad-rendering-role=\"story_message\">\n<div class=\"x1l90r2v x1iorvi4 x1g0dm76 xpdmqnj\" data-ad-comet-preview=\"message\" data-ad-preview=\"message\">\n<div class=\"x78zum5 xdt5ytf xz62fqu x16ldp7u\">\n<div class=\"xu06os2 x1ok221b\">\n<div class=\"html-div xdj266r x14z9mp xat24cr x1lziwak xexx8yu xyri2b x18d9i69 x1c1uobl\">\n<div class=\"xdj266r x14z9mp xat24cr x1lziwak x1vvkbs x126k92a\">\n<div dir=\"auto\">\n<p class=\"font-size-xxl margin-b-5 font-weight-b color-b-050 letter-spacing--1 fuente-corporativa\">Byung-Chul Han, Premiu Princesa d&#8217;Asturies d&#8217;Humanidaes, y\u00e1 ta n&#8217;Uvi\u00e9u.<\/p>\n<p style=\"text-align: center\"><a href=\"https:\/\/www.rtpa.es\/fotos\/\/25\/10\/20251020193156_RTPA7247045.webp\"><img loading=\"lazy\" decoding=\"async\" class=\"aligncenter size-large\" src=\"https:\/\/www.rtpa.es\/fotos\/\/25\/10\/20251020193156_RTPA7247045.webp\" width=\"853\" height=\"480\" \/><\/a><\/p>\n<\/div>\n<\/div>\n<div dir=\"auto\">\n<p>El pensador alem\u00e1n d&#8217;orixe surcoreanu Byung-Chul Han lleg\u00f3 esti llunes a Uvi\u00e9u pa recoyer el pr\u00f3ximu vienres el Premiu Princesa d&#8217;Asturies de Comunicaci\u00f3n y Humanidaes 2025 na ceremonia que los reis d&#8217;Espa\u00f1a van presidir nel Teatru Campoamor.<\/p>\n<p>El galardon\u00e1u, sestu premi\u00e1u en llegar a la capital asturiana, foi recib\u00edu poco primero de les 18:00 hores nel Hotel de la Reconquista d&#8217;Uvi\u00e9u pola directora de la Fundaci\u00f3n Princesa d&#8217;Asturies, Teresa Sanjurjo.<\/p>\n<p>Na xornada de g\u00fcei tami\u00e9n llegaron a Uvi\u00e9u l&#8217;historiador Antonio Saborit, director del Mus\u00e9u Nacional d&#8217;Antropolox\u00eda de M\u00e9xico, instituci\u00f3n distinguida col premiu de la Concordia, y el soci\u00f3logu y dem\u00f3grafu de los EEXX Douglas Massey, galardon\u00e1u col de Ciencies Sociales, dempu\u00e9s de qu&#8217;ayeri lo fixeren la fot\u00f3grafa mexicana Graciela Iturbide (Artes), la xenetista de los EEXX Mary-Claire King (Investigaci\u00f3n Cient\u00edfica y T\u00e9cnica) y l&#8217;escritor barcelon\u00e9s Eduardo Mendoza (Lletres).<\/p>\n<hr \/>\n<\/div>\n<div class=\"xdj266r x14z9mp xat24cr x1lziwak x1vvkbs x126k92a\">\n<div dir=\"auto\">La fot\u00f3grafa mexicana <strong>Graciela Iturbide<\/strong>, Premio Princesa d&#8217;Asturies de les Artes 2025, mientres el recibimientu oficial nel Hotel de la Reconquista, n&#8217;Uvi\u00e9u. <a href=\"https:\/\/www.instagram.com\/gracielaiturbide\">https:\/\/www.instagram.com\/gracielaiturbide<\/a><\/div>\n<\/div>\n<div class=\"x14z9mp xat24cr x1lziwak x1vvkbs xtlvy1s x126k92a\">\n<div dir=\"auto\"><\/div>\n<\/div>\n<div class=\"x14z9mp xat24cr x1lziwak x1vvkbs xtlvy1s x126k92a\">\n<div dir=\"auto\" style=\"text-align: center\">\n<!-- iframe plugin v.6.0 wordpress.org\/plugins\/iframe\/ -->\n<iframe loading=\"lazy\" src=\"https:\/\/www.facebook.com\/plugins\/post.php?href=https%3A%2F%2Fwww.facebook.com%2Fphoto.php%3Ffbid%3D1239996434840105%26set%3Da.1239988984840850%26type%3D3&#038;show_text=false&#038;width=500\" width=\"500\" height=\"750\" style=\"border:none;overflow:hidden\" scrolling=\"no\" frameborder=\"0\" allowfullscreen=\"true\" allow=\"autoplay; clipboard-write; encrypted-media; picture-in-picture; web-share\" 0=\"\/iframe\" class=\"iframe-class\"><\/iframe>\n<\/div>\n<div dir=\"auto\" style=\"text-align: center\"><\/div>\n<div dir=\"auto\" style=\"text-align: center\"><\/div>\n<\/div>\n<div class=\"x14z9mp xat24cr x1lziwak x1vvkbs xtlvy1s x126k92a\">\n<div dir=\"auto\"><\/div>\n<\/div>\n<\/div>\n<\/div>\n<\/div>\n<\/div>\n<\/div>\n<\/div>\n<\/div>\n<p>&nbsp;<\/p>\n","protected":false},"excerpt":{"rendered":"<p>Premiaos 2025\/ El Comercio \/ #PremiosPrincesadeAsturias \/\u00a0https:\/\/www.instagram.com\/fundacionprincesadeasturias Fundaci\u00f3n Princesa de Asturias\/ \u00a9FPA | Iv\u00e1n Mart\u00ednez \/ F\u00e1brica de la Vega: videu \/ Premiu Princesa d&#8217;Asturies de les Artes 2025 Los galardonaos colos Premios Princesa d&#8217;Asturies 2025, que la so ceremonia d&#8217;entrega va tener llugar el pr\u00f3ximu vienres 24 d&#8217;ochobre nel Teatru Campoamor d&#8217;Uvi\u00e9u, van empezar [&hellip;]<\/p>\n","protected":false},"author":117,"featured_media":0,"comment_status":"closed","ping_status":"open","sticky":false,"template":"","format":"standard","meta":{"footnotes":""},"categories":[28],"tags":[],"class_list":["post-59985","post","type-post","status-publish","format-standard","hentry","category-premios-princesa-da"],"_links":{"self":[{"href":"https:\/\/edublog.educastur.es\/ixuxu\/wp-json\/wp\/v2\/posts\/59985","targetHints":{"allow":["GET"]}}],"collection":[{"href":"https:\/\/edublog.educastur.es\/ixuxu\/wp-json\/wp\/v2\/posts"}],"about":[{"href":"https:\/\/edublog.educastur.es\/ixuxu\/wp-json\/wp\/v2\/types\/post"}],"author":[{"embeddable":true,"href":"https:\/\/edublog.educastur.es\/ixuxu\/wp-json\/wp\/v2\/users\/117"}],"replies":[{"embeddable":true,"href":"https:\/\/edublog.educastur.es\/ixuxu\/wp-json\/wp\/v2\/comments?post=59985"}],"version-history":[{"count":12,"href":"https:\/\/edublog.educastur.es\/ixuxu\/wp-json\/wp\/v2\/posts\/59985\/revisions"}],"predecessor-version":[{"id":60090,"href":"https:\/\/edublog.educastur.es\/ixuxu\/wp-json\/wp\/v2\/posts\/59985\/revisions\/60090"}],"wp:attachment":[{"href":"https:\/\/edublog.educastur.es\/ixuxu\/wp-json\/wp\/v2\/media?parent=59985"}],"wp:term":[{"taxonomy":"category","embeddable":true,"href":"https:\/\/edublog.educastur.es\/ixuxu\/wp-json\/wp\/v2\/categories?post=59985"},{"taxonomy":"post_tag","embeddable":true,"href":"https:\/\/edublog.educastur.es\/ixuxu\/wp-json\/wp\/v2\/tags?post=59985"}],"curies":[{"name":"wp","href":"https:\/\/api.w.org\/{rel}","templated":true}]}}