{"id":59987,"date":"2025-10-19T08:37:20","date_gmt":"2025-10-19T06:37:20","guid":{"rendered":"https:\/\/edublog.educastur.es\/ixuxu\/?p=59987"},"modified":"2025-10-19T10:41:48","modified_gmt":"2025-10-19T08:41:48","slug":"el-tiempu-el-comercio-163","status":"publish","type":"post","link":"https:\/\/edublog.educastur.es\/ixuxu\/2025\/10\/el-tiempu-el-comercio-163\/","title":{"rendered":"El tiempu (El Comercio)"},"content":{"rendered":"<p style=\"text-align: center\"><a href=\"https:\/\/s2.ppllstatics.com\/elcomercio\/www\/multimedia\/2025\/10\/18\/tiempo-asturias-domingo-19-octubre-kIAF-U2302588077118HVD-1200x870@El%20Comercio.jpg\"><img loading=\"lazy\" decoding=\"async\" class=\"aligncenter size-large\" src=\"https:\/\/s2.ppllstatics.com\/elcomercio\/www\/multimedia\/2025\/10\/18\/tiempo-asturias-domingo-19-octubre-kIAF-U2302588077118HVD-1200x870@El%20Comercio.jpg\" width=\"1200\" height=\"870\" \/><\/a><\/p>\n<p>Vamos encarar el d\u00eda con unes condiciones meteorol\u00f3xiques bien distintes a les que vivimos esta selmana. El pasu d&#8217;un frente fr\u00edu n&#8217;altor va condicionar claramente l&#8217;est\u00e1u del tiempu. <strong>Los cielos<\/strong> van tar bien nublos y van dexar precipitaciones que van empezar entrando pol occidente y van dise estendiendo al restu. Asina tou, va ser nel sector occidental onde van ser m\u00e1s frecuentes.<strong> Los vientos<\/strong> van predominar de sur-suroeste con raches que podr\u00eden aportar a localmente fuertes nel cordal, pudiendo algamar los 90 km\/h. Nel restu de la rex\u00f3n van ser moderaos a lo sumo. <strong>Les temperatures m\u00e1ximes<\/strong> van baxar de forma xeneralizada. Concretamente, van baxar hasta 4 o 5 \u00baC respectu al s\u00e1badu, siendo&#8217;l descensu m\u00e1s nidiu cuanto m\u00e1s movamos escontra la mari\u00f1a.<\/p>\n<p>Sicas\u00ed,<strong> les temperatures m\u00ednimes<\/strong> van xubir hasta 4 \u00baC m\u00e1s que&#8217;l s\u00e1badu gracies al predominiu de vientos de componente sur. Ma\u00f1ana llunes volver\u00e1n baxar les m\u00e1ximes y, nesti casu, tami\u00e9n lo fadr\u00e1n les m\u00ednimes nel centru y nel oriente asturianu. Los cielos para ma\u00f1ana van presentar nubes y escamplaes con posibilid\u00e1 de dellos bastios a partir de la tarde. Los vientos esp\u00e9rense de componente oeste moderaos.<\/p>\n","protected":false},"excerpt":{"rendered":"<p>Vamos encarar el d\u00eda con unes condiciones meteorol\u00f3xiques bien distintes a les que vivimos esta selmana. El pasu d&#8217;un frente fr\u00edu n&#8217;altor va condicionar claramente l&#8217;est\u00e1u del tiempu. Los cielos van tar bien nublos y van dexar precipitaciones que van empezar entrando pol occidente y van dise estendiendo al restu. Asina tou, va ser nel [&hellip;]<\/p>\n","protected":false},"author":117,"featured_media":0,"comment_status":"closed","ping_status":"open","sticky":false,"template":"","format":"standard","meta":{"footnotes":""},"categories":[5],"tags":[],"class_list":["post-59987","post","type-post","status-publish","format-standard","hentry","category-tiempu"],"_links":{"self":[{"href":"https:\/\/edublog.educastur.es\/ixuxu\/wp-json\/wp\/v2\/posts\/59987","targetHints":{"allow":["GET"]}}],"collection":[{"href":"https:\/\/edublog.educastur.es\/ixuxu\/wp-json\/wp\/v2\/posts"}],"about":[{"href":"https:\/\/edublog.educastur.es\/ixuxu\/wp-json\/wp\/v2\/types\/post"}],"author":[{"embeddable":true,"href":"https:\/\/edublog.educastur.es\/ixuxu\/wp-json\/wp\/v2\/users\/117"}],"replies":[{"embeddable":true,"href":"https:\/\/edublog.educastur.es\/ixuxu\/wp-json\/wp\/v2\/comments?post=59987"}],"version-history":[{"count":1,"href":"https:\/\/edublog.educastur.es\/ixuxu\/wp-json\/wp\/v2\/posts\/59987\/revisions"}],"predecessor-version":[{"id":59988,"href":"https:\/\/edublog.educastur.es\/ixuxu\/wp-json\/wp\/v2\/posts\/59987\/revisions\/59988"}],"wp:attachment":[{"href":"https:\/\/edublog.educastur.es\/ixuxu\/wp-json\/wp\/v2\/media?parent=59987"}],"wp:term":[{"taxonomy":"category","embeddable":true,"href":"https:\/\/edublog.educastur.es\/ixuxu\/wp-json\/wp\/v2\/categories?post=59987"},{"taxonomy":"post_tag","embeddable":true,"href":"https:\/\/edublog.educastur.es\/ixuxu\/wp-json\/wp\/v2\/tags?post=59987"}],"curies":[{"name":"wp","href":"https:\/\/api.w.org\/{rel}","templated":true}]}}