{"id":60006,"date":"2025-11-01T10:00:07","date_gmt":"2025-11-01T08:00:07","guid":{"rendered":"https:\/\/edublog.educastur.es\/ixuxu\/?p=60006"},"modified":"2025-11-12T15:49:35","modified_gmt":"2025-11-12T13:49:35","slug":"xxxiv-certame-de-la-castana-y-productos-de-la-guerta","status":"publish","type":"post","link":"https:\/\/edublog.educastur.es\/ixuxu\/2025\/11\/xxxiv-certame-de-la-castana-y-productos-de-la-guerta\/","title":{"rendered":"XXXIV Certame de la Casta\u00f1a y Productos de la G\u00fcerta."},"content":{"rendered":"<p style=\"text-align: center\"><span class=\"x193iq5w xeuugli x13faqbe x1vvkbs xt0psk2 x1i0vuye xvs91rp xo1l8bm x5n08af x10wh9bi xpm28yp x8viiok x1o7cslx x126k92a\"><span class=\"html-span xexx8yu x4uap5 x18d9i69 xkhd6sd x1hl2dhg x16tdsg8 x1vvkbs x3nfvp2 x1j61x8r x1fcty0u xdj266r xat24cr xgzva0m xhhsvwb xxymvpz xlup9mm x1kky2od\">\n<!-- iframe plugin v.6.0 wordpress.org\/plugins\/iframe\/ -->\n<iframe loading=\"lazy\" src=\"https:\/\/www.instagram.com\/reel\/DP_OZ7niO_g\/embed\" width=\"500\" height=\"640\" 0=\"\/iframe\" scrolling=\"yes\" class=\"iframe-class\" frameborder=\"0\"><\/iframe>\n<\/span><\/span><\/p>\n<div dir=\"auto\" style=\"text-align: center\">XXXIV\u00a0 Certame de la Casta\u00f1a y Productos de la G\u00fcerta.<\/div>\n<div dir=\"auto\">.<\/div>\n<div dir=\"auto\" style=\"text-align: center\"><span style=\"color: #3366ff\"><strong><em>8 y 9 de Payares. Les Arriondes (Parres)<\/em><\/strong><\/span><\/div>\n<div dir=\"auto\"><\/div>\n<p><!--more--><\/p>\n<div dir=\"auto\">\n<p>El programa contempla numberoses actividaes culturales, infantiles, concursos de Preba de la Sidra y d&#8217;Escanciadores, amag\u00fcestu y talleres gastron\u00f3micos. La cortil va permanecer abiertu para los espositores los d\u00edes s\u00e1badu 8 y domingu 9, quien van participar nes secciones de Casta\u00f1a, G\u00fcerta, Agricultura Ecol\u00f3xica, Agroalimentaci\u00f3n y Artesan\u00eda.<\/p>\n<p><a href=\"https:\/\/www.elfielato.es\/asset\/thumbnail,1920,1080,center,center\/media\/elfielato\/images\/2025\/10\/17\/2025101717003889273.jpg\"><img loading=\"lazy\" decoding=\"async\" class=\"aligncenter size-large\" src=\"https:\/\/www.elfielato.es\/asset\/thumbnail,1920,1080,center,center\/media\/elfielato\/images\/2025\/10\/17\/2025101717003889273.jpg\" width=\"1000\" height=\"666\" \/><\/a><\/p>\n<\/div>\n<p style=\"text-align: center\"><a href=\"https:\/\/s1.ppllstatics.com\/elcomercio\/www\/multimedia\/2024\/11\/04\/parres-castana-kb0E-U2201710614436MTH-1200x840@El%20Comercio.jpg\"><img loading=\"lazy\" decoding=\"async\" class=\"aligncenter size-large\" src=\"https:\/\/s1.ppllstatics.com\/elcomercio\/www\/multimedia\/2024\/11\/04\/parres-castana-kb0E-U2201710614436MTH-1200x840@El%20Comercio.jpg\" width=\"1200\" height=\"840\" \/><\/a><\/p>\n<p style=\"text-align: center\"><a href=\"https:\/\/encrypted-tbn0.gstatic.com\/images?q=tbn:ANd9GcTRkQUm4eHgkjaAwiGdKJilsnPKpEPOp6wqmA&amp;s\"><img loading=\"lazy\" decoding=\"async\" class=\"aligncenter size-large\" src=\"https:\/\/encrypted-tbn0.gstatic.com\/images?q=tbn:ANd9GcTRkQUm4eHgkjaAwiGdKJilsnPKpEPOp6wqmA&amp;s\" width=\"275\" height=\"183\" \/><\/a><\/p>\n<p style=\"text-align: center\">\n<!-- iframe plugin v.6.0 wordpress.org\/plugins\/iframe\/ -->\n<iframe loading=\"lazy\" src=\"https:\/\/www.facebook.com\/plugins\/post.php?href=https%3A%2F%2Fwww.facebook.com%2FArriondascom%2Fposts%2Fpfbid0wjjWVYmkeZaG7QkaYvKwVs2WjgJSzYL88bDNd8ScKwzuLZBFbsVa4HG3Z48JNRcDl&#038;show_text=false&#038;width=500\" width=\"500\" height=\"497\" style=\"border:none;overflow:hidden\" scrolling=\"no\" frameborder=\"0\" allowfullscreen=\"true\" allow=\"autoplay; clipboard-write; encrypted-media; picture-in-picture; web-share\" 0=\"\/iframe\" class=\"iframe-class\"><\/iframe>\n<\/p>\n<p style=\"text-align: center\">\n<!-- iframe plugin v.6.0 wordpress.org\/plugins\/iframe\/ -->\n<iframe loading=\"lazy\" src=\"https:\/\/www.facebook.com\/plugins\/video.php?height=476&#038;href=https%3A%2F%2Fwww.facebook.com%2Freel%2F1507210620420186%2F&#038;show_text=false&#038;width=267&#038;t=0\" width=\"267\" height=\"476\" style=\"border:none;overflow:hidden\" scrolling=\"no\" frameborder=\"0\" allowfullscreen=\"true\" allow=\"autoplay; clipboard-write; encrypted-media; picture-in-picture; web-share\" 0=\"\/iframe\" class=\"iframe-class\"><\/iframe>\n<\/p>\n","protected":false},"excerpt":{"rendered":"<p>XXXIV\u00a0 Certame de la Casta\u00f1a y Productos de la G\u00fcerta. . 8 y 9 de Payares. Les Arriondes (Parres)<\/p>\n","protected":false},"author":117,"featured_media":0,"comment_status":"closed","ping_status":"open","sticky":false,"template":"","format":"standard","meta":{"footnotes":""},"categories":[138,74],"tags":[],"class_list":["post-60006","post","type-post","status-publish","format-standard","hentry","category-alimentos","category-certame"],"_links":{"self":[{"href":"https:\/\/edublog.educastur.es\/ixuxu\/wp-json\/wp\/v2\/posts\/60006","targetHints":{"allow":["GET"]}}],"collection":[{"href":"https:\/\/edublog.educastur.es\/ixuxu\/wp-json\/wp\/v2\/posts"}],"about":[{"href":"https:\/\/edublog.educastur.es\/ixuxu\/wp-json\/wp\/v2\/types\/post"}],"author":[{"embeddable":true,"href":"https:\/\/edublog.educastur.es\/ixuxu\/wp-json\/wp\/v2\/users\/117"}],"replies":[{"embeddable":true,"href":"https:\/\/edublog.educastur.es\/ixuxu\/wp-json\/wp\/v2\/comments?post=60006"}],"version-history":[{"count":8,"href":"https:\/\/edublog.educastur.es\/ixuxu\/wp-json\/wp\/v2\/posts\/60006\/revisions"}],"predecessor-version":[{"id":61405,"href":"https:\/\/edublog.educastur.es\/ixuxu\/wp-json\/wp\/v2\/posts\/60006\/revisions\/61405"}],"wp:attachment":[{"href":"https:\/\/edublog.educastur.es\/ixuxu\/wp-json\/wp\/v2\/media?parent=60006"}],"wp:term":[{"taxonomy":"category","embeddable":true,"href":"https:\/\/edublog.educastur.es\/ixuxu\/wp-json\/wp\/v2\/categories?post=60006"},{"taxonomy":"post_tag","embeddable":true,"href":"https:\/\/edublog.educastur.es\/ixuxu\/wp-json\/wp\/v2\/tags?post=60006"}],"curies":[{"name":"wp","href":"https:\/\/api.w.org\/{rel}","templated":true}]}}