{"id":60031,"date":"2025-10-18T09:00:36","date_gmt":"2025-10-18T07:00:36","guid":{"rendered":"https:\/\/edublog.educastur.es\/ixuxu\/?p=60031"},"modified":"2025-10-19T20:31:42","modified_gmt":"2025-10-19T18:31:42","slug":"60031","status":"publish","type":"post","link":"https:\/\/edublog.educastur.es\/ixuxu\/2025\/10\/60031\/","title":{"rendered":"D\u00eda Mundial de la protecci\u00f3n de la Naturaleza"},"content":{"rendered":"<div class=\"html-div xdj266r x14z9mp xat24cr x1lziwak xexx8yu x1a8lsjc xf7dkkf xv54qhq\">\n<div class=\"html-div xdj266r x14z9mp xat24cr x1lziwak xexx8yu xyri2b x18d9i69 x1c1uobl x1jx94hy x78zum5 x1q0g3np\">\n<div class=\"x78zum5 xdt5ytf xz62fqu x16ldp7u\">\n<div class=\"xu06os2 x1ok221b\">\n<div class=\"html-div xdj266r x14z9mp xat24cr x1lziwak xexx8yu xyri2b x18d9i69 x1c1uobl\" data-ad-rendering-role=\"profile_name\">\n<ul>\n<li class=\"html-h3 x14z9mp xat24cr x1lziwak xexx8yu xyri2b x18d9i69 x1c1uobl x1vvkbs x1heor9g x1qlqyl8 x1pd3egz x1a2a7pz x1gslohp x1yc453h\"><span class=\"x1lliihq x6ikm8r x10wlt62 x1n2onr6\"><span class=\"xt0psk2\"><a class=\"x1i10hfl xjbqb8w x1ejq31n x18oe1m7 x1sy0etr xstzfhl x972fbf x10w94by x1qhh985 x14e42zd x9f619 x1ypdohk xt0psk2 x3ct3a4 xdj266r x14z9mp xat24cr x1lziwak xexx8yu xyri2b x18d9i69 x1c1uobl x16tdsg8 x1hl2dhg xggy1nq x1a2a7pz xkrqix3 x1sur9pj xzsf02u x1s688f\" role=\"link\" href=\"https:\/\/www.facebook.com\/fundacionbiodiversidad?__cft__[0]=AZU46jaSw90Y1L7diZGWEgJQzdKtE50K0H5wQJosJtdtECoIAjUsl2LIS0MjmNcGgjMAN87BegMpGZwdxIa1Up1MqS7DyDriAQL0LstZDMIj_eka6gRnJ7e9HwY8_M3wxome844OOELAaboqEkXpCgiLlzRIruMG8UJtyabNB07LCNpEVNM6iOYbmAZ_ozPQxpMFKzhHHXsOXkkSdgadJC2v&amp;__tn__=-UC%2CP-y-R\"><b class=\"html-b xdj266r x14z9mp xat24cr x1lziwak xexx8yu xyri2b x18d9i69 x1c1uobl x1hl2dhg x16tdsg8 x1vvkbs x1s688f\"><span class=\"html-span xdj266r x14z9mp xat24cr x1lziwak xexx8yu xyri2b x18d9i69 x1c1uobl x1hl2dhg x16tdsg8 x1vvkbs\">Fundaci\u00f3n Biodiversidad<\/span><\/b><\/a><\/span><\/span>\/<a class=\"x1i10hfl xjbqb8w x1ejq31n x18oe1m7 x1sy0etr xstzfhl x972fbf x10w94by x1qhh985 x14e42zd x9f619 x1ypdohk xt0psk2 x3ct3a4 xdj266r x14z9mp xat24cr x1lziwak xexx8yu xyri2b x18d9i69 x1c1uobl x16tdsg8 x1hl2dhg xggy1nq x1a2a7pz xkrqix3 x1sur9pj x1fey0fg x1s688f\" role=\"link\" href=\"https:\/\/www.facebook.com\/hashtag\/d%C3%ADamundialdelaprotecci%C3%B3ndelanaturaleza?__eep__=6&amp;__cft__[0]=AZU46jaSw90Y1L7diZGWEgJQzdKtE50K0H5wQJosJtdtECoIAjUsl2LIS0MjmNcGgjMAN87BegMpGZwdxIa1Up1MqS7DyDriAQL0LstZDMIj_eka6gRnJ7e9HwY8_M3wxome844OOELAaboqEkXpCgiLlzRIruMG8UJtyabNB07LCNpEVNM6iOYbmAZ_ozPQxpMFKzhHHXsOXkkSdgadJC2v&amp;__tn__=*NK-y-R\">#D\u00edaMundialDeLaProtecci\u00f3nDeLaNaturaleza<\/a><\/li>\n<\/ul>\n<p>Los servicios que nos brinda la Naturaleza son esenciales para nuesa sal\u00fa, calid\u00e1 de vida y desenvolvimientu econ\u00f3micu. Caltenela, restaurala y usar los sos recursos de forma sostenible ye invertir nel nuesu futuru. La naturaleza ye m\u00e1s que&#8217;l paisaxe que reparamos\u2026 ye&#8217;l tex\u00edu vivo que sostien la nuesa vida. G\u00fcei, alzamos la voz por ella.<\/p>\n<p style=\"text-align: center\"><span class=\"x193iq5w xeuugli x13faqbe x1vvkbs xt0psk2 x1i0vuye xvs91rp xo1l8bm x5n08af x10wh9bi xpm28yp x8viiok x1o7cslx x126k92a\"><span class=\"html-span xexx8yu x4uap5 x18d9i69 xkhd6sd x1hl2dhg x16tdsg8 x1vvkbs x3nfvp2 x1j61x8r x1fcty0u xdj266r xat24cr xgzva0m xhhsvwb xxymvpz xlup9mm x1kky2od\">\n<!-- iframe plugin v.6.0 wordpress.org\/plugins\/iframe\/ -->\n<iframe loading=\"lazy\" src=\"https:\/\/www.instagram.com\/reel\/DP8aXzJCsnQ\/embed\" width=\"500\" height=\"650\" 0=\"\/iframe\" scrolling=\"yes\" class=\"iframe-class\" frameborder=\"0\"><\/iframe>\n<\/span><\/span><\/p>\n<p><!--more--><\/p>\n<p><strong><span style=\"color: #008080\">Por qu\u00e9 lo celebramo<\/span><\/strong><span style=\"color: #008080\">s<\/span>: Esta fecha foi institucionalizada en 1972 col fin de llamar l&#8217;atenci\u00f3n global sobro la urxencia de caltener los espacios naturales y la biodiversid\u00e1\u2026<\/p>\n<ul>\n<li>Somos testigos de que l&#8217;acci\u00f3n humana alteri\u00f3 aprosimao&#8217;l 75 % de los ecosistemes terrestres y el 66 % de los marinos.<\/li>\n<li>Curiar la naturaleza nun ye un luxu, ye una necesid\u00e1 pa garantizar un futuru vidable pa toles especies, incluyida la nuesa.<\/li>\n<\/ul>\n<\/div>\n<p style=\"text-align: center\"><span class=\"x193iq5w xeuugli x13faqbe x1vvkbs xt0psk2 x1i0vuye xvs91rp xo1l8bm x5n08af x10wh9bi xpm28yp x8viiok x1o7cslx x126k92a\"><span class=\"html-span xexx8yu x4uap5 x18d9i69 xkhd6sd x1hl2dhg x16tdsg8 x1vvkbs x3nfvp2 x1j61x8r x1fcty0u xdj266r xat24cr xgzva0m xhhsvwb xxymvpz xlup9mm x1kky2od\">\n<!-- iframe plugin v.6.0 wordpress.org\/plugins\/iframe\/ -->\n<iframe loading=\"lazy\" src=\"https:\/\/www.instagram.com\/reel\/DP82zSwDsx4\/embed\" width=\"500\" height=\"645\" 0=\"\/iframe\" scrolling=\"yes\" class=\"iframe-class\" frameborder=\"0\"><\/iframe>\n<\/span><\/span><\/p>\n<div class=\"html-div xdj266r x14z9mp xat24cr x1lziwak xexx8yu xyri2b x18d9i69 x1c1uobl\" data-ad-rendering-role=\"profile_name\">\n<p><span style=\"color: #008080\"><strong>Acciones que podemos faer g\u00fcei (y tolos d\u00edes):<\/strong><\/span><\/p>\n<ul>\n<li>\u267b\ufe0f Amenorgar l&#8217;usu de pl\u00e1sticos d&#8217;un solu usu.<\/li>\n<li>\u00a0Llantar un \u00e1rbol, collaborar con una reforestaci\u00f3n o curiar una planta.<\/li>\n<li>Usar tresporte sostenible: caminar, dir en bici, compartir autu o usar tresporte p\u00fablicu.<\/li>\n<li>Aforrar agua y enerx\u00eda en casa: apagar lluces innecesaries, revisar fugues, evitar esbardie.<\/li>\n<li>Participar en llimpieza de sableres, parques o r\u00edos, o a cencielles botar la basura afechiscamente.<\/li>\n<li>Informase y educar: compartir el mensaxe, parolar con otros sobro la importancia de protexer les nueses redolaes naturales.<\/li>\n<\/ul>\n<p><span style=\"color: #008080\"><strong>\u00bfPor qu\u00e9 importa? <\/strong><\/span>Porque los ecosistemes sanos regulen el clima, purifiquen l&#8217;aire y l&#8217;agua, y sostienen la vida. Porque cada especie cumple un rol que, si pi\u00e9rdese, debilita tol sistema. Porque&#8217;l bienestar humano ta \u00edntimamente amest\u00e1u al bienestar del planeta.<\/p>\n<p><span style=\"color: #008080\"><strong>Compromisu: <\/strong><\/span>G\u00fcei reafito&#8217;l mio compromisu de curiar la naturaleza. Y conv\u00eddote a que tu tami\u00e9n lo faigas. Xuntos somos parte del camb\u00e9u.<\/p>\n<p style=\"text-align: center\">\n<p style=\"text-align: center\">\n<!-- iframe plugin v.6.0 wordpress.org\/plugins\/iframe\/ -->\n<iframe loading=\"lazy\" src=\"https:\/\/www.facebook.com\/plugins\/post.php?href=https%3A%2F%2Fwww.facebook.com%2Ffundacionbiodiversidad%2Fposts%2Fpfbid0LpYPCWcAoZ4ianYjRDrR4KwqYGhoksotqoDRCMJK86ikYr46ti4D87UBaeXy4Yvfl&#038;show_text=false&#038;width=500\" width=\"500\" height=\"497\" style=\"border:none;overflow:hidden\" scrolling=\"no\" frameborder=\"0\" allowfullscreen=\"true\" allow=\"autoplay; clipboard-write; encrypted-media; picture-in-picture; web-share\" 0=\"\/iframe\" class=\"iframe-class\"><\/iframe>\n<\/p>\n<p><strong>La naturaleza ye la nuesa aliada<\/strong>: danos aire puro, agua llimpio, suelos granibles, y recursos esenciales para&#8217;l desenvolvimientu econ\u00f3mico y social. Unos ecosistemes saludables ayuden a frenar los efectos del camb\u00e9u clim\u00e1ticu, xeneren empl\u00e9u y fortalecen la biodiversid\u00e1.<\/p>\n<\/div>\n<\/div>\n<\/div>\n<\/div>\n<\/div>\n<p>&nbsp;<\/p>\n","protected":false},"excerpt":{"rendered":"<p>Fundaci\u00f3n Biodiversidad\/#D\u00edaMundialDeLaProtecci\u00f3nDeLaNaturaleza Los servicios que nos brinda la Naturaleza son esenciales para nuesa sal\u00fa, calid\u00e1 de vida y desenvolvimientu econ\u00f3micu. Caltenela, restaurala y usar los sos recursos de forma sostenible ye invertir nel nuesu futuru. La naturaleza ye m\u00e1s que&#8217;l paisaxe que reparamos\u2026 ye&#8217;l tex\u00edu vivo que sostien la nuesa vida. G\u00fcei, alzamos la voz [&hellip;]<\/p>\n","protected":false},"author":117,"featured_media":0,"comment_status":"closed","ping_status":"open","sticky":false,"template":"","format":"standard","meta":{"footnotes":""},"categories":[6,4],"tags":[],"class_list":["post-60031","post","type-post","status-publish","format-standard","hentry","category-dia-de","category-natura"],"_links":{"self":[{"href":"https:\/\/edublog.educastur.es\/ixuxu\/wp-json\/wp\/v2\/posts\/60031","targetHints":{"allow":["GET"]}}],"collection":[{"href":"https:\/\/edublog.educastur.es\/ixuxu\/wp-json\/wp\/v2\/posts"}],"about":[{"href":"https:\/\/edublog.educastur.es\/ixuxu\/wp-json\/wp\/v2\/types\/post"}],"author":[{"embeddable":true,"href":"https:\/\/edublog.educastur.es\/ixuxu\/wp-json\/wp\/v2\/users\/117"}],"replies":[{"embeddable":true,"href":"https:\/\/edublog.educastur.es\/ixuxu\/wp-json\/wp\/v2\/comments?post=60031"}],"version-history":[{"count":6,"href":"https:\/\/edublog.educastur.es\/ixuxu\/wp-json\/wp\/v2\/posts\/60031\/revisions"}],"predecessor-version":[{"id":60060,"href":"https:\/\/edublog.educastur.es\/ixuxu\/wp-json\/wp\/v2\/posts\/60031\/revisions\/60060"}],"wp:attachment":[{"href":"https:\/\/edublog.educastur.es\/ixuxu\/wp-json\/wp\/v2\/media?parent=60031"}],"wp:term":[{"taxonomy":"category","embeddable":true,"href":"https:\/\/edublog.educastur.es\/ixuxu\/wp-json\/wp\/v2\/categories?post=60031"},{"taxonomy":"post_tag","embeddable":true,"href":"https:\/\/edublog.educastur.es\/ixuxu\/wp-json\/wp\/v2\/tags?post=60031"}],"curies":[{"name":"wp","href":"https:\/\/api.w.org\/{rel}","templated":true}]}}