{"id":60037,"date":"2025-10-17T09:00:15","date_gmt":"2025-10-17T07:00:15","guid":{"rendered":"https:\/\/edublog.educastur.es\/ixuxu\/?p=60037"},"modified":"2025-10-19T20:31:17","modified_gmt":"2025-10-19T18:31:17","slug":"dia-mundial-del-patrimoniu-cultural-inmaterial","status":"publish","type":"post","link":"https:\/\/edublog.educastur.es\/ixuxu\/2025\/10\/dia-mundial-del-patrimoniu-cultural-inmaterial\/","title":{"rendered":"D\u00eda Mundial del Patrimoniu Cultural Inmaterial"},"content":{"rendered":"<p style=\"text-align: center\"><span class=\"x193iq5w xeuugli x13faqbe x1vvkbs xt0psk2 x1i0vuye xvs91rp xo1l8bm x5n08af x10wh9bi xpm28yp x8viiok x1o7cslx x126k92a\"><span class=\"html-span xexx8yu x4uap5 x18d9i69 xkhd6sd x1hl2dhg x16tdsg8 x1vvkbs x3nfvp2 x1j61x8r x1fcty0u xdj266r xat24cr xgzva0m xhhsvwb xxymvpz xlup9mm x1kky2od\">\n<!-- iframe plugin v.6.0 wordpress.org\/plugins\/iframe\/ -->\n<iframe loading=\"lazy\" src=\"https:\/\/www.instagram.com\/reel\/DP5dvAGDLF_\/embed\" width=\"500\" height=\"650\" 0=\"\/iframe\" scrolling=\"yes\" class=\"iframe-class\" frameborder=\"0\"><\/iframe>\n<\/span><\/span><\/p>\n<p>\u2728<a href=\"https:\/\/unesdoc.unesco.org\/ark:\/48223\/pf0000395508_spa.locale=es\">Cartelu<\/a> \/\u00a0<a href=\"https:\/\/ich.unesco.org\/es\/dia-internacional-patrimonio-cultural-inmaterial\"><strong>UNESCO<\/strong><\/a><\/p>\n<p>Y la sidra ye mundial!<a href=\"https:\/\/www.instagram.com\/piedresnelcamin\"> https:\/\/www.instagram.com\/piedresnelcamin<\/a><\/p>\n<blockquote><p><em><span style=\"color: #008080;font-size: 20px\">El patrimoniu vivu ye la memoria de les comunidaes, <\/span><\/em><br \/>\n<em><span style=\"color: #008080;font-size: 20px\">la so resiliencia y los saberes que pasen de xeneraci\u00f3n en xeneraci\u00f3n.\u00a0<\/span><\/em><\/p><\/blockquote>\n<p><!--more--><\/p>\n<p>Una fecha que convida a cavilgar sobro la riqueza de les tradiciones, conocencies y espresiones que conformen la identid\u00e1 de los pueblos.<\/p>\n<p>El llam\u00e1u Patrimoniu Cultural Inmaterial at\u00f3pase nes pr\u00e1ctiques vivas que les comunidaes tresmiten de xeneraci\u00f3n en xeneraci\u00f3n: dende dances, cantares y festividaes hasta rituales, saberes culinarios o t\u00e9cniques artesanales.<\/p>\n<p>\u00bfQu\u00e9 ye&#8217;l patrimoniu cultural inmaterial?\u00a0 Seg\u00fan la Convenci\u00f3n pa la Salvaguardia del Patrimoniu Cultural Inmaterial de la UNESCO,<strong> esti patrimoniu toma los usos, representaciones, espresiones, conocencies y t\u00e9cniques que les comunidaes reconocen como parte del so heriedu cultural.<\/strong><\/p>\n<p><strong><span style=\"text-decoration: underline\"><span style=\"color: #008080;text-decoration: underline\">Ente los sos cinco grandes \u00e1mbitos incl\u00fayense:<\/span><\/span><\/strong><\/p>\n<ul>\n<li>Tradiciones y espresiones orales, como cuentos, mitos, lleendes o<strong> lling\u00fces.<\/strong><\/li>\n<li>Artes del espect\u00e1culu, como la m\u00fasica, la danza o&#8217;l teatru popular.<\/li>\n<li>Usos sociales, rituales y actos festivos, que fortalecen la cohesi\u00f3n comu\u00f1al.<\/li>\n<li>Conocencies y pr\u00e1ctiques sobro la naturaleza y l&#8217;universu, que reflexen la relaci\u00f3n sostenible de los pueblos cola so redolada.<\/li>\n<li>T\u00e9cniques artesanales tradicionales, que tresmiten creativid\u00e1 y saber ancestral.<\/li>\n<\/ul>\n<p>Un patrimoniu vivu y en constante evoluci\u00f3n. <strong>El valor del patrimoniu inmaterial mora en que nun pertenez al pas\u00e1u, sin\u00f3n que se tresforma y recr\u00e9ase de cutio.<\/strong> Ye la espresi\u00f3n d&#8217;una identid\u00e1 colectiva, pero tami\u00e9n un recursu pal desenvolvimientu sostenible, el turismu responsable y l&#8217;educaci\u00f3n intercultural.<\/p>\n<p><a href=\"https:\/\/www.asturias.es\/ast\/detalle\/-\/categories\/572468?p_r_p_categoryId=572468&amp;_com_liferay_asset_categories_navigation_web_portlet_AssetCategoriesNavigationPortlet_articleId=2533049&amp;articleId=2533049&amp;title=Patrimonio%20Inmaterial%20Asturiano\"><strong>Princip\u00e1u d&#8217;Asturies<\/strong><\/a><\/p>\n<div class=\"subtitle\">Patrimoniu Inmaterial Asturianu<\/div>\n<div class=\"row\">\n<div class=\"contenido-article col-md-12\">\n<div class=\"description\">\n<p>La\u00a0<a class=\"popup\" title=\"Ley del Principado de Asturias 1\/2001, de 6 de marzo, de Patrimonio Cultural\" href=\"https:\/\/www.asturias.es\/bopa\/disposiciones\/repositorio\/LEGISLACION12\/66\/1\/22DBBE8E1AE842DE976C3CBB4999FD2E.pdf\" target=\"_blank\" rel=\"noopener\">Llei de Patrimoniu Cultural d\u2019Asturies<\/a>, aprobada n\u2019a\u00f1u 2001, aboga pol estudiu y protecci\u00f3n de les manifestaciones lling\u00fc\u00edstiques, los vezos, les espresiones art\u00edstiques de tradici\u00f3n oral y otres formes d\u2019espresi\u00f3n comunitaries.<\/p>\n<p>N\u2019apart\u00e1u de la llei dedic\u00e1u al r\u00e9xime del patrimoniu etnogr\u00e1ficu, se\u00f1\u00e1lense como susceptibles de protecci\u00f3n dellos elementos inmateriales de la tradici\u00f3n cultural asturiana. Ye\u2019l casu de sitios vinculaos a tradiciones populares, ritos y lleendes; los xuegos, los deportes, la m\u00fasica, les fiestes y los bailles tradicionales; am\u00e1s de los refranes, rellatos, cantares y poemes lligaos a la tresmisi\u00f3n oral.<\/p>\n<p>L\u2019art\u00edculu 72 de la llei refierse n\u2019esclusiva a estes espresiones culturales non materiales, indicando lliteralmente que \u201clos conocimientos, actividaes, usos, vezos y manifestaciones lling\u00fc\u00edstiques y art\u00edstiques, d\u2019inter\u00e9s etnol\u00f3xicu, que tresciendan los aspectos materiales en que puedan manifestase, han recoyese, documentase, protexese y ponese como correspuende al serviciu de los investigadores y los ciudadanos polos poderes p\u00fablicos y les instituciones educatives. Con esa mira, ha sofitase\u2019l llabor de les asociaciones, instituciones y persones que trabayen nel so caltenimientu y revitalizaci\u00f3n\u201d.<\/p>\n<p>Tami\u00e9n n\u2019apart\u00e1u dedic\u00e1u a la protecci\u00f3n del patrimoniu hist\u00f3rico-industrial, hai un art\u00edculu, el 78, dedic\u00e1u a los testimonios de la historia social. N\u00e9l ind\u00edcase que \u201cvan ser oxetu especial de recopilaci\u00f3n y estudiu los aspectos sociales de la industrializaci\u00f3n y mui especialmente los rellacionaos colos cambeos na vida cotidiana y cola historia del movimientu obreru, incluyendo los testimonios orales correspondientes\u201d.<\/p>\n<p>De magar entr\u00f3 en vigor la Llei de Patrimoniu Cultural d\u2019Asturies, foi arriqueci\u00e9ndose progresivamente\u2019l marcu llegal de protecci\u00f3n del patrimoniu inmaterial. Espa\u00f1a ratific\u00f3 nel 2006\u00a0<a class=\"popup\" title=\"Convenci\u00f3n para la salvaguarda del patrimonio cultural inmaterial de la UNESCO\" href=\"http:\/\/portal.unesco.org\/es\/ev.php-URL_ID=17716&amp;URL_DO=DO_TOPIC&amp;URL_SECTION=201.html\" target=\"_blank\" rel=\"noopener\">la Convenci\u00f3n pa la salvaguarda del patrimoniu cultural inmaterial de la UNESCO<\/a>\u00a0(aprobada en Par\u00eds el 17 d\u2019ochobre del 2003) y, de resultes, aprob\u00f3se nel 2015 la\u00a0<a class=\"popup\" title=\"Ley 10\/2015, de 26 de mayo, para la salvaguardia del Patrimonio Cultural Inmaterial\" href=\"https:\/\/www.boe.es\/boe\/dias\/2015\/05\/27\/pdfs\/BOE-A-2015-5794.pdf\" target=\"_blank\" rel=\"noopener\">Llei 10\/2015, de 26 de mayu, pa la salvaguarda del Patrimoniu Cultural Inmaterial.<\/a><\/p>\n<p><a class=\"popup\" title=\"Ley 10\/2015, de 26 de mayo, para la salvaguardia del Patrimonio Cultural Inmaterial\" href=\"https:\/\/www.boe.es\/boe\/dias\/2015\/05\/27\/pdfs\/BOE-A-2015-5794.pdf\" target=\"_blank\" rel=\"noopener\">P\u2019acabar, el\u00a0<\/a><a title=\"Decreto del Principado de Asturias 20\/2015, de 25 de marzo, aprob\u00f3 el Reglamento de Desarrollo de la Ley de Patrimonio Cultural de Asturias\" href=\"https:\/\/sede.asturias.es\/bopa\/2015\/04\/01\/2015-05817.pdf\" target=\"_blank\" rel=\"noopener\">Decretu del Princip\u00e1u d\u2019Asturies 20\/2015, de 25 de marzu<\/a>, aprob\u00f3\u2019l Reglamentu de Desenvolvimientu de la Llei de Patrimoniu Cultural d\u2019Asturies. Nesi Reglamentu ded\u00edquense dellos art\u00edculos a la protecci\u00f3n del patrimoniu cultural inmaterial, clarific\u00e1ndose los mecanismos pa la so protecci\u00f3n. Cr\u00e9ase, am\u00e1s, el Censu del Patrimoniu Cultural Inmaterial d\u2019Asturies, \u201ccola mira de reflexar y identificar les manifestaciones culturales inmateriales d\u2019Asturies, colos sos datos b\u00e1sicos\u201d.<\/p>\n<p>Na actualid\u00e1, los instrumentos pa la protecci\u00f3n d\u2019esti patrimoniu n\u2019Asturies son estos:<\/p>\n<ul>\n<li>Declaraci\u00f3n como bien d\u2019inter\u00e9s cultural (BIC), nel casu de les manifestaciones m\u00e1s significatives y relevantes dende\u2019l puntu de vista identitariu y cultural.<\/li>\n<li>Documentaci\u00f3n de la manifestaci\u00f3n nel\u00a0<em>Censu del patrimoniu cultural inmaterial d\u2019Asturies<\/em>.<\/li>\n<\/ul>\n<h3>Bienes de inter\u00e9s cultural de car\u00e1cter inmaterial declarados en Asturias<\/h3>\n<ul>\n<li><a title=\"Destino en ventana nueva\" href=\"https:\/\/sede.asturias.es\/bopa\/2014\/07\/11\/2014-12068.pdf\" target=\"_blank\" rel=\"noopener\">Misa asturiana de gaita<\/a><\/li>\n<li><a title=\"Destino en ventana nueva\" href=\"https:\/\/sede.asturias.es\/bopa\/2014\/07\/11\/2014-12067.pdf\" target=\"_blank\" rel=\"noopener\">Cultura de la sidra<\/a><\/li>\n<li><a title=\"Destino en ventana nueva\" href=\"https:\/\/sede.asturias.es\/bopa\/2015\/05\/15\/2015-08484.pdf\" target=\"_blank\" rel=\"noopener\">La Asturianada<\/a><\/li>\n<li><a title=\"Destino en ventana nueva\" href=\"https:\/\/sede.asturias.es\/bopa\/2017\/10\/24\/2017-11550.pdf\" target=\"_blank\" rel=\"noopener\">Bolos asturianos<\/a><\/li>\n<li><a title=\"Destino en ventana nueva\" href=\"https:\/\/sede.asturias.es\/bopa\/2017\/10\/16\/2017-10981.pdf\" target=\"_blank\" rel=\"noopener\">Traje de aldeana y de porruanu llaniscos<\/a><\/li>\n<li><a title=\"Los sidros y les comedies de Valdesoto, en Siero\" href=\"https:\/\/sede.asturias.es\/bopa\/2019\/06\/21\/2019-06352.pdf\" target=\"_blank\" rel=\"noopener\">Los sidros y les comedies de Valdesoto, en Siero<\/a><\/li>\n<li><a title=\"El Corri-Corri de Arenas de Cabrales\" href=\"https:\/\/sede.asturias.es\/bopa\/2019\/06\/21\/2019-06350.pdf\" target=\"_blank\" rel=\"noopener\">El Corri-corri de Arenas de Cabrales<\/a><\/li>\n<li><a href=\"https:\/\/sede.asturias.es\/bopa\/2025\/01\/09\/2025-00001.pdf\" target=\"_blank\" rel=\"noopener\">Cultura del acebache<\/a><\/li>\n<\/ul>\n<h3>Bienes d\u2019inter\u00e9s cultural de calter inmaterial declaraos n\u2019Asturies<\/h3>\n<ul>\n<li><a title=\"Destino en ventana nueva\" href=\"https:\/\/sede.asturias.es\/bopa\/2014\/07\/11\/2014-12068.pdf\" target=\"_blank\" rel=\"noopener\">Misa asturiana de gaita<\/a><\/li>\n<li><a title=\"Destino en ventana nueva\" href=\"https:\/\/sede.asturias.es\/bopa\/2014\/07\/11\/2014-12067.pdf\" target=\"_blank\" rel=\"noopener\">Cultura de la sidra<\/a><\/li>\n<li><a title=\"Destino en ventana nueva\" href=\"https:\/\/sede.asturias.es\/bopa\/2015\/05\/15\/2015-08484.pdf\" target=\"_blank\" rel=\"noopener\">L\u2019Asturianada<\/a><\/li>\n<li><a title=\"Destino en ventana nueva\" href=\"https:\/\/sede.asturias.es\/bopa\/2017\/10\/24\/2017-11550.pdf\" target=\"_blank\" rel=\"noopener\">Bolos asturianos<\/a><\/li>\n<li><a title=\"Destino en ventana nueva\" href=\"https:\/\/sede.asturias.es\/bopa\/2017\/10\/16\/2017-10981.pdf\" target=\"_blank\" rel=\"noopener\">Traxe d\u2019aldeana y de porruanu llaniscos<\/a><\/li>\n<li><a title=\"Los sidros y les comedies de Valdesoto, en Siero\" href=\"https:\/\/sede.asturias.es\/bopa\/2019\/06\/21\/2019-06352.pdf\" target=\"_blank\" rel=\"noopener\">Los sidros y les comedies de Valdesoto, en Siero<\/a><\/li>\n<li><a title=\"El Corri-Corri de Arenas de Cabrales\" href=\"https:\/\/sede.asturias.es\/bopa\/2019\/06\/21\/2019-06350.pdf\" target=\"_blank\" rel=\"noopener\">El Corri-corri d\u2019Arenas (Cabrales)<\/a><\/li>\n<\/ul>\n<h3>Censu del patrimoniu cultural inmaterial d\u2019Asturies<\/h3>\n<ul>\n<li><a href=\"https:\/\/www.asturias.es\/documents\/217090\/2663686\/ficha-piedra-seco.pdf\/36314996-e3a3-0575-4ceb-d5baf3afbd48?t=1706683893899\" target=\"_blank\" rel=\"noopener\">T\u00e9cnica constructiva de la piedra seco n\u2019Asturies (pdf: 995 Kb)<\/a><\/li>\n<li><a href=\"https:\/\/www.asturias.es\/documents\/217090\/2663686\/manta-candasina.pdf\/0bf0ef04-b4c9-cc73-9b89-5b914315e93d?t=1706683894841\" target=\"_blank\" rel=\"noopener\">Manta candasina (pdf: 3,2 Mb)<\/a><\/li>\n<li><a href=\"https:\/\/www.asturias.es\/documents\/217090\/2663686\/jota-asturias.pdf\/14ba9383-c5bd-108e-beb6-9ed9c685f114?t=1706683894449\" target=\"_blank\" rel=\"noopener\">Xota n\u2019Asturies (pdf: 331 Kb)<\/a><\/li>\n<li><a href=\"https:\/\/www.asturias.es\/documents\/217090\/2663686\/alfombras-florales-asturias.pdf\/fd2bdb14-e022-d134-b3ea-58e1317198fa?t=1706683893463\" target=\"_blank\" rel=\"noopener\">Alfombres florales n\u2019Asturies (pdf: 240 Kb)<\/a><\/li>\n<li><a href=\"https:\/\/miprincipado.asturias.es\/bopa\/2025\/09\/09\/2025-07263.pdf\" target=\"_blank\" rel=\"noopener\">Traxe de Cabranes<\/a>\u200b\u200b\u200b\u200b\u200b\u200b\u200b<\/li>\n<\/ul>\n<h3>Patrimoniu inmaterial asturianu na\u00a0<em>Llista representativa del patrimoniu cultural inmaterial de la humanid\u00e1<\/em><\/h3>\n<h4>Conocimientos y t\u00e9cniques del arte de la construcci\u00f3n en piedra seco<\/h4>\n<p>En payares del 2018 la UNESCO incluy\u00f3 pela primer vez un elementu del patrimoniu inmaterial asturianu na Llista Representativa del Patrimoniu Cultural Inmaterial de la Humanid\u00e1. Tr\u00e1tase de los conocimientos y t\u00e9cniques del arte de la construcci\u00f3n en piedra seco, que se refier a la pr\u00e1ctica de construyir con piedra ensin usar material pa xuntalo. Esti reconocimientu pormovi\u00e9ronlu dellos pa\u00edses europeos: Croacia, Chipre, Francia, Grecia, Italia, Su\u00edza, Eslovenia y Espa\u00f1a, y delles comunidaes aut\u00f3nomes espa\u00f1oles (Galicia, Estremadura, Andaluc\u00eda, Arag\u00f3n, Catalu\u00f1a, Comunid\u00e1 Valenciana, Baleares y Asturies). N\u2019avientu del 2024 inscribi\u00f3se una ampliaci\u00f3n del \u00e1mbitu del bien, incorpor\u00e1ndose dellos pa\u00edses m\u00e1s.<\/p>\n<p><a class=\"popup\" title=\"Arte de la construcci\u00f3n en piedra seca, conocimientos y t\u00e9cnicas (UNESCO)\" href=\"https:\/\/ich.unesco.org\/es\/RL\/arte-de-la-construccion-en-piedra-seca-conocimientos-y-tecnicas-02106\" target=\"_blank\" rel=\"noopener\">Arte de la construcci\u00f3n en piedra seco, conocimientos y t\u00e9cniques<\/a>\u00a0(informaci\u00f3n na web de la UNESCO)<\/p>\n<h4>Cultura de la sidra asturiano<\/h4>\n<p>La cultura sidrera engloba pr\u00e1ctiques sociales, rituales como echalo, les espiches y les romer\u00edes, am\u00e1s de tradiciones orales, paisaxes culturales y oficios tradicionales, polo que se convierte n\u00fan de los elementos identitarios de m\u00e1s cal\u00e1u n\u2019Asturies. La producci\u00f3n y el consumu de la bebida rexonal fortalecen la cohesi\u00f3n social al travi\u00e9s de pr\u00e1ctiques compart\u00edes que fomenten tami\u00e9n la integraci\u00f3n y l\u2019alcuentru.<\/p>\n<p>El Gobiernu d\u2019Asturies, xunto a los sectores y instituciones vinculaos, trabay\u00f3 a lo llargo de diez a\u00f1os na defensa de la candidatura de la cultura de la sidra asturiano y na protecci\u00f3n del patrimoniu vincul\u00e1u a la sidra.<\/p>\n<p>Nel 2014, la cultura sidrera declar\u00f3se Bien d\u2019Inter\u00e9s Cultural (BIC) de calter inmaterial y, dende ent\u00f3s, desenvolvi\u00f3se munchu llabor pa que se llograre\u2019l reconocimientu mundial. Nesi procesu tuvo un protagonismu destac\u00e1u\u2019l comit\u00e9 director de la candidatura, integr\u00e1u por representantes del sector sidreru y hosteleru, especialistes n\u2019antropolox\u00eda, historia y comunicaci\u00f3n, am\u00e1s de miembros de les conseyer\u00edes de Cultura y de Mediu Rural.<\/p>\n<p>El d\u00eda 4 d\u2019avientu del 2024, la UNESCO aprob\u00f3 la declaraci\u00f3n de la cultura sidrera asturiana como patrimoniu inmaterial de la humanid\u00e1. Esti determ\u00edn reconoz y distingue la rellaci\u00f3n singular qu\u2019Asturies tien cola bebida rexonal por escelencia y qu\u2019engloba manifestaciones variaes: dende echalo hasta los cantares tradicionales, la creaci\u00f3n art\u00edstica y el l\u00e9xicu lig\u00e1u al so consumu. La cultura sidrera ye un heriedu \u00fanicu que combina tradici\u00f3n, sostenibilid\u00e1 y sent\u00edu de pertenencia.<\/p>\n<p>Esti reconocimientu mundial pon en valor la rellaci\u00f3n singular qu\u2019Asturies tien cola sidra, qu\u2019abarca pr\u00e1ctiques sociales, rituales y eventos festivos, dende echalo hasta los cantares tradicionales y el vocabulariu lig\u00e1u a la bebida.<\/p>\n<p><a class=\"popup\" title=\"Cultura de la sidra asturiana (UNESCO)\" href=\"https:\/\/ich.unesco.org\/es\/RL\/cultura-de-la-sidra-asturiana-01959\" target=\"_blank\" rel=\"noopener\">Cultura de la sidra asturiana<\/a>\u00a0(informaci\u00f3n na web de la UNESCO)<\/p>\n<\/div>\n<\/div>\n<\/div>\n","protected":false},"excerpt":{"rendered":"<p>\u2728Cartelu \/\u00a0UNESCO Y la sidra ye mundial! https:\/\/www.instagram.com\/piedresnelcamin El patrimoniu vivu ye la memoria de les comunidaes, la so resiliencia y los saberes que pasen de xeneraci\u00f3n en xeneraci\u00f3n.\u00a0<\/p>\n","protected":false},"author":117,"featured_media":0,"comment_status":"closed","ping_status":"open","sticky":false,"template":"","format":"standard","meta":{"footnotes":""},"categories":[6,370],"tags":[],"class_list":["post-60037","post","type-post","status-publish","format-standard","hentry","category-dia-de","category-patrimoniu-inmaterial"],"_links":{"self":[{"href":"https:\/\/edublog.educastur.es\/ixuxu\/wp-json\/wp\/v2\/posts\/60037","targetHints":{"allow":["GET"]}}],"collection":[{"href":"https:\/\/edublog.educastur.es\/ixuxu\/wp-json\/wp\/v2\/posts"}],"about":[{"href":"https:\/\/edublog.educastur.es\/ixuxu\/wp-json\/wp\/v2\/types\/post"}],"author":[{"embeddable":true,"href":"https:\/\/edublog.educastur.es\/ixuxu\/wp-json\/wp\/v2\/users\/117"}],"replies":[{"embeddable":true,"href":"https:\/\/edublog.educastur.es\/ixuxu\/wp-json\/wp\/v2\/comments?post=60037"}],"version-history":[{"count":8,"href":"https:\/\/edublog.educastur.es\/ixuxu\/wp-json\/wp\/v2\/posts\/60037\/revisions"}],"predecessor-version":[{"id":60059,"href":"https:\/\/edublog.educastur.es\/ixuxu\/wp-json\/wp\/v2\/posts\/60037\/revisions\/60059"}],"wp:attachment":[{"href":"https:\/\/edublog.educastur.es\/ixuxu\/wp-json\/wp\/v2\/media?parent=60037"}],"wp:term":[{"taxonomy":"category","embeddable":true,"href":"https:\/\/edublog.educastur.es\/ixuxu\/wp-json\/wp\/v2\/categories?post=60037"},{"taxonomy":"post_tag","embeddable":true,"href":"https:\/\/edublog.educastur.es\/ixuxu\/wp-json\/wp\/v2\/tags?post=60037"}],"curies":[{"name":"wp","href":"https:\/\/api.w.org\/{rel}","templated":true}]}}