{"id":60076,"date":"2025-10-20T08:30:25","date_gmt":"2025-10-20T06:30:25","guid":{"rendered":"https:\/\/edublog.educastur.es\/ixuxu\/?p=60076"},"modified":"2025-10-20T08:58:48","modified_gmt":"2025-10-20T06:58:48","slug":"el-tiempu-el-comercio-164","status":"publish","type":"post","link":"https:\/\/edublog.educastur.es\/ixuxu\/2025\/10\/el-tiempu-el-comercio-164\/","title":{"rendered":"El tiempu (El Comercio)"},"content":{"rendered":"<p style=\"text-align: center\"><a href=\"https:\/\/s2.ppllstatics.com\/elcomercio\/www\/multimedia\/2025\/10\/19\/tiempo-asturias-lunes-20-octubre-k8yG-U2302588077118HVD-1200x870@El%20Comercio.jpg\"><img loading=\"lazy\" decoding=\"async\" class=\"aligncenter size-large\" src=\"https:\/\/s2.ppllstatics.com\/elcomercio\/www\/multimedia\/2025\/10\/19\/tiempo-asturias-lunes-20-octubre-k8yG-U2302588077118HVD-1200x870@El%20Comercio.jpg\" width=\"1200\" height=\"870\" \/><\/a><\/p>\n<p>Esperamos una xornada na que la nubosid\u00e1 va concentrase especialmente tantu nel occidente como nel cordal y otros puntos de la met\u00e1 sur asturiana. Nel restu preven nubes y escamplaes con momentos de m\u00e1s claros que nubes. Asina tou,<strong> mientres el tramu final del d\u00eda<\/strong> y por cuenta de la llegada d&#8217;un frente templ\u00e1u, vamos reparar como va entrar nubosid\u00e1 pel oeste y va estendese al restu de la rex\u00f3n con ag\u00fces que podr\u00eden afectar a cualquier puntu del Princip\u00e1u. <strong>Los vientos<\/strong> van predominar de suroeste-sur con raches moderaes mientres tola xornada y con posibilid\u00e1 de que puedan aportar a fuertes en puntos del occidente y zones d&#8217;altu monte. <strong>Les temperatures m\u00e1ximes<\/strong> van baxar de forma xeneralizada ente 3 y 4 \u00baC na mayor\u00eda de poblaciones asturianes.<strong> Les m\u00ednimes<\/strong> van baxar nel interior oriental y van caltenese nel restu.<\/p>\n<p><!--more--><\/p>\n<p><strong>El martes<\/strong> esperamos l&#8217;apertura de grandes claros anque siempres se preve daqu\u00e9 m\u00e1s de nubes, nuevamente, nel oeste y sur. Les temperatures van xubir tanto les m\u00e1ximes como les m\u00ednimes. Ambiente prestoso tami\u00e9n pal mi\u00e9rcoles, pero&#8217;l xueves va entrar un frente fr\u00edu que va percorrer tola Comunid\u00e1 Aut\u00f3noma.<\/p>\n","protected":false},"excerpt":{"rendered":"<p>Esperamos una xornada na que la nubosid\u00e1 va concentrase especialmente tantu nel occidente como nel cordal y otros puntos de la met\u00e1 sur asturiana. Nel restu preven nubes y escamplaes con momentos de m\u00e1s claros que nubes. Asina tou, mientres el tramu final del d\u00eda y por cuenta de la llegada d&#8217;un frente templ\u00e1u, vamos [&hellip;]<\/p>\n","protected":false},"author":117,"featured_media":0,"comment_status":"closed","ping_status":"open","sticky":false,"template":"","format":"standard","meta":{"footnotes":""},"categories":[5],"tags":[],"class_list":["post-60076","post","type-post","status-publish","format-standard","hentry","category-tiempu"],"_links":{"self":[{"href":"https:\/\/edublog.educastur.es\/ixuxu\/wp-json\/wp\/v2\/posts\/60076","targetHints":{"allow":["GET"]}}],"collection":[{"href":"https:\/\/edublog.educastur.es\/ixuxu\/wp-json\/wp\/v2\/posts"}],"about":[{"href":"https:\/\/edublog.educastur.es\/ixuxu\/wp-json\/wp\/v2\/types\/post"}],"author":[{"embeddable":true,"href":"https:\/\/edublog.educastur.es\/ixuxu\/wp-json\/wp\/v2\/users\/117"}],"replies":[{"embeddable":true,"href":"https:\/\/edublog.educastur.es\/ixuxu\/wp-json\/wp\/v2\/comments?post=60076"}],"version-history":[{"count":1,"href":"https:\/\/edublog.educastur.es\/ixuxu\/wp-json\/wp\/v2\/posts\/60076\/revisions"}],"predecessor-version":[{"id":60077,"href":"https:\/\/edublog.educastur.es\/ixuxu\/wp-json\/wp\/v2\/posts\/60076\/revisions\/60077"}],"wp:attachment":[{"href":"https:\/\/edublog.educastur.es\/ixuxu\/wp-json\/wp\/v2\/media?parent=60076"}],"wp:term":[{"taxonomy":"category","embeddable":true,"href":"https:\/\/edublog.educastur.es\/ixuxu\/wp-json\/wp\/v2\/categories?post=60076"},{"taxonomy":"post_tag","embeddable":true,"href":"https:\/\/edublog.educastur.es\/ixuxu\/wp-json\/wp\/v2\/tags?post=60076"}],"curies":[{"name":"wp","href":"https:\/\/api.w.org\/{rel}","templated":true}]}}