{"id":60080,"date":"2025-10-19T12:00:24","date_gmt":"2025-10-19T10:00:24","guid":{"rendered":"https:\/\/edublog.educastur.es\/ixuxu\/?p=60080"},"modified":"2025-10-20T09:10:29","modified_gmt":"2025-10-20T07:10:29","slug":"el-desarme-brinda-pola-so-distincion-recien-como-fiesta-dinteres-turisticu-nacional","status":"publish","type":"post","link":"https:\/\/edublog.educastur.es\/ixuxu\/2025\/10\/el-desarme-brinda-pola-so-distincion-recien-como-fiesta-dinteres-turisticu-nacional\/","title":{"rendered":"El Desarme brinda pola so distinci\u00f3n reci\u00e9n como Fiesta d&#8217;Inter\u00e9s Tur\u00edsticu Nacional"},"content":{"rendered":"<p style=\"text-align: center\"><a href=\"https:\/\/www.rtpa.es\/fotos\/\/25\/10\/20251019143213_RTPA7242092.webp\"><img loading=\"lazy\" decoding=\"async\" class=\"aligncenter size-large\" src=\"https:\/\/www.rtpa.es\/fotos\/\/25\/10\/20251019143213_RTPA7242092.webp\" width=\"853\" height=\"480\" \/><\/a><\/p>\n<p class=\"font-size-m padding-b-20 font-weight-b margin-t-16\">El retu del Ayuntamientu y la Cofrad\u00eda ye algamar el reconocimientu internacional.<\/p>\n<p>El Desarme brind\u00f3 con 400 botelles de sidra pola so distinci\u00f3n reci\u00e9n como Fiesta d\u2019Inter\u00e9s Tur\u00edsticu Nacional. L\u2019Ayuntamientu d\u2019Uvi\u00e9u y la Cofrad\u00eda del Desarme marc\u00e1ronse agora\u2019l retu de trabayar por algamar el reconocimientu internacional.<\/p>\n<p>Les cocines de los 75 restauranes que participaron nes xornaes gastron\u00f3miques nun dieron abastu pa servir el t\u00edpicu men\u00fa a base de garbanzos con bacal\u00e1u, callos y arroz con lleche. Un aut\u00e9nticu manxar pa los paladares que lu pudieron prebar.<\/p>\n<p>Munchos negocios tuvieron qu\u2019aumentar turnos de comida pa facer frente a les reserves. Reconocen el tir\u00f3n d\u2019un Desarme cada vegada m\u00e1s popular.<\/p>\n<p>Hasta\u2019l 26 d\u2019ochobre viniente, esperen servir m\u00e1s de 80.000 men\u00fas.<\/p>\n<p>&nbsp;<\/p>\n","protected":false},"excerpt":{"rendered":"<p>El retu del Ayuntamientu y la Cofrad\u00eda ye algamar el reconocimientu internacional. El Desarme brind\u00f3 con 400 botelles de sidra pola so distinci\u00f3n reci\u00e9n como Fiesta d\u2019Inter\u00e9s Tur\u00edsticu Nacional. L\u2019Ayuntamientu d\u2019Uvi\u00e9u y la Cofrad\u00eda del Desarme marc\u00e1ronse agora\u2019l retu de trabayar por algamar el reconocimientu internacional. Les cocines de los 75 restauranes que participaron nes [&hellip;]<\/p>\n","protected":false},"author":117,"featured_media":0,"comment_status":"closed","ping_status":"open","sticky":false,"template":"","format":"standard","meta":{"footnotes":""},"categories":[478],"tags":[],"class_list":["post-60080","post","type-post","status-publish","format-standard","hentry","category-fiestes-dinteres-turisticu"],"_links":{"self":[{"href":"https:\/\/edublog.educastur.es\/ixuxu\/wp-json\/wp\/v2\/posts\/60080","targetHints":{"allow":["GET"]}}],"collection":[{"href":"https:\/\/edublog.educastur.es\/ixuxu\/wp-json\/wp\/v2\/posts"}],"about":[{"href":"https:\/\/edublog.educastur.es\/ixuxu\/wp-json\/wp\/v2\/types\/post"}],"author":[{"embeddable":true,"href":"https:\/\/edublog.educastur.es\/ixuxu\/wp-json\/wp\/v2\/users\/117"}],"replies":[{"embeddable":true,"href":"https:\/\/edublog.educastur.es\/ixuxu\/wp-json\/wp\/v2\/comments?post=60080"}],"version-history":[{"count":1,"href":"https:\/\/edublog.educastur.es\/ixuxu\/wp-json\/wp\/v2\/posts\/60080\/revisions"}],"predecessor-version":[{"id":60081,"href":"https:\/\/edublog.educastur.es\/ixuxu\/wp-json\/wp\/v2\/posts\/60080\/revisions\/60081"}],"wp:attachment":[{"href":"https:\/\/edublog.educastur.es\/ixuxu\/wp-json\/wp\/v2\/media?parent=60080"}],"wp:term":[{"taxonomy":"category","embeddable":true,"href":"https:\/\/edublog.educastur.es\/ixuxu\/wp-json\/wp\/v2\/categories?post=60080"},{"taxonomy":"post_tag","embeddable":true,"href":"https:\/\/edublog.educastur.es\/ixuxu\/wp-json\/wp\/v2\/tags?post=60080"}],"curies":[{"name":"wp","href":"https:\/\/api.w.org\/{rel}","templated":true}]}}