{"id":60093,"date":"2025-10-21T08:30:01","date_gmt":"2025-10-21T06:30:01","guid":{"rendered":"https:\/\/edublog.educastur.es\/ixuxu\/?p=60093"},"modified":"2025-10-21T09:04:20","modified_gmt":"2025-10-21T07:04:20","slug":"el-tiempu-el-comercio-165","status":"publish","type":"post","link":"https:\/\/edublog.educastur.es\/ixuxu\/2025\/10\/el-tiempu-el-comercio-165\/","title":{"rendered":"El tiempu (El Comercio)"},"content":{"rendered":"<p style=\"text-align: center\"><a href=\"https:\/\/s3.ppllstatics.com\/elcomercio\/www\/multimedia\/2025\/10\/20\/prevision-tiempo-asturias-kCkB-U2302588077118HVD-1200x870@El%20Comercio.jpg\"><img loading=\"lazy\" decoding=\"async\" class=\"aligncenter size-large\" src=\"https:\/\/s3.ppllstatics.com\/elcomercio\/www\/multimedia\/2025\/10\/20\/prevision-tiempo-asturias-kCkB-U2302588077118HVD-1200x870@El%20Comercio.jpg\" width=\"1200\" height=\"870\" \/><\/a><\/p>\n<p>Gracies a los vientos d&#8217;oeste-suroeste con raches moderaes y, inclusive, localmente fuertes por momentos nel occidente sobremanera, <strong>les temperatures m\u00e1ximes van xubir<\/strong> de forma xeneralizada en tol Princip\u00e1u d&#8217;Asturies. Van xubir hasta 3 \u00baC na met\u00e1 oeste asturiana y hasta 4 \u00baC na oriental. <strong>Les temperatures m\u00ednimes<\/strong>, igualmente, tami\u00e9n van xubir en tolos conceyos. Los cielos presentar\u00e1nse nublos escontra l&#8217;oeste y escontra el sur de la rex\u00f3n, con m\u00e1s claros tantu nel centru como nel oriente y na mari\u00f1a. Asina tou, <strong>mientres la segunda parte del d\u00eda<\/strong>, ye probable que les nubes tengan un mayor protagonismu pudiendo dexar bastios irregularmente part\u00edos de forma ocasional, pero que podr\u00eden ser m\u00e1s frecuentes na met\u00e1 sur de la Comunid\u00e1 Aut\u00f3noma.<\/p>\n<p><!--more--><\/p>\n<p>El mi\u00e9rcoles va ser un d\u00eda de nuevu bien prestosu t\u00e9rmicamente con un predominiu nuevamente de vientos de suroeste moderaos que van acabar siendo fuertes, sobremanera, nel oeste, mari\u00f1a y sur d&#8217;Asturies.<\/p>\n<p>Na recta final del d\u00eda activar\u00e1se l&#8217;avisu mariellu por fuertes vientos nel suroccidente y nel cordal. Igualmente, tami\u00e9n se va activar l&#8217;avisu mariellu na mar del sector occidental por fuertes vientos costeros y por foles d&#8217;hasta 5 metros d&#8217;altor.<\/p>\n","protected":false},"excerpt":{"rendered":"<p>Gracies a los vientos d&#8217;oeste-suroeste con raches moderaes y, inclusive, localmente fuertes por momentos nel occidente sobremanera, les temperatures m\u00e1ximes van xubir de forma xeneralizada en tol Princip\u00e1u d&#8217;Asturies. Van xubir hasta 3 \u00baC na met\u00e1 oeste asturiana y hasta 4 \u00baC na oriental. Les temperatures m\u00ednimes, igualmente, tami\u00e9n van xubir en tolos conceyos. Los [&hellip;]<\/p>\n","protected":false},"author":117,"featured_media":0,"comment_status":"closed","ping_status":"open","sticky":false,"template":"","format":"standard","meta":{"footnotes":""},"categories":[5],"tags":[],"class_list":["post-60093","post","type-post","status-publish","format-standard","hentry","category-tiempu"],"_links":{"self":[{"href":"https:\/\/edublog.educastur.es\/ixuxu\/wp-json\/wp\/v2\/posts\/60093","targetHints":{"allow":["GET"]}}],"collection":[{"href":"https:\/\/edublog.educastur.es\/ixuxu\/wp-json\/wp\/v2\/posts"}],"about":[{"href":"https:\/\/edublog.educastur.es\/ixuxu\/wp-json\/wp\/v2\/types\/post"}],"author":[{"embeddable":true,"href":"https:\/\/edublog.educastur.es\/ixuxu\/wp-json\/wp\/v2\/users\/117"}],"replies":[{"embeddable":true,"href":"https:\/\/edublog.educastur.es\/ixuxu\/wp-json\/wp\/v2\/comments?post=60093"}],"version-history":[{"count":1,"href":"https:\/\/edublog.educastur.es\/ixuxu\/wp-json\/wp\/v2\/posts\/60093\/revisions"}],"predecessor-version":[{"id":60094,"href":"https:\/\/edublog.educastur.es\/ixuxu\/wp-json\/wp\/v2\/posts\/60093\/revisions\/60094"}],"wp:attachment":[{"href":"https:\/\/edublog.educastur.es\/ixuxu\/wp-json\/wp\/v2\/media?parent=60093"}],"wp:term":[{"taxonomy":"category","embeddable":true,"href":"https:\/\/edublog.educastur.es\/ixuxu\/wp-json\/wp\/v2\/categories?post=60093"},{"taxonomy":"post_tag","embeddable":true,"href":"https:\/\/edublog.educastur.es\/ixuxu\/wp-json\/wp\/v2\/tags?post=60093"}],"curies":[{"name":"wp","href":"https:\/\/api.w.org\/{rel}","templated":true}]}}