{"id":60103,"date":"2025-10-30T10:13:33","date_gmt":"2025-10-30T08:13:33","guid":{"rendered":"https:\/\/edublog.educastur.es\/ixuxu\/?p=60103"},"modified":"2025-11-01T16:14:14","modified_gmt":"2025-11-01T14:14:14","slug":"pan-y-roses-festival-de-lliteratura-social-y-pensamientu-criticu-contemporaneu","status":"publish","type":"post","link":"https:\/\/edublog.educastur.es\/ixuxu\/2025\/10\/pan-y-roses-festival-de-lliteratura-social-y-pensamientu-criticu-contemporaneu\/","title":{"rendered":"\u201cPan y Roses\u201d: festival de lliteratura social y pensamientu cr\u00edticu contemporaneu."},"content":{"rendered":"<div class=\"html-div xdj266r x14z9mp xat24cr x1lziwak xexx8yu x1a8lsjc xf7dkkf xv54qhq\">\n<div class=\"html-div xdj266r x14z9mp xat24cr x1lziwak xexx8yu xyri2b x18d9i69 x1c1uobl x1jx94hy x78zum5 x1q0g3np\">\n<div class=\"x78zum5 xdt5ytf xz62fqu x16ldp7u\">\n<div class=\"xu06os2 x1ok221b\">\n<div class=\"html-div xdj266r x14z9mp xat24cr x1lziwak xexx8yu xyri2b x18d9i69 x1c1uobl\" data-ad-rendering-role=\"profile_name\">\n<ul>\n<li class=\"html-h3 x14z9mp xat24cr x1lziwak xexx8yu xyri2b x18d9i69 x1c1uobl x1vvkbs x1heor9g x1qlqyl8 x1pd3egz x1a2a7pz x1gslohp x1yc453h\"><span class=\"x1lliihq x6ikm8r x10wlt62 x1n2onr6\"><span class=\"xt0psk2\"><a class=\"x1i10hfl xjbqb8w x1ejq31n x18oe1m7 x1sy0etr xstzfhl x972fbf x10w94by x1qhh985 x14e42zd x9f619 x1ypdohk xt0psk2 x3ct3a4 xdj266r x14z9mp xat24cr x1lziwak xexx8yu xyri2b x18d9i69 x1c1uobl x16tdsg8 x1hl2dhg xggy1nq x1a2a7pz xkrqix3 x1sur9pj xzsf02u x1s688f\" role=\"link\" href=\"https:\/\/www.facebook.com\/juan.ponte.5?__cft__[0]=AZUhxTGYp38TPjzQ3pyTbpxXvOHGQhfDHYMJdWTSMm_1vkz0rc2YpkRlY7YOxecfY4dhnyODvYeSJyRLNztd3WAlZpeKdnjUT5LSF_drJO4n8tJSTfjT9RLNvxgPjOlcJhAdlC5_IPJ6EgmJkMnNoxjQXJlPMxKHQjQrWacIe4FUON2U2lFIBzFAalporIivyqg&amp;__tn__=-UC%2CP-y-R\"><b class=\"html-b xdj266r x14z9mp xat24cr x1lziwak xexx8yu xyri2b x18d9i69 x1c1uobl x1hl2dhg x16tdsg8 x1vvkbs x1s688f\"><span class=\"html-span xdj266r x14z9mp xat24cr x1lziwak xexx8yu xyri2b x18d9i69 x1c1uobl x1hl2dhg x16tdsg8 x1vvkbs\">Juan Ponte<\/span><\/b><\/a><\/span><\/span><\/li>\n<\/ul>\n<\/div>\n<\/div>\n<div class=\"xu06os2 x1ok221b\">\n<div class=\"html-div xdj266r x14z9mp xat24cr x1lziwak xexx8yu xyri2b x18d9i69 x1c1uobl x6s0dn4 x17zd0t2 x78zum5 x1q0g3np x1a02dak\">Naz \u201cPan y Roses\u201d, festival de lliteratura social y pensamientu cr\u00edticu contemporaneu. <a href=\"https:\/\/www.facebook.com\/reel\/2290674634713059\"><strong>Videu<\/strong><\/a>Un festival bas\u00e1u nes pilastres de la xusticia ecosocial y global. 1 y 2 de payares, n&#8217;Uvi\u00e9u. Entaman: <span style=\"text-decoration: underline\">Direcci\u00f3n Xeneral d&#8217;Axenda 2030 y Hoja de Lata Editorial. <\/span><a class=\"x1i10hfl xjbqb8w x1ejq31n x18oe1m7 x1sy0etr xstzfhl x972fbf x10w94by x1qhh985 x14e42zd x9f619 x1ypdohk xt0psk2 x3ct3a4 xdj266r x14z9mp xat24cr x1lziwak xexx8yu xyri2b x18d9i69 x1c1uobl x16tdsg8 x1hl2dhg xggy1nq x1a2a7pz xkrqix3 x1sur9pj x1fey0fg x1s688f\" role=\"link\" href=\"https:\/\/www.facebook.com\/profile.php?id=61582586909138&amp;__cft__[0]=AZUhxTGYp38TPjzQ3pyTbpxXvOHGQhfDHYMJdWTSMm_1vkz0rc2YpkRlY7YOxecfY4dhnyODvYeSJyRLNztd3WAlZpeKdnjUT5LSF_drJO4n8tJSTfjT9RLNvxgPjOlcJhAdlC5_IPJ6EgmJkMnNoxjQXJlPMxKHQjQrWacIe4FUON2U2lFIBzFAalporIivyqg&amp;__tn__=-]K-y-R\"><span class=\"xt0psk2\"><span class=\"xjp7ctv\">Festival Pan y Roses<\/span><\/span><\/a>Dise\u00f1o brutal de <span class=\"html-span xdj266r x14z9mp xat24cr x1lziwak xexx8yu xyri2b x18d9i69 x1c1uobl x1hl2dhg x16tdsg8 x1vvkbs\"><a class=\"x1i10hfl xjbqb8w x1ejq31n x18oe1m7 x1sy0etr xstzfhl x972fbf x10w94by x1qhh985 x14e42zd x9f619 x1ypdohk xt0psk2 x3ct3a4 xdj266r x14z9mp xat24cr x1lziwak xexx8yu xyri2b x18d9i69 x1c1uobl x16tdsg8 x1hl2dhg xggy1nq x1a2a7pz xkrqix3 x1sur9pj x1fey0fg x1s688f\" role=\"link\" href=\"https:\/\/www.facebook.com\/DE.FABULATOTAL?__cft__[0]=AZUhxTGYp38TPjzQ3pyTbpxXvOHGQhfDHYMJdWTSMm_1vkz0rc2YpkRlY7YOxecfY4dhnyODvYeSJyRLNztd3WAlZpeKdnjUT5LSF_drJO4n8tJSTfjT9RLNvxgPjOlcJhAdlC5_IPJ6EgmJkMnNoxjQXJlPMxKHQjQrWacIe4FUON2U2lFIBzFAalporIivyqg&amp;__tn__=-]K-y-R\"><span class=\"xt0psk2\"><span class=\"xjp7ctv\">F\u00e1 Bulosa<\/span><\/span><\/a><\/span><\/div>\n<div><\/div>\n<div>Ponte anima a participar nel festival\u00a0 qu&#8217;impulsa los Oxetivos de Desenvolvimientu Sostenible y una opini\u00f3n p\u00fablica cr\u00edtica y formada.<\/div>\n<div><\/div>\n<div><\/div>\n<\/div>\n<div style=\"text-align: center\"><a href=\"https:\/\/actualidad.asturias.es\/documents\/537115\/2874622\/2025_10_20+cartel+pan+y+roses.jpg\/bfe31ec5-b992-8032-4c30-64c925ca76c5?t=1760958068999\"><img loading=\"lazy\" decoding=\"async\" class=\"aligncenter \" src=\"https:\/\/actualidad.asturias.es\/documents\/537115\/2874622\/2025_10_20+cartel+pan+y+roses.jpg\/bfe31ec5-b992-8032-4c30-64c925ca76c5?t=1760958068999\" width=\"556\" height=\"897\" \/><\/a><\/div>\n<\/div>\n<\/div>\n<\/div>\n<div class=\"html-div xdj266r x14z9mp xat24cr x1lziwak xexx8yu xyri2b x18d9i69 x1c1uobl\" dir=\"auto\">\n<div class=\"html-div xdj266r x14z9mp xat24cr x1lziwak xexx8yu xyri2b x18d9i69 x1c1uobl\" dir=\"auto\">\n<div class=\"html-div xdj266r x14z9mp xat24cr x1lziwak xexx8yu xyri2b x18d9i69 x1c1uobl\" data-ad-rendering-role=\"story_message\">\n<div class=\"x1l90r2v x1iorvi4 x1g0dm76 xpdmqnj\" data-ad-comet-preview=\"message\" data-ad-preview=\"message\">\n<div class=\"x78zum5 xdt5ytf xz62fqu x16ldp7u\">\n<div class=\"xu06os2 x1ok221b\">\n<div class=\"html-div xdj266r x14z9mp xat24cr x1lziwak xexx8yu xyri2b x18d9i69 x1c1uobl\">\n<div class=\"x14z9mp xat24cr x1lziwak x1vvkbs xtlvy1s x126k92a\">\n<div dir=\"auto\"><!--more--><\/div>\n<div dir=\"auto\"><\/div>\n<div dir=\"auto\" style=\"text-align: center\">\n<!-- iframe plugin v.6.0 wordpress.org\/plugins\/iframe\/ -->\n<iframe loading=\"lazy\" src=\"https:\/\/www.facebook.com\/plugins\/post.php?href=https%3A%2F%2Fwww.facebook.com%2Fpermalink.php%3Fstory_fbid%3Dpfbid02in3J3qK2vwRtYNWc8RcFaf2JMxou6dyvTNrQFn9AwTJEnbvAmbMyVu4g7F9MQnkZl%26id%3D61582586909138&#038;show_text=false&#038;width=500\" width=\"500\" height=\"497\" style=\"border:none;overflow:hidden\" scrolling=\"no\" frameborder=\"0\" allowfullscreen=\"true\" allow=\"autoplay; clipboard-write; encrypted-media; picture-in-picture; web-share\" 0=\"\/iframe\" class=\"iframe-class\"><\/iframe>\n<\/div>\n<div dir=\"auto\">\n<ul>\n<li><a class=\"pdf\" title=\"Nota prensa festival Pan y Roses. Abre una nueva ventana\" href=\"https:\/\/actualidad.asturias.es\/documents\/533407\/0\/2025_10_20+NP+Pan+y+Roses.pdf\/dcfc5306-a0e5-756d-052a-ab0b6b5853cb?t=1760958182205\" target=\"_blank\" rel=\"noopener\">\u00a0Nota prensa festival Pan y Roses<\/a><\/li>\n<li><a class=\"pdf\" title=\"Programa Festival Pan y Roses. Abre una nueva ventana\" href=\"https:\/\/actualidad.asturias.es\/documents\/533407\/0\/2025_10_20+programa+pan+y+roses.pdf\/f555eba4-2543-08ac-fbf7-546efb839047?t=1760958213892\" target=\"_blank\" rel=\"noopener\">\u00a0Programa Festival Pan y Roses<\/a><\/li>\n<\/ul>\n<div class=\"html-div x14z9mp xat24cr x1lziwak xexx8yu xyri2b x18d9i69 x1c1uobl x9f619 xjbqb8w x1rg5ohu x15mokao x1ga7v0g x16uus16 xbiv7yw x1uhb9sk x1plvlek xryxfnj x1c4vz4f x2lah0s x1oa3qoh x193iq5w x1xmf6yo\">\n<div class=\"x1rg5ohu x2fvf9\">\n<div>\n<div class=\"html-div xdj266r x14z9mp xat24cr x1lziwak xexx8yu xyri2b x18d9i69 x1c1uobl x9f619 xjbqb8w x1rg5ohu x15mokao x1ga7v0g x16uus16 xbiv7yw x1uhb9sk x1plvlek xryxfnj x1c4vz4f x2lah0s x1oa3qoh\">\n<div class=\"html-div xdj266r x14z9mp xat24cr x1lziwak xexx8yu xyri2b x18d9i69 x1c1uobl x9f619 xjbqb8w x78zum5 x15mokao x1ga7v0g x16uus16 xbiv7yw x1n2onr6 x1plvlek xryxfnj x1c4vz4f x2lah0s x1q0g3np xqjyukv x6s0dn4 x1oa3qoh x1nhvcw1\" style=\"text-align: center\"><\/div>\n<\/div>\n<\/div>\n<\/div>\n<div><span class=\"_ap3a _aaco _aacu _aacx _aad7 _aade\" dir=\"auto\">Esti fin de selmana los <a class=\"x1i10hfl xjbqb8w x1ejq31n x18oe1m7 x1sy0etr xstzfhl x972fbf x10w94by x1qhh985 x14e42zd x9f619 x1ypdohk xt0psk2 x3ct3a4 xdj266r x14z9mp xat24cr x1lziwak xexx8yu xyri2b x18d9i69 x1c1uobl x16tdsg8 x1hl2dhg xggy1nq x1a2a7pz notranslate _a6hd\" role=\"link\" href=\"https:\/\/www.instagram.com\/kuivi_almacenes\/\">@kuivi_almacenes<\/a> d\u2019Uvi\u00e9u van acoyer la primer edici\u00f3n de Festival <a class=\"x1i10hfl xjbqb8w x1ejq31n x18oe1m7 x1sy0etr xstzfhl x972fbf x10w94by x1qhh985 x14e42zd x9f619 x1ypdohk xt0psk2 x3ct3a4 xdj266r x14z9mp xat24cr x1lziwak xexx8yu xyri2b x18d9i69 x1c1uobl x16tdsg8 x1hl2dhg xggy1nq x1a2a7pz notranslate _a6hd\" role=\"link\" href=\"https:\/\/www.instagram.com\/panyroses_festival\/\">@panyroses_festival<\/a> , el primer festival de lliteratura social d\u2019Asturies\ud83d\udcd5\ud83c\udfb6La m\u00fasica tar\u00e1 presente nel eventu con un conciertu d\u2019<a class=\"x1i10hfl xjbqb8w x1ejq31n x18oe1m7 x1sy0etr xstzfhl x972fbf x10w94by x1qhh985 x14e42zd x9f619 x1ypdohk xt0psk2 x3ct3a4 xdj266r x14z9mp xat24cr x1lziwak xexx8yu xyri2b x18d9i69 x1c1uobl x16tdsg8 x1hl2dhg xggy1nq x1a2a7pz notranslate _a6hd\" role=\"link\" href=\"https:\/\/www.instagram.com\/antonmenchaca_musica\/\">@antonmenchaca_musica<\/a> , un alderique nel que participen <a class=\"x1i10hfl xjbqb8w x1ejq31n x18oe1m7 x1sy0etr xstzfhl x972fbf x10w94by x1qhh985 x14e42zd x9f619 x1ypdohk xt0psk2 x3ct3a4 xdj266r x14z9mp xat24cr x1lziwak xexx8yu xyri2b x18d9i69 x1c1uobl x16tdsg8 x1hl2dhg xggy1nq x1a2a7pz notranslate _a6hd\" role=\"link\" href=\"https:\/\/www.instagram.com\/caparinamariella\/\">@caparinamariella<\/a> (<a class=\"x1i10hfl xjbqb8w x1ejq31n x18oe1m7 x1sy0etr xstzfhl x972fbf x10w94by x1qhh985 x14e42zd x9f619 x1ypdohk xt0psk2 x3ct3a4 xdj266r x14z9mp xat24cr x1lziwak xexx8yu xyri2b x18d9i69 x1c1uobl x16tdsg8 x1hl2dhg xggy1nq x1a2a7pz notranslate _a6hd\" role=\"link\" href=\"https:\/\/www.instagram.com\/laciudanelmar\/\">@laciudanelmar<\/a> ) y <a class=\"x1i10hfl xjbqb8w x1ejq31n x18oe1m7 x1sy0etr xstzfhl x972fbf x10w94by x1qhh985 x14e42zd x9f619 x1ypdohk xt0psk2 x3ct3a4 xdj266r x14z9mp xat24cr x1lziwak xexx8yu xyri2b x18d9i69 x1c1uobl x16tdsg8 x1hl2dhg xggy1nq x1a2a7pz notranslate _a6hd\" role=\"link\" href=\"https:\/\/www.instagram.com\/nataliaochobre\/\">@nataliaochobre<\/a> (<a class=\"x1i10hfl xjbqb8w x1ejq31n x18oe1m7 x1sy0etr xstzfhl x972fbf x10w94by x1qhh985 x14e42zd x9f619 x1ypdohk xt0psk2 x3ct3a4 xdj266r x14z9mp xat24cr x1lziwak xexx8yu xyri2b x18d9i69 x1c1uobl x16tdsg8 x1hl2dhg xggy1nq x1a2a7pz notranslate _a6hd\" role=\"link\" href=\"https:\/\/www.instagram.com\/ochobrepunk\/\">@ochobrepunk<\/a> ) y una activid\u00e1 pa la reciella de <a class=\"x1i10hfl xjbqb8w x1ejq31n x18oe1m7 x1sy0etr xstzfhl x972fbf x10w94by x1qhh985 x14e42zd x9f619 x1ypdohk xt0psk2 x3ct3a4 xdj266r x14z9mp xat24cr x1lziwak xexx8yu xyri2b x18d9i69 x1c1uobl x16tdsg8 x1hl2dhg xggy1nq x1a2a7pz notranslate _a6hd\" role=\"link\" href=\"https:\/\/www.instagram.com\/david_varela\/\">@david_varela<\/a> . <a href=\"https:\/\/musicasturiana.com\/anton-menchaca-david-varela-marina-pangua-y-natalia-gonzalez-van-tar-nel-festival-pan-y-roses\/\"><strong>Musicasturiana.com\u00a0<\/strong><\/a><\/span><\/div>\n<div><\/div>\n<\/div>\n<p>La m\u00fasica tien presencia&#8217;l domingu 2 nel I Festival de Lliteratura Social d&#8217;Asturies que se celebra esta selmana nos Kuivi Almacenes d&#8217;Uvi\u00e9u.<\/p>\n<p>Dende\u2019l mi\u00e9rcoles 29 d\u2019ochobre al domingu 2 de payares los <strong>Kuivi Almacenes<\/strong> d\u2019Uvi\u00e9u van acoyer la primer edici\u00f3n de <strong><a href=\"https:\/\/www.instagram.com\/panyroses_festival\/\" target=\"_blank\" rel=\"noreferrer noopener\">Pan y Roses<\/a><\/strong>, el primer festival de lliteratura social d\u2019Asturies. La m\u00fasica va tar presente nel eventu con un conciertu d\u2019<strong>Ant\u00f3n Menchaca<\/strong>, un alderique nel que participen <strong>Marina Pangua <\/strong>(La Ciud\u00e1 nel Mar) y <strong>Natalia Gonz\u00e1lez <\/strong>(Ochobre) y una activid\u00e1 pa la reciella de<strong> David Varela<\/strong>.<\/p>\n<p>El <strong>domingu 2<\/strong> entamen les actividaes rellaciones cola m\u00fasica nesti festival entam\u00e1u pola editorial <strong>Hoja de Lata <\/strong>y sofit\u00e1u cola<strong> Axenda 2030 <\/strong>y la <strong>Conseyer\u00eda d\u2019Ordenaci\u00f3n de Territoriu, Urbanismu, Vivienda y Derechos Sociales<\/strong>. El conciertu del d\u00fau d\u2019<strong>asturianada renovad<\/strong>a Ant\u00f3n Menchaca va ser el domingu 2 de 14h a 16h. N\u2019acabando, Marina Pangua y Natalia Ochobre intervienen nel alderique <strong><em>\u00bfPa qui\u00e9n escribe una moza asturiana angua\u00f1o?<\/em> <\/strong>y de 17.30h a 19h David Varela va facer un<strong> taller d\u2019instrumentos tradicionales<\/strong> sostenibles pa la reciella.<\/p>\n<p>Am\u00e1s d\u2019estes actividaes va haber otra montonera d\u2019elles dientro d\u2019esti <strong>I Festival de Lliteratura Social d\u2019Asturies<\/strong>, que se presenta como un proyectu que tien a la \u00ab<strong>sostenibilid\u00e1 <\/strong>social, sostenibilid\u00e1 ambiental y sostenibilid\u00e1 econ\u00f3mica como exes vertebradores\u00bb, am\u00e1s de defender los <strong>valores <\/strong>de \u00abdemocracia, xusticia social, iguald\u00e1, feminismu, inclusivid\u00e1, diversid\u00e1, ecolox\u00eda y asturian\u00eda\u00bb.<\/p>\n<\/div>\n<div dir=\"auto\"><\/div>\n<div dir=\"auto\" style=\"text-align: center\"><\/div>\n<\/div>\n<\/div>\n<\/div>\n<\/div>\n<\/div>\n<\/div>\n<\/div>\n<\/div>\n<p>&nbsp;<\/p>\n","protected":false},"excerpt":{"rendered":"<p>Juan Ponte Naz \u201cPan y Roses\u201d, festival de lliteratura social y pensamientu cr\u00edticu contemporaneu. VideuUn festival bas\u00e1u nes pilastres de la xusticia ecosocial y global. 1 y 2 de payares, n&#8217;Uvi\u00e9u. Entaman: Direcci\u00f3n Xeneral d&#8217;Axenda 2030 y Hoja de Lata Editorial. Festival Pan y RosesDise\u00f1o brutal de F\u00e1 Bulosa Ponte anima a participar nel festival\u00a0 [&hellip;]<\/p>\n","protected":false},"author":117,"featured_media":0,"comment_status":"closed","ping_status":"open","sticky":false,"template":"","format":"standard","meta":{"footnotes":""},"categories":[204,71],"tags":[],"class_list":["post-60103","post","type-post","status-publish","format-standard","hentry","category-festivales","category-lliteratura"],"_links":{"self":[{"href":"https:\/\/edublog.educastur.es\/ixuxu\/wp-json\/wp\/v2\/posts\/60103","targetHints":{"allow":["GET"]}}],"collection":[{"href":"https:\/\/edublog.educastur.es\/ixuxu\/wp-json\/wp\/v2\/posts"}],"about":[{"href":"https:\/\/edublog.educastur.es\/ixuxu\/wp-json\/wp\/v2\/types\/post"}],"author":[{"embeddable":true,"href":"https:\/\/edublog.educastur.es\/ixuxu\/wp-json\/wp\/v2\/users\/117"}],"replies":[{"embeddable":true,"href":"https:\/\/edublog.educastur.es\/ixuxu\/wp-json\/wp\/v2\/comments?post=60103"}],"version-history":[{"count":5,"href":"https:\/\/edublog.educastur.es\/ixuxu\/wp-json\/wp\/v2\/posts\/60103\/revisions"}],"predecessor-version":[{"id":60934,"href":"https:\/\/edublog.educastur.es\/ixuxu\/wp-json\/wp\/v2\/posts\/60103\/revisions\/60934"}],"wp:attachment":[{"href":"https:\/\/edublog.educastur.es\/ixuxu\/wp-json\/wp\/v2\/media?parent=60103"}],"wp:term":[{"taxonomy":"category","embeddable":true,"href":"https:\/\/edublog.educastur.es\/ixuxu\/wp-json\/wp\/v2\/categories?post=60103"},{"taxonomy":"post_tag","embeddable":true,"href":"https:\/\/edublog.educastur.es\/ixuxu\/wp-json\/wp\/v2\/tags?post=60103"}],"curies":[{"name":"wp","href":"https:\/\/api.w.org\/{rel}","templated":true}]}}