{"id":60119,"date":"2025-10-21T09:00:54","date_gmt":"2025-10-21T07:00:54","guid":{"rendered":"https:\/\/edublog.educastur.es\/ixuxu\/?p=60119"},"modified":"2025-10-21T11:32:27","modified_gmt":"2025-10-21T09:32:27","slug":"dia-mundial-del-aforru-denerxia","status":"publish","type":"post","link":"https:\/\/edublog.educastur.es\/ixuxu\/2025\/10\/dia-mundial-del-aforru-denerxia\/","title":{"rendered":"D\u00eda Mundial del Aforru d&#8217;Enerx\u00eda"},"content":{"rendered":"<p style=\"text-align: center\"><a href=\"https:\/\/cdn0.ecologiaverde.com\/es\/posts\/3\/4\/1\/cuando_es_el_dia_mundial_del_ahorro_de_energia_5143_0_600.webp\"><img loading=\"lazy\" decoding=\"async\" class=\"alignnone size-large\" src=\"https:\/\/cdn0.ecologiaverde.com\/es\/posts\/3\/4\/1\/cuando_es_el_dia_mundial_del_ahorro_de_energia_5143_0_600.webp\" width=\"600\" height=\"400\" \/><\/a><\/p>\n<p>D\u00eda Mundial del Aforru d&#8217;Enerx\u00eda: sencielles mid\u00edes para aforrar enerx\u00eda nel nuesu d\u00eda ente d\u00eda. Con pequenes acciones, podemos faer un usu m\u00e1s eficiente de la enerx\u00eda.<\/p>\n<p><!--more--><\/p>\n<p>Concienciaci\u00f3n y amenorgamientu del gastu enerx\u00e9ticu.\u00a0Esti d\u00eda <strong>tien como oxetivu promover la importancia de la eficiencia enerx\u00e9tica y l&#8217;amenorgamientu del consumu d&#8217;enerx\u00eda.<\/strong><\/p>\n<p style=\"text-align: center\"><a href=\"https:\/\/spain.representation.ec.europa.eu\/sites\/default\/files\/styles\/embed_large\/public\/2023-10\/P049409-449029.jpg?itok=XjAGdzH7\"><img loading=\"lazy\" decoding=\"async\" class=\"alignnone size-large\" src=\"https:\/\/spain.representation.ec.europa.eu\/sites\/default\/files\/styles\/embed_large\/public\/2023-10\/P049409-449029.jpg?itok=XjAGdzH7\" width=\"712\" height=\"475\" \/><\/a><\/p>\n<p>Ye imprescindible concenciar empreses, gobiernos y socied\u00e1 polo xeneral sobro la necesid\u00e1 d&#8217;adoptar pr\u00e1ctiques qu&#8217;amenorguen el gastu enerx\u00e9ticu y embrivan l&#8217;impactu ambiental.<\/p>\n<p style=\"text-align: center\"><a href=\"https:\/\/cdn0.ecologiaverde.com\/es\/posts\/3\/4\/1\/por_que_se_celebra_el_dia_mundial_del_ahorro_de_energia_5143_1_600.webp\"><img loading=\"lazy\" decoding=\"async\" class=\"aligncenter size-large\" src=\"https:\/\/cdn0.ecologiaverde.com\/es\/posts\/3\/4\/1\/por_que_se_celebra_el_dia_mundial_del_ahorro_de_energia_5143_1_600.webp\" width=\"600\" height=\"400\" \/><\/a><\/p>\n<p>Dende 2012, y por iniciativa del Foru Enerx\u00e9ticu Mundial, el 21 d&#8217;ochobre celebra en tol mundu&#8217;l D\u00eda mundial del aforru d&#8217;enerx\u00eda. El so prop\u00f3situ fundamental ye <strong>sensibilizar a tola socied\u00e1 sobro la relevancia, cada vez mayor, de la eficiencia enerx\u00e9tica y sobro la necesid\u00e1 d&#8217;amenorgar el consumu d&#8217;enerx\u00eda que realizamos diariamente<\/strong>. Por ello escoy\u00f3 esta fecha na que se busca destacar la relaci\u00f3n directa ente l&#8217;usu consciente de la enerx\u00eda y los sos beneficios, tanto pal mediu ambiente como pa la econom\u00eda global.<\/p>\n<p>Ye innegable que&#8217;l consumu d&#8217;enerx\u00eda tien un impactu significativu nel planeta y\u00e1 que, anque les fontes anovables siguen aumentando en tol planeta, <strong>la xeneraci\u00f3n d&#8217;enerx\u00eda sigue dependiendo en gran midida de fontes non anovables como los combustibles f\u00f3siles, que lliberen gases d&#8217;efectu invernaderu y contrib\u00fain al camb\u00e9u clim\u00e1ticu.<\/strong> Poro, fomentar pr\u00e1ctiques qu&#8217;amenorguen el consumu d&#8217;enerx\u00eda ye crucial p&#8217;apangar estos efectos.<\/p>\n<p>La celebraci\u00f3n d&#8217;esti d\u00eda tami\u00e9n busca impulsar l&#8217;adopci\u00f3n de tecnolox\u00edes y pr\u00e1ctiques qu&#8217;ameyoren la eficiencia enerx\u00e9tica como les innovaciones tecnol\u00f3xiques nos sistemes d&#8217;enerx\u00eda anovable, la meyora nel aislamientu d&#8217;edificios o<strong> la implementaci\u00f3n de soluciones intelixentes pa la xesti\u00f3n del consumu enerx\u00e9ticu.<\/strong> Esto non solo ayuda a amenorgar l&#8217;impactu ambiental, sin\u00f3n que tami\u00e9n puede traer un importante aforru pa llares y empreses. Tami\u00e9n ye importante sorrayar la importancia de la cooperaci\u00f3n ente pa\u00edses, empreses y organizaciones non gubernamentales pa desenvolver estratexes globales efectives que promuevan la eficiencia enerx\u00e9tica y amenorguen l&#8217;impactu ambiental.<\/p>\n","protected":false},"excerpt":{"rendered":"<p>D\u00eda Mundial del Aforru d&#8217;Enerx\u00eda: sencielles mid\u00edes para aforrar enerx\u00eda nel nuesu d\u00eda ente d\u00eda. Con pequenes acciones, podemos faer un usu m\u00e1s eficiente de la enerx\u00eda.<\/p>\n","protected":false},"author":117,"featured_media":0,"comment_status":"closed","ping_status":"open","sticky":false,"template":"","format":"standard","meta":{"footnotes":""},"categories":[6,305],"tags":[],"class_list":["post-60119","post","type-post","status-publish","format-standard","hentry","category-dia-de","category-enerxia"],"_links":{"self":[{"href":"https:\/\/edublog.educastur.es\/ixuxu\/wp-json\/wp\/v2\/posts\/60119","targetHints":{"allow":["GET"]}}],"collection":[{"href":"https:\/\/edublog.educastur.es\/ixuxu\/wp-json\/wp\/v2\/posts"}],"about":[{"href":"https:\/\/edublog.educastur.es\/ixuxu\/wp-json\/wp\/v2\/types\/post"}],"author":[{"embeddable":true,"href":"https:\/\/edublog.educastur.es\/ixuxu\/wp-json\/wp\/v2\/users\/117"}],"replies":[{"embeddable":true,"href":"https:\/\/edublog.educastur.es\/ixuxu\/wp-json\/wp\/v2\/comments?post=60119"}],"version-history":[{"count":3,"href":"https:\/\/edublog.educastur.es\/ixuxu\/wp-json\/wp\/v2\/posts\/60119\/revisions"}],"predecessor-version":[{"id":60122,"href":"https:\/\/edublog.educastur.es\/ixuxu\/wp-json\/wp\/v2\/posts\/60119\/revisions\/60122"}],"wp:attachment":[{"href":"https:\/\/edublog.educastur.es\/ixuxu\/wp-json\/wp\/v2\/media?parent=60119"}],"wp:term":[{"taxonomy":"category","embeddable":true,"href":"https:\/\/edublog.educastur.es\/ixuxu\/wp-json\/wp\/v2\/categories?post=60119"},{"taxonomy":"post_tag","embeddable":true,"href":"https:\/\/edublog.educastur.es\/ixuxu\/wp-json\/wp\/v2\/tags?post=60119"}],"curies":[{"name":"wp","href":"https:\/\/api.w.org\/{rel}","templated":true}]}}