{"id":60140,"date":"2025-10-21T14:05:22","date_gmt":"2025-10-21T12:05:22","guid":{"rendered":"https:\/\/edublog.educastur.es\/ixuxu\/?p=60140"},"modified":"2025-11-30T12:25:44","modified_gmt":"2025-11-30T10:25:44","slug":"60140","status":"publish","type":"post","link":"https:\/\/edublog.educastur.es\/ixuxu\/2025\/10\/60140\/","title":{"rendered":"Conciertu-presentaci\u00f3n de \u2018Cenicientes\u2019 de Marisa Valle Roso"},"content":{"rendered":"<p style=\"text-align: center\"><span class=\"x193iq5w xeuugli x13faqbe x1vvkbs xt0psk2 x1i0vuye xvs91rp xo1l8bm x5n08af x10wh9bi xpm28yp x8viiok x1o7cslx x126k92a\"><span class=\"html-span xexx8yu x4uap5 x18d9i69 xkhd6sd x1hl2dhg x16tdsg8 x1vvkbs x3nfvp2 x1j61x8r x1fcty0u xdj266r xat24cr xgzva0m xhhsvwb xxymvpz xlup9mm x1kky2od\">\n<!-- iframe plugin v.6.0 wordpress.org\/plugins\/iframe\/ -->\n<iframe loading=\"lazy\" src=\"https:\/\/www.instagram.com\/reel\/DQBemmMDGCz\/embed\" width=\"500\" height=\"645\" 0=\"\/iframe\" scrolling=\"yes\" class=\"iframe-class\" frameborder=\"0\"><\/iframe>\n<\/span><\/span><\/p>\n<p><span class=\"x193iq5w xeuugli x13faqbe x1vvkbs xt0psk2 x1i0vuye xvs91rp xo1l8bm x5n08af x10wh9bi xpm28yp x8viiok x1o7cslx x126k92a\">Cr\u00f3nica y reportaxe fotogr\u00e1ficu de <a class=\"x1i10hfl xjbqb8w x1ejq31n x18oe1m7 x1sy0etr xstzfhl x972fbf x10w94by x1qhh985 x14e42zd x9f619 x1ypdohk xt0psk2 x3ct3a4 xdj266r x14z9mp xat24cr x1lziwak xexx8yu xyri2b x18d9i69 x1c1uobl x16tdsg8 x1hl2dhg xggy1nq x1a2a7pz notranslate _a6hd\" role=\"link\" href=\"https:\/\/www.instagram.com\/raul.algar_\/\">@raul.algar_<\/a> del conciertu-presentaci\u00f3n de \u2018Cenicientes\u2019 de <a class=\"x1i10hfl xjbqb8w x1ejq31n x18oe1m7 x1sy0etr xstzfhl x972fbf x10w94by x1qhh985 x14e42zd x9f619 x1ypdohk xt0psk2 x3ct3a4 xdj266r x14z9mp xat24cr x1lziwak xexx8yu xyri2b x18d9i69 x1c1uobl x16tdsg8 x1hl2dhg xggy1nq x1a2a7pz notranslate _a6hd\" role=\"link\" href=\"https:\/\/www.instagram.com\/marisavalleroso\/\">@marisavalleroso<\/a> , nel Teatru Nuevu La Felguera \ud83d\udc60 \u00abLa respuesta del p\u00fablicu, de pies y ovacionando, reflex\u00f3\u2019l prestu xeneral por una actuaci\u00f3n que combin\u00f3 rigor musical, innovaci\u00f3n y sensibilid\u00e1\u00bb<a href=\"https:\/\/musicasturiana.com\/marisa-valle-roso-fai-xusticia-la-memoria-del-carbon\/\"> Musicasturiana.com\u00a0<\/a><\/span><\/p>\n<p style=\"text-align: center\"><span class=\"x193iq5w xeuugli x13faqbe x1vvkbs xt0psk2 x1i0vuye xvs91rp xo1l8bm x5n08af x10wh9bi xpm28yp x8viiok x1o7cslx x126k92a\"><span class=\"html-span xexx8yu x4uap5 x18d9i69 xkhd6sd x1hl2dhg x16tdsg8 x1vvkbs x3nfvp2 x1j61x8r x1fcty0u xdj266r xat24cr xgzva0m xhhsvwb xxymvpz xlup9mm x1kky2od\">\n<!-- iframe plugin v.6.0 wordpress.org\/plugins\/iframe\/ -->\n<iframe loading=\"lazy\" src=\"https:\/\/www.instagram.com\/reel\/DQL_N9AjOs3\/embed\" width=\"500\" height=\"595\" 0=\"\/iframe\" scrolling=\"yes\" class=\"iframe-class\" frameborder=\"0\"><\/iframe>\n<\/span><\/span><\/p>\n<p>&nbsp;<\/p>\n<p><!--more--><\/p>\n<p><a class=\"x1i10hfl xjbqb8w x1ejq31n x18oe1m7 x1sy0etr xstzfhl x972fbf x10w94by x1qhh985 x14e42zd x9f619 x1ypdohk xt0psk2 x3ct3a4 xdj266r x14z9mp xat24cr x1lziwak xexx8yu xyri2b x18d9i69 x1c1uobl x16tdsg8 x1hl2dhg xggy1nq x1a2a7pz notranslate _a6hd\" role=\"link\" href=\"https:\/\/www.instagram.com\/amansalva.es\/\">@amansalva.es<\/a> <a class=\"x1i10hfl xjbqb8w x1ejq31n x18oe1m7 x1sy0etr xstzfhl x972fbf x10w94by x1qhh985 x14e42zd x9f619 x1ypdohk xt0psk2 x3ct3a4 xdj266r x14z9mp xat24cr x1lziwak xexx8yu xyri2b x18d9i69 x1c1uobl x16tdsg8 x1hl2dhg xggy1nq x1a2a7pz notranslate _a6hd\" role=\"link\" href=\"https:\/\/www.instagram.com\/esmerarte_industrias_creativas\/\">@esmerarte_industrias_creativas<\/a> <a class=\"x1i10hfl xjbqb8w x1ejq31n x18oe1m7 x1sy0etr xstzfhl x972fbf x10w94by x1qhh985 x14e42zd x9f619 x1ypdohk xt0psk2 x3ct3a4 xdj266r x14z9mp xat24cr x1lziwak xexx8yu xyri2b x18d9i69 x1c1uobl x16tdsg8 x1hl2dhg xggy1nq x1a2a7pz notranslate _a6hd\" role=\"link\" href=\"https:\/\/www.instagram.com\/langreo_cultura_y_deporte\/\">@langreo_cultura_y_deporte<\/a><\/p>\n<p style=\"text-align: center\">\n<!-- iframe plugin v.6.0 wordpress.org\/plugins\/iframe\/ -->\n<iframe loading=\"lazy\" width=\"100%\" height=\"402\" src=\"https:\/\/www.youtube.com\/embed\/3NDQ62LGlCY?list=RD3NDQ62LGlCY\" title=\"Marisa Valle Roso - Cenicientes del Carb\u00f3n (v\u00eddeo oficial)\" frameborder=\"0\" allow=\"accelerometer; autoplay; clipboard-write; encrypted-media; gyroscope; picture-in-picture; web-share\" referrerpolicy=\"strict-origin-when-cross-origin\" 0=\"allowfullscreen\" 1=\"\/iframe\" scrolling=\"yes\" class=\"iframe-class\"><\/iframe>\n<\/p>\n<p style=\"text-align: center\"><a href=\"https:\/\/musicasturiana.com\/wp-content\/uploads\/2025\/10\/793A4829.jpg\"><img loading=\"lazy\" decoding=\"async\" class=\"aligncenter \" src=\"https:\/\/musicasturiana.com\/wp-content\/uploads\/2025\/10\/793A4829.jpg\" width=\"695\" height=\"1043\" \/><\/a><\/p>\n<div class=\"elementor-element elementor-element-667e3c7 elementor-widget__width-inherit elementor-widget elementor-widget-theme-post-title elementor-page-title elementor-widget-heading\" data-id=\"667e3c7\" data-element_type=\"widget\" data-widget_type=\"theme-post-title.default\">\n<div class=\"elementor-widget-container\">\n<h1 class=\"elementor-heading-title elementor-size-default\" style=\"text-align: center\"><span style=\"color: #008080;font-size: 24px\">Marisa Valle Roso fai xusticia a la memoria del carb\u00f3n<\/span><\/h1>\n<\/div>\n<\/div>\n<div class=\"elementor-element elementor-element-00f4678 elementor-widget__width-inherit elementor-widget elementor-widget-theme-post-excerpt\" data-id=\"00f4678\" data-element_type=\"widget\" data-widget_type=\"theme-post-excerpt.default\">\n<div class=\"elementor-widget-container\">Cr\u00f3nica y reportaxe fotogr\u00e1ficu del conciertu-presentaci\u00f3n del discu &#8216;Cenicientes&#8217; de Marisa Valle Roso, nel Teatru Nuevu La Felguera.<\/div>\n<div><\/div>\n<div style=\"text-align: center\"><a href=\"https:\/\/musicasturiana.com\/wp-content\/uploads\/2025\/10\/793A4685-2.jpg\"><img loading=\"lazy\" decoding=\"async\" class=\"aligncenter size-large\" src=\"https:\/\/musicasturiana.com\/wp-content\/uploads\/2025\/10\/793A4685-2.jpg\" width=\"1100\" height=\"550\" \/><\/a><\/div>\n<div>\n<p>El pas\u00e1u s\u00e1badu 18 d\u2019ochobre, el\u00a0<strong>Teatru Nuevu de La Felguera<\/strong>\u00a0acoy\u00f3 un conciertu que va quedar na memoria de quien taba ell\u00ed.\u00a0<strong>Marisa Valle Roso<\/strong>\u00a0present\u00f3 \u00e9nte un p\u00fablicu entreg\u00e1u\u2019l so nuevu discu,\u00a0<em>Cenicientes<\/em>, nun eventu que combin\u00f3 la interpretaci\u00f3n de los nuevos cantares con dalgunos de los sos temes anteriores, ufiertando un percorr\u00edu pela so obra que s\u2019estendi\u00f3 mientres alredor d\u2019hora y media.\u00a0<strong>La espectaci\u00f3n yera bultable dende antes del entamu<\/strong>, con entraes agotaes y un ambiente carg\u00e1u d\u2019enerx\u00eda y emoci\u00f3n contenida, am\u00e1s d\u2019una filera de xente esperando a entrar que daba la vuelta al edificiu.<\/p>\n<p>L\u2019escenariu taba dispuestu de manera cenciella pero efectiva: lluces cuidaes, qu\u2019alternaben tonos templaos y claros con momentos de llume m\u00e1s intenso, y una disposici\u00f3n del espaciu que dexaba visibilizar claramente a tolos m\u00fasicos.\u00a0<strong>La banda, formada pola mesma Marisa Valle Roso, Manuel Cordero y Juan de Dios<\/strong>, encarg\u00f3se de recrear con precisi\u00f3n les atm\u00f3sferes de\u00a0<em>Cenicientes<\/em>, tresport\u00e1ndonos a ca\u00fan de los cantares.<\/p>\n<p style=\"text-align: center\"><a href=\"https:\/\/musicasturiana.com\/wp-content\/uploads\/2025\/10\/793A4695-1536x1024.jpg\"><img loading=\"lazy\" decoding=\"async\" class=\"aligncenter size-large\" src=\"https:\/\/musicasturiana.com\/wp-content\/uploads\/2025\/10\/793A4695-1536x1024.jpg\" width=\"1536\" height=\"1024\" \/><\/a><\/p>\n<p>El conciertu empez\u00f3 con dos cantares del so anterior trabayu,\u00a0<em>Lo Fugaz<\/em>, pa depu\u00e9s siguir col discu nuevu,\u00a0<em>Cenicientes<\/em>, marcando dende los primeros compases el tonu del espect\u00e1culu. Esti ye\u00a0<strong>un trabayu que funde elementos del folclor asturianu con influencies contemporanees<\/strong>, utilizando arreglos modernos ensin perder la\u00a0<strong>identid\u00e1 y raiga\u00f1os<\/strong>\u00a0que caractericen la m\u00fasica de Marisa Valle Roso. Cada cantar present\u00f3se col enfotu de tresmitir tanto la hestoria que narra como la emoci\u00f3n que lo acompa\u00f1a. La cantante amos\u00f3se cercana y espresiva, y ente temes comparti\u00f3 detalles sobre la creaci\u00f3n del discu y el signific\u00e1u de les sos lletres, que busquen\u00a0<strong>visibilizar les esperiencies y lluches de muyeres<\/strong>\u00a0que mui raramente apaecen nos rellatos tradicionales.<\/p>\n<div class=\"wp-block-spacer\" style=\"text-align: center\" aria-hidden=\"true\"><a href=\"https:\/\/musicasturiana.com\/wp-content\/uploads\/2025\/10\/793A4881.jpg\"><img loading=\"lazy\" decoding=\"async\" class=\"aligncenter size-large\" src=\"https:\/\/musicasturiana.com\/wp-content\/uploads\/2025\/10\/793A4881.jpg\" width=\"2048\" height=\"1365\" \/><\/a><\/div>\n<p class=\"has-text-color has-link-color wp-elements-33b14fda6c9f7d594ea25f215b60348e\"><em>\u00abUnu de los momentos m\u00e1s destacaos de la nueche foi la interpretaci\u00f3n d\u2019El tren de la llibert\u00e1\u2019, na que xubieron al escenariu dalgunes de les protagonistes d\u2019aquella hist\u00f3rica movilizaci\u00f3n contra la llei que prohib\u00eda l\u2019albuertu\u00bb<\/em><\/p>\n<p>Unu de los momentos m\u00e1s destacaos de la nueche foi\u00a0<strong>la interpretaci\u00f3n de \u2018El tren de la libertad\u2019, na que xubieron al escenariu dalgunes de les protagonistes<\/strong>\u00a0d\u2019aquella hist\u00f3rica movilizaci\u00f3n contra la llei que prohib\u00eda l\u2019albuertu. La presencia d\u2019estes muyeres xener\u00f3 un\u00a0<strong>momentu de gran impactu emocional<\/strong>, tanto pa l\u2019artista como pal p\u00fablicu, que respondi\u00f3 con aplausos sosten\u00edos y reconocencia hacia\u2019l so compromisu social. El cantar convirti\u00f3se asina nun\u00a0<strong>puntu de conex\u00f3n directa ente la hestoria reci\u00e9n y la m\u00fasica<\/strong>, xuniendo narraci\u00f3n y testimoniu nun mesmu espaciu esc\u00e9nicu.<\/p>\n<p style=\"text-align: center\"><a href=\"https:\/\/musicasturiana.com\/wp-content\/uploads\/2025\/10\/793A4835-1536x1024.jpg\"><img loading=\"lazy\" decoding=\"async\" class=\"aligncenter size-large\" src=\"https:\/\/musicasturiana.com\/wp-content\/uploads\/2025\/10\/793A4835-1536x1024.jpg\" width=\"1536\" height=\"1024\" \/><\/a><\/p>\n<figure class=\"wp-block-image aligncenter size-large\"><figcaption class=\"wp-element-caption\"><em>Eva Braga y Rams\u00e9s Ilesies baillando col cantar \u2018La manzana\u2019<\/em><\/figcaption><\/figure>\n<div class=\"wp-block-spacer\" aria-hidden=\"true\"><\/div>\n<p>La interacci\u00f3n ente la m\u00fasica y la danza foi otru de los elementos notables del conciertu.\u00a0<strong>Gloria G\u00fcl<\/strong>\u00a0interpret\u00f3 movimientos coreografiados qu\u2019enfatizaben\u00a0<strong>la fuercia y el dinamismu<\/strong>\u00a0de \u2018Cenicientes del Carb\u00f3n\u2019, el cantar que cuasi que da nome al discu, apurriendo un\u00a0<strong>contrapuntu visual a la interpretaci\u00f3n musical<\/strong>\u00a0y ampliando la esperiencia sensorial del p\u00fablicu. La collaboraci\u00f3n ente los m\u00fasicos y la baillarina dex\u00f3 que la obra de Marisa Valle Roso s\u2019espresara de manera integral, combinando\u00a0<strong>son\u00edu, movimientu y mensaxe<\/strong>.<\/p>\n<div class=\"wp-block-spacer\" aria-hidden=\"true\"><\/div>\n<p class=\"has-text-color has-link-color wp-elements-42dc1dfa1a6d077c9c1f2da183020784\"><em>\u00abDos de los momentos m\u00e1s \u00edntimos vivi\u00e9ronse cola interpretaci\u00f3n de \u2018La Carbonera\u2019 y \u2018La Planta 14\u2019, cantaes n\u2019ac\u00fasticu y ensin micr\u00f3fonu ente\u2019l p\u00fablicu. Estes pieces amosaron la cercan\u00eda de l\u2019artista colos asistentes, xenerando un ambiente de complicid\u00e1\u00bb<\/em><\/p>\n<div class=\"wp-block-spacer\" aria-hidden=\"true\"><\/div>\n<p>Ente los cantares de\u00a0<em>Cenicientes<\/em>, Marisa Valle Roso tami\u00e9n incluy\u00f3\u00a0<strong>temes de trabayos anteriores<\/strong>, afechos pal directu y con arreglos que resaltaben la calid\u00e1 interpretativa de la banda. Dos de los momentos m\u00e1s \u00edntimos vivi\u00e9ronse cola interpretaci\u00f3n de \u2018La Carbonera\u2019 (de\u00a0<em>Cenicientes<\/em>) y \u2018La Planta 14\u2019 (de\u00a0<em>Consciente<\/em>),\u00a0<strong>cantaes n\u2019ac\u00fasticu y ensin micr\u00f3fonu ente\u2019l p\u00fablicu<\/strong>. Estes pieces amosaron la cercan\u00eda de l\u2019artista colos asistentes, xenerando un ambiente de complicid\u00e1. La elecci\u00f3n del cantar ente l\u2019audiencia reforz\u00f3 la sensaci\u00f3n de cercan\u00eda y autenticid\u00e1, un xestu que foi\u00a0<strong>recib\u00edu con entusiasmu<\/strong>. Nun faltaron otros temes como \u2018La tormenta\u2019, cola participaci\u00f3n de Xose Ant\u00f3n \u00abAmb\u00e1s\u00bb. Pero, am\u00e1s de la interpretaci\u00f3n musical, la nueche tuvo marcada por un fuerte componente emocional:\u00a0<strong>Marisa Valle Roso dedic\u00f3\u2019l conciertu al so g\u00fcelu<\/strong>, fin\u00e1u apenes una selmana enantes del eventu.<\/p>\n<p style=\"text-align: center\"><a href=\"https:\/\/musicasturiana.com\/wp-content\/uploads\/2025\/10\/793A4819-1536x1024.jpg\"><img loading=\"lazy\" decoding=\"async\" class=\"aligncenter size-large\" src=\"https:\/\/musicasturiana.com\/wp-content\/uploads\/2025\/10\/793A4819-1536x1024.jpg\" width=\"1536\" height=\"1024\" \/><\/a><\/p>\n<figure class=\"wp-block-image aligncenter size-large\"><figcaption class=\"wp-element-caption\"><em>Delles integrantes del Tren de la Llibert\u00e1 acompa\u00f1aron a Marisa nel escenariu<\/em><\/figcaption><\/figure>\n<div class=\"wp-block-spacer\" aria-hidden=\"true\"><\/div>\n<p>El zarru del conciertu foi igualmente notable. L\u2019artista concluy\u00f3 con \u2018La manzana\u2019,\u00a0<strong>acompa\u00f1ada del baille d\u2019Eva Braga y Rams\u00e9s Ilesies<\/strong>\u00a0y un remix qu\u2019incluy\u00eda cantares tradicionales y reconoc\u00edos n\u2019Asturies, como \u2018Asturias\u2019, de V\u00edctor Manuel, xenerando un momentu de celebraci\u00f3n colectiva y un escenariu con un\u00a0<strong>caos control\u00e1u ente baille, voz y m\u00fasica<\/strong>. La selecci\u00f3n d\u2019estos temes finales dex\u00f3\u00a0<strong>conxugar la identid\u00e1 asturiana cola propuesta contemporanea de\u00a0<em>Cenicientes<\/em><\/strong>, cerrando la nueche con un balance ente tradici\u00f3n y modernid\u00e1. La respuesta del p\u00fablicu, de pies y ovacionando, reflex\u00f3\u2019l prestu xeneral por una actuaci\u00f3n que combin\u00f3 rigor musical, innovaci\u00f3n y sensibilid\u00e1. El son\u00edu mientres el conciertu foi consistente y equilibr\u00e1u, destacando la\u00a0<strong>clarid\u00e1 de la voz de Marisa Valle Roso<\/strong>\u00a0y la precisi\u00f3n instrumental de Juan de Dios y Manuel Cordero. L\u2019amiestu dex\u00f3 apreciar tanto los detalles de los arreglos como la bayura de la voz de Marisa, que caltuvo la so potencia y matices a lo llargo de tola actuaci\u00f3n.<\/p>\n<div class=\"wp-block-spacer\" aria-hidden=\"true\"><\/div>\n<p class=\"has-text-color has-link-color wp-elements-5eeeb59247caa7a7c24c69e287a08924\"><em>\u00abLa respuesta del p\u00fablicu, de pies y ovacionando, reflex\u00f3\u2019l prestu xeneral por una actuaci\u00f3n que combin\u00f3 rigor musical, innovaci\u00f3n y sensibilid\u00e1\u00bb<\/em><\/p>\n<div class=\"wp-block-spacer\" aria-hidden=\"true\"><\/div>\n<p>El conciertu nel Teatru Nuevu de La Felguera consolid\u00f3se como un\u00a0<strong>exemplu del equilibriu ente innovaci\u00f3n y respetu polos raiga\u00f1os musicales<\/strong>. La capacid\u00e1 de Marisa Valle Roso pa combinar elementos contemporaneos col folclor asturianu, sumada al so\u00a0<strong>compromisu social y sensibilid\u00e1 interpretativa<\/strong>, convirti\u00f3 la presentaci\u00f3n de\u00a0<em>Cenicientes\u00a0<\/em>nun eventu ablucante y maraviyosu tanto pal p\u00fablicu local como pa la m\u00fasica asturiana polo xeneral. La recepci\u00f3n de l\u2019audiencia, con aplausos enllargaos, ovaciones de pies y momentos de silenciu respetuosu, reflex\u00f3 la comprensi\u00f3n y valoraci\u00f3n d\u2019esta propuesta art\u00edstica. Marisa consolida asina la so posici\u00f3n como\u00a0<strong>una de les voces destacaes de la m\u00fasica contemporanea asturiana<\/strong>.<\/p>\n<p style=\"text-align: center\"><a href=\"https:\/\/musicasturiana.com\/wp-content\/uploads\/2025\/10\/793A4892-1536x1024.jpg\"><img loading=\"lazy\" decoding=\"async\" class=\"aligncenter size-large\" src=\"https:\/\/musicasturiana.com\/wp-content\/uploads\/2025\/10\/793A4892-1536x1024.jpg\" width=\"1536\" height=\"1024\" \/><\/a><\/p>\n<p><em>Rams\u00e9s Ilesies, Eva Braga, Juan de Dios, Marisa Valle Roso, Gloria G\u00fcl, Xose Ant\u00f3n Ambas y Manuel Cordero al rematar el conciertu<\/em><\/p>\n<p>&nbsp;<\/p>\n<\/div>\n<\/div>\n","protected":false},"excerpt":{"rendered":"<p>Cr\u00f3nica y reportaxe fotogr\u00e1ficu de @raul.algar_ del conciertu-presentaci\u00f3n de \u2018Cenicientes\u2019 de @marisavalleroso , nel Teatru Nuevu La Felguera \ud83d\udc60 \u00abLa respuesta del p\u00fablicu, de pies y ovacionando, reflex\u00f3\u2019l prestu xeneral por una actuaci\u00f3n que combin\u00f3 rigor musical, innovaci\u00f3n y sensibilid\u00e1\u00bb Musicasturiana.com\u00a0 &nbsp;<\/p>\n","protected":false},"author":117,"featured_media":0,"comment_status":"closed","ping_status":"open","sticky":false,"template":"","format":"standard","meta":{"footnotes":""},"categories":[35,125],"tags":[],"class_list":["post-60140","post","type-post","status-publish","format-standard","hentry","category-musica","category-musicasturiana-com"],"_links":{"self":[{"href":"https:\/\/edublog.educastur.es\/ixuxu\/wp-json\/wp\/v2\/posts\/60140","targetHints":{"allow":["GET"]}}],"collection":[{"href":"https:\/\/edublog.educastur.es\/ixuxu\/wp-json\/wp\/v2\/posts"}],"about":[{"href":"https:\/\/edublog.educastur.es\/ixuxu\/wp-json\/wp\/v2\/types\/post"}],"author":[{"embeddable":true,"href":"https:\/\/edublog.educastur.es\/ixuxu\/wp-json\/wp\/v2\/users\/117"}],"replies":[{"embeddable":true,"href":"https:\/\/edublog.educastur.es\/ixuxu\/wp-json\/wp\/v2\/comments?post=60140"}],"version-history":[{"count":10,"href":"https:\/\/edublog.educastur.es\/ixuxu\/wp-json\/wp\/v2\/posts\/60140\/revisions"}],"predecessor-version":[{"id":62575,"href":"https:\/\/edublog.educastur.es\/ixuxu\/wp-json\/wp\/v2\/posts\/60140\/revisions\/62575"}],"wp:attachment":[{"href":"https:\/\/edublog.educastur.es\/ixuxu\/wp-json\/wp\/v2\/media?parent=60140"}],"wp:term":[{"taxonomy":"category","embeddable":true,"href":"https:\/\/edublog.educastur.es\/ixuxu\/wp-json\/wp\/v2\/categories?post=60140"},{"taxonomy":"post_tag","embeddable":true,"href":"https:\/\/edublog.educastur.es\/ixuxu\/wp-json\/wp\/v2\/tags?post=60140"}],"curies":[{"name":"wp","href":"https:\/\/api.w.org\/{rel}","templated":true}]}}