{"id":60157,"date":"2025-10-22T08:30:49","date_gmt":"2025-10-22T06:30:49","guid":{"rendered":"https:\/\/edublog.educastur.es\/ixuxu\/?p=60157"},"modified":"2025-10-22T08:58:06","modified_gmt":"2025-10-22T06:58:06","slug":"el-tiempu-el-comercio-166","status":"publish","type":"post","link":"https:\/\/edublog.educastur.es\/ixuxu\/2025\/10\/el-tiempu-el-comercio-166\/","title":{"rendered":"El tiempu (El Comercio)"},"content":{"rendered":"<p style=\"text-align: center\"><a href=\"https:\/\/s3.ppllstatics.com\/elcomercio\/www\/multimedia\/2025\/10\/21\/prevision-tiempo-asturias-kzrD-U2302588077118HVD-1200x870@El%20Comercio.jpg\"><img loading=\"lazy\" decoding=\"async\" class=\"aligncenter size-large\" src=\"https:\/\/s3.ppllstatics.com\/elcomercio\/www\/multimedia\/2025\/10\/21\/prevision-tiempo-asturias-kzrD-U2302588077118HVD-1200x870@El%20Comercio.jpg\" width=\"1200\" height=\"870\" \/><\/a><\/p>\n<p>El pasu d&#8217;una umbada al norte de la Pen\u00ednsula Ib\u00e9rica va protagonizar, ensin dala dulda, la previsi\u00f3n meteorol\u00f3xica tantu para&#8217;l mi\u00e9rcoles como para la primer met\u00e1 del xueves. En cuanto al est\u00e1u de <strong>los cielo<\/strong>s, mientres gran parte del d\u00eda esperamos m\u00e1s nubosid\u00e1 escontra l&#8217;occidente y escontra el cordal onde nun se refuguen bastios a lo llargo del d\u00eda. Nel restu, <strong>los cielos<\/strong> van tar m\u00e1s llimpios de nubes de primeres, pero conforme vaigan trescurriendo les hores, les nubes van dir aumentando hasta estendese pr\u00e1cticamente por tola rex\u00f3n na recta final del d\u00eda. Ello ye que<strong> les precipitacione<\/strong>s dir\u00e1n xeneraliz\u00e1ndose mientres les \u00faltimes hores y, con muncha m\u00e1s segurid\u00e1, na madrugada del mi\u00e9rcoles al xueves. Pero lo m\u00e1s destacao van ser los fuertes vientos que s&#8217;esperen de suroeste-oeste. <strong>A partir de les 20:00 hores de la tarde<\/strong> se va activar l&#8217;avisu mariellu en tol Princip\u00e1u salvu na mari\u00f1a por raches que podr\u00eden algamar los 90 km\/h. Esti avisu va concluyir a les 10:00 hores del xueves. Na mari\u00f1a l&#8217;avisu va empecipiar a medianueche concluyendo a mediud\u00eda na mari\u00f1a occidental, y a les 16:00 hores de la tarde na mari\u00f1a oriental. Tami\u00e9n, <strong>a partir de medianueche<\/strong>, va activase l&#8217;avisu naranxa na mar por foles d&#8217;hasta 6 metros d&#8217;altor, que va pasar a mariellu de mediud\u00eda del xueves con foles d&#8217;hasta 5 metros.<\/p>\n","protected":false},"excerpt":{"rendered":"<p>El pasu d&#8217;una umbada al norte de la Pen\u00ednsula Ib\u00e9rica va protagonizar, ensin dala dulda, la previsi\u00f3n meteorol\u00f3xica tantu para&#8217;l mi\u00e9rcoles como para la primer met\u00e1 del xueves. En cuanto al est\u00e1u de los cielos, mientres gran parte del d\u00eda esperamos m\u00e1s nubosid\u00e1 escontra l&#8217;occidente y escontra el cordal onde nun se refuguen bastios a [&hellip;]<\/p>\n","protected":false},"author":117,"featured_media":0,"comment_status":"closed","ping_status":"open","sticky":false,"template":"","format":"standard","meta":{"footnotes":""},"categories":[5],"tags":[],"class_list":["post-60157","post","type-post","status-publish","format-standard","hentry","category-tiempu"],"_links":{"self":[{"href":"https:\/\/edublog.educastur.es\/ixuxu\/wp-json\/wp\/v2\/posts\/60157","targetHints":{"allow":["GET"]}}],"collection":[{"href":"https:\/\/edublog.educastur.es\/ixuxu\/wp-json\/wp\/v2\/posts"}],"about":[{"href":"https:\/\/edublog.educastur.es\/ixuxu\/wp-json\/wp\/v2\/types\/post"}],"author":[{"embeddable":true,"href":"https:\/\/edublog.educastur.es\/ixuxu\/wp-json\/wp\/v2\/users\/117"}],"replies":[{"embeddable":true,"href":"https:\/\/edublog.educastur.es\/ixuxu\/wp-json\/wp\/v2\/comments?post=60157"}],"version-history":[{"count":1,"href":"https:\/\/edublog.educastur.es\/ixuxu\/wp-json\/wp\/v2\/posts\/60157\/revisions"}],"predecessor-version":[{"id":60158,"href":"https:\/\/edublog.educastur.es\/ixuxu\/wp-json\/wp\/v2\/posts\/60157\/revisions\/60158"}],"wp:attachment":[{"href":"https:\/\/edublog.educastur.es\/ixuxu\/wp-json\/wp\/v2\/media?parent=60157"}],"wp:term":[{"taxonomy":"category","embeddable":true,"href":"https:\/\/edublog.educastur.es\/ixuxu\/wp-json\/wp\/v2\/categories?post=60157"},{"taxonomy":"post_tag","embeddable":true,"href":"https:\/\/edublog.educastur.es\/ixuxu\/wp-json\/wp\/v2\/tags?post=60157"}],"curies":[{"name":"wp","href":"https:\/\/api.w.org\/{rel}","templated":true}]}}