{"id":60166,"date":"2025-10-22T13:48:54","date_gmt":"2025-10-22T11:48:54","guid":{"rendered":"https:\/\/edublog.educastur.es\/ixuxu\/?p=60166"},"modified":"2025-10-25T22:01:25","modified_gmt":"2025-10-25T20:01:25","slug":"los-barrios-mas-ricos-y-probes-dasturies","status":"publish","type":"post","link":"https:\/\/edublog.educastur.es\/ixuxu\/2025\/10\/los-barrios-mas-ricos-y-probes-dasturies\/","title":{"rendered":"Los barrios m\u00e1s ricos y probes d&#8217;Asturies"},"content":{"rendered":"<p><a href=\"https:\/\/www.lne.es\/asturias\/2025\/10\/22\/mapa-riqueza-hogares-asturias-son-122851849.html?utm_content=imagen&amp;utm_medium=social&amp;utm_campaign=echobox&amp;utm_source=Facebook#Echobox=1761113407\"><strong>LNE<\/strong> <\/a>\/<\/p>\n<p style=\"text-align: center\"><a href=\"https:\/\/estaticos-cdn.prensaiberica.es\/clip\/9d18222e-63f7-49fb-9264-0a44948aa7f0_16-9-discover-aspect-ratio_default_0.webp\"><img loading=\"lazy\" decoding=\"async\" class=\"aligncenter size-large\" src=\"https:\/\/estaticos-cdn.prensaiberica.es\/clip\/9d18222e-63f7-49fb-9264-0a44948aa7f0_16-9-discover-aspect-ratio_default_0.webp\" width=\"1200\" height=\"675\" \/><\/a><\/p>\n<p>El mapa de la riqueza nos llares d&#8217;Asturies: asina son les zones con mayor y menor renta de la rex\u00f3n&#8230;\u00a0 Xix\u00f3n acopa&#8217;l p\u00f3dium de les \u00e1rees m\u00e1s privilexaes y Uvi\u00e9u ye paradigma del contraste urbanu, con cuatro zones ente les m\u00e1s riques y cuatro ente les menos. Siero, con La Fresneda, m\u00e9tense ente les \u00e1rees con mayores ingresos por llar, ente que les Cuenques Mineres y l&#8217;Occidente despoblado asomen ente les que tienen menos.<\/p>\n<p><!--more--><br \/>\n\u00bfEn qu\u00e9 zona vives? Equ\u00ed puedes consultar el mapa d&#8217;Asturies que se dibuxa col \u00faltimu estudiu del <strong>Institutu Nacional d&#8217;Estad\u00edstica (INE)<\/strong> -public\u00e1u agora- sobro la renta bruta media per llar, relativu a 2023: el techu\u201d de riqueza na rex\u00f3n conc\u00e9ntrase, por esti orde, en Xix\u00f3n, Uvi\u00e9u y Siero; ente que&#8217;l suelu\u201d asitiase en dellos barrios d&#8217;Uvi\u00e9u, am\u00e1s de dalgunos d&#8217;Avil\u00e9s y Xix\u00f3n, y zones se\u00f1alaes de les Cuenques Mineres y de la \u00e1rea rural del Occidente.<\/p>\n<p>Nel siguiente mapa interactivu puedes buscar el llugar onde vives, o cualquier barriu que t&#8217;interese, pa conocer el nivel de riqueza nos sos llares. Solo tienes que buscalo y pinchar sobro \u00e9l pa conocer los sos datos.<\/p>\n<p>&nbsp;<\/p>\n<p>&nbsp;<\/p>\n","protected":false},"excerpt":{"rendered":"<p>LNE \/ El mapa de la riqueza nos llares d&#8217;Asturies: asina son les zones con mayor y menor renta de la rex\u00f3n&#8230;\u00a0 Xix\u00f3n acopa&#8217;l p\u00f3dium de les \u00e1rees m\u00e1s privilexaes y Uvi\u00e9u ye paradigma del contraste urbanu, con cuatro zones ente les m\u00e1s riques y cuatro ente les menos. Siero, con La Fresneda, m\u00e9tense ente [&hellip;]<\/p>\n","protected":false},"author":117,"featured_media":0,"comment_status":"closed","ping_status":"open","sticky":false,"template":"","format":"standard","meta":{"footnotes":""},"categories":[271],"tags":[],"class_list":["post-60166","post","type-post","status-publish","format-standard","hentry","category-economia"],"_links":{"self":[{"href":"https:\/\/edublog.educastur.es\/ixuxu\/wp-json\/wp\/v2\/posts\/60166","targetHints":{"allow":["GET"]}}],"collection":[{"href":"https:\/\/edublog.educastur.es\/ixuxu\/wp-json\/wp\/v2\/posts"}],"about":[{"href":"https:\/\/edublog.educastur.es\/ixuxu\/wp-json\/wp\/v2\/types\/post"}],"author":[{"embeddable":true,"href":"https:\/\/edublog.educastur.es\/ixuxu\/wp-json\/wp\/v2\/users\/117"}],"replies":[{"embeddable":true,"href":"https:\/\/edublog.educastur.es\/ixuxu\/wp-json\/wp\/v2\/comments?post=60166"}],"version-history":[{"count":2,"href":"https:\/\/edublog.educastur.es\/ixuxu\/wp-json\/wp\/v2\/posts\/60166\/revisions"}],"predecessor-version":[{"id":60388,"href":"https:\/\/edublog.educastur.es\/ixuxu\/wp-json\/wp\/v2\/posts\/60166\/revisions\/60388"}],"wp:attachment":[{"href":"https:\/\/edublog.educastur.es\/ixuxu\/wp-json\/wp\/v2\/media?parent=60166"}],"wp:term":[{"taxonomy":"category","embeddable":true,"href":"https:\/\/edublog.educastur.es\/ixuxu\/wp-json\/wp\/v2\/categories?post=60166"},{"taxonomy":"post_tag","embeddable":true,"href":"https:\/\/edublog.educastur.es\/ixuxu\/wp-json\/wp\/v2\/tags?post=60166"}],"curies":[{"name":"wp","href":"https:\/\/api.w.org\/{rel}","templated":true}]}}