{"id":60178,"date":"2025-10-22T14:37:23","date_gmt":"2025-10-22T12:37:23","guid":{"rendered":"https:\/\/edublog.educastur.es\/ixuxu\/?p=60178"},"modified":"2025-10-22T14:39:38","modified_gmt":"2025-10-22T12:39:38","slug":"este-yel-meyor-quesu-artesanal-despana-casin","status":"publish","type":"post","link":"https:\/\/edublog.educastur.es\/ixuxu\/2025\/10\/este-yel-meyor-quesu-artesanal-despana-casin\/","title":{"rendered":"Este ye&#8217;l meyor quesu artesanal d&#8217;Espa\u00f1a: Cas\u00edn"},"content":{"rendered":"<p><a href=\"https:\/\/www.huffingtonpost.es\/life\/estilo-vida\/este-mejor-queso-artesanal-espana-elabora-asturias-amasa-manualmente-curiosos-sellos.html\">HuffPost<\/a> \/<\/p>\n<p style=\"text-align: center\"><a href=\"https:\/\/img2.huffingtonpost.es\/files\/image_720_480\/uploads\/2025\/10\/20\/imagenes-del-concurso-la-cuna-de-oro-by-tgt.jpeg\"><img loading=\"lazy\" decoding=\"async\" class=\"aligncenter size-large\" src=\"https:\/\/img2.huffingtonpost.es\/files\/image_720_480\/uploads\/2025\/10\/20\/imagenes-del-concurso-la-cuna-de-oro-by-tgt.jpeg\" width=\"720\" height=\"480\" \/><\/a><\/p>\n<p>Este ye&#8217;l meyor quesu artesanal d&#8217;Espa\u00f1a: ellab\u00f3rase n&#8217;Asturies, am\u00e1sase manualmente y tien unos sellos. El xur\u00e1u del premiu<span style=\"color: #008080\"><strong> La Cu\u00f1a d&#8217;Oru by TGT<\/strong><\/span> destac\u00f3 la so intensid\u00e1 arumosa, testura untuosa y calter inconfundible\u00bb.<br \/>\n<!--more--><\/p>\n<p><strong>El quesu Cas\u00edn D.O.P de la Queser\u00eda Redes<\/strong> alz\u00f3se con <strong>La Cu\u00f1a d&#8217;Oru by TGT<\/strong> a meyor quesu artesanal d&#8217;Espa\u00f1a na so primer edici\u00f3n. <strong>Ellabor\u00e1u nel Parque Natural de Redes, n&#8217;Asturies<\/strong>, esti quesu destac\u00f3, seg\u00fan el xur\u00e1u, pola so intensid\u00e1 arumosa, testura untuosa y calter inconfundible\u00bb am\u00e1s de pol so peculiar amas\u00e1u manual.<\/p>\n<p>Esti quesu tradicional asturianu, el cas\u00edn, atopa les sos primeres referencies nel sieglu XVI y ellab\u00f3rase con lleche entero ensin pasteurizar de la vaca casina, aut\u00f3ctona d&#8217;esta zona de monte, que se caracteriza pola so riqueza en mantequilla. El procesu d&#8217;ellaboraci\u00f3n ye dafechu artesanal, tal que detallen na so web, en cuayando la lleche, se desuera en recudidores y pasa a ser envolubrada en pa\u00f1os onde sigui espulsando l\u00edquidos mientres tr\u00e9s d\u00edes o m\u00e1s.<\/p>\n<p>\u00abPas\u00e1u esi tiempu, empieza&#8217;l procesu d&#8217;amas\u00e1u de los gorollos, para lo que s&#8217;utiliza la mesa o m\u00e1quina de rabilar. Cuando l&#8217;artesana decide que&#8217;l pasu de los gorollos va ser el postreru, les mases resultantes mod\u00e9lense d\u00e1ndo-yos forma esf\u00e9rica coles manos, hasta consiguir pieces circulares entartallaes de 15 a 20 cm. de di\u00e1metru, 4 a 7 d&#8217;altor y ente 250 y 600 gramos de pesu\u00bb, espliquen.<\/p>\n<p>Una vegada con esta forma, la decoraci\u00f3n d&#8217;esti quesu ye cuantimenos caracter\u00edstica y ta bien marcada pola artesana que los lleva a cabu Marigel \u00c1lvarez. Tal que recuerden, decorase con ayuda de \u00abrelieves de madera fechos a mano que s&#8217;imprimen sobro la masa\u00bb y onde se ven datos como \u00abel nome del artesanu, una contrase\u00f1a, el nome del pueblu o motivos decorativos\u00bb.<\/p>\n<p style=\"text-align: center\"><span class=\"x193iq5w xeuugli x13faqbe x1vvkbs xt0psk2 x1i0vuye xvs91rp xo1l8bm x5n08af x10wh9bi xpm28yp x8viiok x1o7cslx x126k92a\"><span class=\"html-span xexx8yu x4uap5 x18d9i69 xkhd6sd x1hl2dhg x16tdsg8 x1vvkbs x3nfvp2 x1j61x8r x1fcty0u xdj266r xat24cr xgzva0m xhhsvwb xxymvpz xlup9mm x1kky2od\">\n<!-- iframe plugin v.6.0 wordpress.org\/plugins\/iframe\/ -->\n<iframe loading=\"lazy\" src=\"https:\/\/www.instagram.com\/reel\/CnB183CsyhL\/embed\" width=\"500\" height=\"595\" 0=\"\/iframe\" scrolling=\"yes\" class=\"iframe-class\" frameborder=\"0\"><\/iframe>\n<\/span><\/span><\/p>\n<p>\u00abLos quesos realizaos pola artesana Marigel \u00c1lvarez lleven como marco l&#8217;escudu del conceyu de Casu, arrodi\u00e1u poles palabres &#8216;quesu cas\u00edn&#8217; y les iniciales M.A\u00bb, espliquen na web.<\/p>\n<p>Para Teodoro Garc\u00eda, Marketing Manager de Grupu TGT, \u00abel Cas\u00edn ye un quesu con hestoria, fuerza y emoci\u00f3n. Esta reconocencia ye tami\u00e9n un homenaxe a quien caltienen viva la cultura quesera dende&#8217;l respetu pola tradici\u00f3n\u00bb.<\/p>\n<p style=\"text-align: center\"><span class=\"x193iq5w xeuugli x13faqbe x1vvkbs xt0psk2 x1i0vuye xvs91rp xo1l8bm x5n08af x10wh9bi xpm28yp x8viiok x1o7cslx x126k92a\"><span class=\"html-span xexx8yu x4uap5 x18d9i69 xkhd6sd x1hl2dhg x16tdsg8 x1vvkbs x3nfvp2 x1j61x8r x1fcty0u xdj266r xat24cr xgzva0m xhhsvwb xxymvpz xlup9mm x1kky2od\">\n<!-- iframe plugin v.6.0 wordpress.org\/plugins\/iframe\/ -->\n<iframe loading=\"lazy\" src=\"https:\/\/www.instagram.com\/reel\/C8t0ZnJM3Qj\/embed\" width=\"500\" height=\"595\" 0=\"\/iframe\" scrolling=\"yes\" class=\"iframe-class\" frameborder=\"0\"><\/iframe>\n<\/span><\/span><\/p>\n","protected":false},"excerpt":{"rendered":"<p>HuffPost \/ Este ye&#8217;l meyor quesu artesanal d&#8217;Espa\u00f1a: ellab\u00f3rase n&#8217;Asturies, am\u00e1sase manualmente y tien unos sellos. El xur\u00e1u del premiu La Cu\u00f1a d&#8217;Oru by TGT destac\u00f3 la so intensid\u00e1 arumosa, testura untuosa y calter inconfundible\u00bb.<\/p>\n","protected":false},"author":117,"featured_media":0,"comment_status":"closed","ping_status":"open","sticky":false,"template":"","format":"standard","meta":{"footnotes":""},"categories":[151],"tags":[],"class_list":["post-60178","post","type-post","status-publish","format-standard","hentry","category-quesos"],"_links":{"self":[{"href":"https:\/\/edublog.educastur.es\/ixuxu\/wp-json\/wp\/v2\/posts\/60178","targetHints":{"allow":["GET"]}}],"collection":[{"href":"https:\/\/edublog.educastur.es\/ixuxu\/wp-json\/wp\/v2\/posts"}],"about":[{"href":"https:\/\/edublog.educastur.es\/ixuxu\/wp-json\/wp\/v2\/types\/post"}],"author":[{"embeddable":true,"href":"https:\/\/edublog.educastur.es\/ixuxu\/wp-json\/wp\/v2\/users\/117"}],"replies":[{"embeddable":true,"href":"https:\/\/edublog.educastur.es\/ixuxu\/wp-json\/wp\/v2\/comments?post=60178"}],"version-history":[{"count":1,"href":"https:\/\/edublog.educastur.es\/ixuxu\/wp-json\/wp\/v2\/posts\/60178\/revisions"}],"predecessor-version":[{"id":60180,"href":"https:\/\/edublog.educastur.es\/ixuxu\/wp-json\/wp\/v2\/posts\/60178\/revisions\/60180"}],"wp:attachment":[{"href":"https:\/\/edublog.educastur.es\/ixuxu\/wp-json\/wp\/v2\/media?parent=60178"}],"wp:term":[{"taxonomy":"category","embeddable":true,"href":"https:\/\/edublog.educastur.es\/ixuxu\/wp-json\/wp\/v2\/categories?post=60178"},{"taxonomy":"post_tag","embeddable":true,"href":"https:\/\/edublog.educastur.es\/ixuxu\/wp-json\/wp\/v2\/tags?post=60178"}],"curies":[{"name":"wp","href":"https:\/\/api.w.org\/{rel}","templated":true}]}}