{"id":60194,"date":"2025-10-23T08:35:45","date_gmt":"2025-10-23T06:35:45","guid":{"rendered":"https:\/\/edublog.educastur.es\/ixuxu\/?p=60194"},"modified":"2025-10-23T09:11:22","modified_gmt":"2025-10-23T07:11:22","slug":"el-tiempu-el-comercio-167","status":"publish","type":"post","link":"https:\/\/edublog.educastur.es\/ixuxu\/2025\/10\/el-tiempu-el-comercio-167\/","title":{"rendered":"El tiempu (El Comercio)"},"content":{"rendered":"<p style=\"text-align: center\"><a href=\"https:\/\/s2.ppllstatics.com\/elcomercio\/www\/multimedia\/2025\/10\/22\/prevision-tiempo-asturias-kMCI-U2302588077118HVD-1200x870@El%20Comercio.jpg\"><img loading=\"lazy\" decoding=\"async\" class=\"aligncenter size-large\" src=\"https:\/\/s2.ppllstatics.com\/elcomercio\/www\/multimedia\/2025\/10\/22\/prevision-tiempo-asturias-kMCI-U2302588077118HVD-1200x870@El%20Comercio.jpg\" width=\"1200\" height=\"870\" \/><\/a><\/p>\n<p>&nbsp;<\/p>\n<p>Am\u00e1s de l&#8217;avisu mariellu por raches d&#8217;hasta 90 km\/h, en relaci\u00f3n a les temperatures, <strong>les m\u00e1ximes<\/strong> van baxar ente 6 y 8 \u00baC nel centru y oriente asturianu respectu al mi\u00e9rcoles, y ente 4 y 6 \u00baC nel occidente. <strong>Les temperatures m\u00ednimes<\/strong>, que se van producir a la fin del d\u00eda van baxar hasta 6 \u00baC na met\u00e1 sur y hasta 4 \u00baC na met\u00e1 norte. Finalmente, en cuanto al <strong>est\u00e1u de los cielos<\/strong>, vamos tener m\u00e1s nubes escontra l&#8217;occidente y escontra el cordal con mayor posibilid\u00e1 de ver escamplaes nel restu, sobremanera mientres la segunda parte del d\u00eda.<\/p>\n<p><!--more--><\/p>\n<p>Nel suroccidente, nel cordal y na zona central del Princip\u00e1u l&#8217;avisu mariellu va tar activ\u00e1u hasta les 10 hores de la ma\u00f1ana por raches que podr\u00eden algamar los 90 km\/h. <strong>Na mari\u00f1a occidental<\/strong> va tar activ\u00e1u l&#8217;avisu mariellu hasta les 12:00 hores del mediud\u00eda tami\u00e9n por raches d&#8217;hasta 90 km\/h. <strong>Na mari\u00f1a oriental<\/strong> l&#8217;avisu va enllargar hasta les 16:00 hores de la tarde. Am\u00e1s, en cuanto al aguaxe vamos tener activ\u00e1u l&#8217;avisu naranxa nel sector occidental de la mari\u00f1a hasta les 14:00 por foles d&#8217;hasta 7 metros d&#8217;altor, y a partir d&#8217;esi momentu va baxar a nivel mariellu hasta medianueche por foles d&#8217;hasta 4 o 5 metros. Mentanto, nel sector oriental l&#8217;avisu naranxa va tar hasta les 17:00 por foles d&#8217;hasta 7 metros, pasando a nivel mariellu hasta&#8217;l final del d\u00eda por foles d&#8217;hasta 4 o 5 metros.<\/p>\n","protected":false},"excerpt":{"rendered":"<p>&nbsp; Am\u00e1s de l&#8217;avisu mariellu por raches d&#8217;hasta 90 km\/h, en relaci\u00f3n a les temperatures, les m\u00e1ximes van baxar ente 6 y 8 \u00baC nel centru y oriente asturianu respectu al mi\u00e9rcoles, y ente 4 y 6 \u00baC nel occidente. Les temperatures m\u00ednimes, que se van producir a la fin del d\u00eda van baxar hasta [&hellip;]<\/p>\n","protected":false},"author":117,"featured_media":0,"comment_status":"closed","ping_status":"open","sticky":false,"template":"","format":"standard","meta":{"footnotes":""},"categories":[5],"tags":[],"class_list":["post-60194","post","type-post","status-publish","format-standard","hentry","category-tiempu"],"_links":{"self":[{"href":"https:\/\/edublog.educastur.es\/ixuxu\/wp-json\/wp\/v2\/posts\/60194","targetHints":{"allow":["GET"]}}],"collection":[{"href":"https:\/\/edublog.educastur.es\/ixuxu\/wp-json\/wp\/v2\/posts"}],"about":[{"href":"https:\/\/edublog.educastur.es\/ixuxu\/wp-json\/wp\/v2\/types\/post"}],"author":[{"embeddable":true,"href":"https:\/\/edublog.educastur.es\/ixuxu\/wp-json\/wp\/v2\/users\/117"}],"replies":[{"embeddable":true,"href":"https:\/\/edublog.educastur.es\/ixuxu\/wp-json\/wp\/v2\/comments?post=60194"}],"version-history":[{"count":3,"href":"https:\/\/edublog.educastur.es\/ixuxu\/wp-json\/wp\/v2\/posts\/60194\/revisions"}],"predecessor-version":[{"id":60197,"href":"https:\/\/edublog.educastur.es\/ixuxu\/wp-json\/wp\/v2\/posts\/60194\/revisions\/60197"}],"wp:attachment":[{"href":"https:\/\/edublog.educastur.es\/ixuxu\/wp-json\/wp\/v2\/media?parent=60194"}],"wp:term":[{"taxonomy":"category","embeddable":true,"href":"https:\/\/edublog.educastur.es\/ixuxu\/wp-json\/wp\/v2\/categories?post=60194"},{"taxonomy":"post_tag","embeddable":true,"href":"https:\/\/edublog.educastur.es\/ixuxu\/wp-json\/wp\/v2\/tags?post=60194"}],"curies":[{"name":"wp","href":"https:\/\/api.w.org\/{rel}","templated":true}]}}