{"id":60201,"date":"2025-10-23T10:31:46","date_gmt":"2025-10-23T08:31:46","guid":{"rendered":"https:\/\/edublog.educastur.es\/ixuxu\/?p=60201"},"modified":"2025-10-23T10:33:27","modified_gmt":"2025-10-23T08:33:27","slug":"mendoza-visita-la-esposicion-el-mio-camin-descuela","status":"publish","type":"post","link":"https:\/\/edublog.educastur.es\/ixuxu\/2025\/10\/mendoza-visita-la-esposicion-el-mio-camin-descuela\/","title":{"rendered":"Mendoza visita la esposici\u00f3n &#8216;El mio cam\u00edn d&#8217;escuela&#8217;"},"content":{"rendered":"<p><a href=\"https:\/\/www.rtpa.es\/noticias-sociedad-ast\/2025-10-22\/Mendoza-visita-la-esposicion-'El-mio-camin-d'escuela'_111761133982.html\">RTPA<\/a> \/ <a href=\"https:\/\/www.instagram.com\/reel\/DQH4WLWDX7Q\/\"><strong>Videu de Daniela<\/strong> <\/a>\/<\/p>\n<p style=\"text-align: center\"><a href=\"https:\/\/www.rtpa.es\/fotos\/\/25\/10\/20251022142432_RTPA7254978.webp\"><img loading=\"lazy\" decoding=\"async\" class=\"aligncenter size-large\" src=\"https:\/\/www.rtpa.es\/fotos\/\/25\/10\/20251022142432_RTPA7254978.webp\" width=\"853\" height=\"480\" \/><\/a><\/p>\n<p class=\"font-size-m padding-b-20 font-weight-b margin-t-16\">L&#8217;escritor fai un percorr\u00edu pela imaxinaci\u00f3n de ne\u00f1os de 36 colexos d&#8217;Asturies.\u00a0 L&#8217;escritor Eduardo Mendoza, Premiu Princesa d&#8217;Asturies de les Lletres 2025, particip\u00f3 esta ma\u00f1ana nun alcuentru con alumnos y profesores por cuenta de la inauguraci\u00f3n de la esposici\u00f3n &#8216;El mio cam\u00edn d\u2019escuela.<\/p>\n<p><!--more--><\/p>\n<p>Na F\u00e1brica d&#8217;Armes de La Vega, Eduardo Mendonza fixo un percorr\u00edu pela imaxinaci\u00f3n de ne\u00f1os de 36 colexos d&#8217;Asturies, al travi\u00e9s de los sos dibuxos.<\/p>\n<p>En concreto, el galardon\u00e1u col premiu Princesa de les Lletres visit\u00f3 la esposici\u00f3n con dibuxos fechos a partir de lo qu&#8217;a ca\u00fan-y suxer\u00eda&#8217;l cuentu &#8216;El camino del cole&#8217;, de Mendoza. L&#8217;escritor tuvo una charra colos escolinos y dalgunos de los sos profesores.<\/p>\n<div id=\"contenedor-center1\" class=\"container text-align-c padding-t-20 padding-b-30 hidden-md-down\" aria-hidden=\"true\">\n<div id=\"div-rtpa-center1\">L&#8217;artista Israel Huerta, responsable de la esposici\u00f3n, xunto cola profesora Mar\u00eda Alonso, fixeron de maestros de ceremonies. Dalgunos d&#8217;esos ne\u00f1os esplicaron los sos dibuxos y c\u00f3mo vivieron esta esperiencia.<\/div>\n<div><\/div>\n<div>\u2764\ufe0f <span style=\"color: #008080\"><strong>Daniela<\/strong> tien 9 a\u00f1os y dos hero\u00ednes acomp\u00e1\u00f1enla acald\u00eda nel hospital: \u00abSon simp\u00e1tiques y responsables\u00bb. \u27a1\ufe0f La so hestoria ye una de les dibuxaes por ne\u00f1os de toa Asturies n&#8217;homenaxe al cuentu \u00abEl cam\u00edn del cole\u00bb, d&#8217;Eduardo Mendoza \ud83e\uddb8\u200d\u2642\ufe0f Ellos dieron superpoderes a les persones que s&#8217;atopen acald\u00eda de cam\u00edn a la so clase. \u2712\ufe0f El mesmu escritor, premio \u00abPrincesa d&#8217;Asturies\u00bb de les Lletres, visit\u00f3 l&#8217;amuesa con tolos dibuxos n&#8217;Uvi\u00e9u y te cunt\u00e1moslo nun nuevu cap\u00edtulu de \ud83d\udcf9 LOS PREMIOS AL D\u00cdA<\/span> \u00a0\ud83c\udf99\ufe0f <a class=\"x1i10hfl xjbqb8w x1ejq31n x18oe1m7 x1sy0etr xstzfhl x972fbf x10w94by x1qhh985 x14e42zd x9f619 x1ypdohk xt0psk2 x3ct3a4 xdj266r x14z9mp xat24cr x1lziwak xexx8yu xyri2b x18d9i69 x1c1uobl x16tdsg8 x1hl2dhg xggy1nq x1a2a7pz  _aa9_ _a6hd\" role=\"link\" href=\"https:\/\/www.instagram.com\/explore\/tags\/lospremiosald%C3%ADa\/\">#LosPremiosAlD\u00eda<\/a> <a class=\"x1i10hfl xjbqb8w x1ejq31n x18oe1m7 x1sy0etr xstzfhl x972fbf x10w94by x1qhh985 x14e42zd x9f619 x1ypdohk xt0psk2 x3ct3a4 xdj266r x14z9mp xat24cr x1lziwak xexx8yu xyri2b x18d9i69 x1c1uobl x16tdsg8 x1hl2dhg xggy1nq x1a2a7pz  _aa9_ _a6hd\" role=\"link\" href=\"https:\/\/www.instagram.com\/explore\/tags\/cap%C3%ADtulo7\/\">#Cap\u00edtulo7<\/a><\/div>\n<\/div>\n","protected":false},"excerpt":{"rendered":"<p>RTPA \/ Videu de Daniela \/ L&#8217;escritor fai un percorr\u00edu pela imaxinaci\u00f3n de ne\u00f1os de 36 colexos d&#8217;Asturies.\u00a0 L&#8217;escritor Eduardo Mendoza, Premiu Princesa d&#8217;Asturies de les Lletres 2025, particip\u00f3 esta ma\u00f1ana nun alcuentru con alumnos y profesores por cuenta de la inauguraci\u00f3n de la esposici\u00f3n &#8216;El mio cam\u00edn d\u2019escuela.<\/p>\n","protected":false},"author":117,"featured_media":0,"comment_status":"closed","ping_status":"open","sticky":false,"template":"","format":"standard","meta":{"footnotes":""},"categories":[28],"tags":[],"class_list":["post-60201","post","type-post","status-publish","format-standard","hentry","category-premios-princesa-da"],"_links":{"self":[{"href":"https:\/\/edublog.educastur.es\/ixuxu\/wp-json\/wp\/v2\/posts\/60201","targetHints":{"allow":["GET"]}}],"collection":[{"href":"https:\/\/edublog.educastur.es\/ixuxu\/wp-json\/wp\/v2\/posts"}],"about":[{"href":"https:\/\/edublog.educastur.es\/ixuxu\/wp-json\/wp\/v2\/types\/post"}],"author":[{"embeddable":true,"href":"https:\/\/edublog.educastur.es\/ixuxu\/wp-json\/wp\/v2\/users\/117"}],"replies":[{"embeddable":true,"href":"https:\/\/edublog.educastur.es\/ixuxu\/wp-json\/wp\/v2\/comments?post=60201"}],"version-history":[{"count":4,"href":"https:\/\/edublog.educastur.es\/ixuxu\/wp-json\/wp\/v2\/posts\/60201\/revisions"}],"predecessor-version":[{"id":60207,"href":"https:\/\/edublog.educastur.es\/ixuxu\/wp-json\/wp\/v2\/posts\/60201\/revisions\/60207"}],"wp:attachment":[{"href":"https:\/\/edublog.educastur.es\/ixuxu\/wp-json\/wp\/v2\/media?parent=60201"}],"wp:term":[{"taxonomy":"category","embeddable":true,"href":"https:\/\/edublog.educastur.es\/ixuxu\/wp-json\/wp\/v2\/categories?post=60201"},{"taxonomy":"post_tag","embeddable":true,"href":"https:\/\/edublog.educastur.es\/ixuxu\/wp-json\/wp\/v2\/tags?post=60201"}],"curies":[{"name":"wp","href":"https:\/\/api.w.org\/{rel}","templated":true}]}}