{"id":60210,"date":"2025-10-22T18:35:48","date_gmt":"2025-10-22T16:35:48","guid":{"rendered":"https:\/\/edublog.educastur.es\/ixuxu\/?p=60210"},"modified":"2025-10-23T10:37:15","modified_gmt":"2025-10-23T08:37:15","slug":"asturies-va-superar-anguano-les-300-tonelaes-na-collecha-de-quivi-mariellu","status":"publish","type":"post","link":"https:\/\/edublog.educastur.es\/ixuxu\/2025\/10\/asturies-va-superar-anguano-les-300-tonelaes-na-collecha-de-quivi-mariellu\/","title":{"rendered":"Asturies va superar angua\u00f1o les 300 tonelaes na collecha de quivi mariellu"},"content":{"rendered":"<p><a href=\"https:\/\/www.rtpa.es\/noticias-asturias-ast\/2025-10-22\/Asturies-va-superar-angua%C3%B1o-les-300-tonelaes-na-collecha-de-quivi-mariellu_111761133824.html\">RTPA<\/a> \/<\/p>\n<p style=\"text-align: center\"><a href=\"https:\/\/www.rtpa.es\/fotos\/\/25\/10\/20251022141632_RTPA7254911.webp\"><img loading=\"lazy\" decoding=\"async\" class=\"aligncenter size-large\" src=\"https:\/\/www.rtpa.es\/fotos\/\/25\/10\/20251022141632_RTPA7254911.webp\" width=\"853\" height=\"480\" \/><\/a><\/p>\n<p class=\"font-size-m padding-b-20 font-weight-b margin-t-16\">Los productores aseguren que la collecha d&#8217;angua\u00f1o ye mui bona en cantid\u00e1 y calid\u00e1.\u00a0La recoyida de quivi mariellu ta a nada de rematar. Angua\u00f1o, prev\u00e9se que n&#8217;Asturies se superen les 300 tonelaes d&#8217;un frutu del que foi aumentando la demanda nos \u00faltimos a\u00f1os.<\/p>\n<p><!--more--><\/p>\n<p>De les daqu\u00e9 m\u00e1s de 300 tonelaes de quivi mariellu que se van recoyer n&#8217;Asturies, unes 250 salen de diez hect\u00e1rees d&#8217;esti plant\u00edu de La Rodriga. Aseguren que la collecha d&#8217;angua\u00f1o ye mui bona en cantid\u00e1 y calid\u00e1.<\/p>\n<p>El bon tiempu, dende&#8217;l branu hasta agora, con sol y temperatures altes, ye bien beneficiosu pa la crecedera d&#8217;esta fruta, esplica Rafa Olivo, director xeneral de &#8216;Kiwis La Rodriga&#8217;.<\/p>\n<div id=\"contenedor-center1\" class=\"container text-align-c padding-t-20 padding-b-30 hidden-md-down\" aria-hidden=\"true\">\n<div id=\"div-rtpa-center1\">Ye una varied\u00e1 con una demanda n&#8217;aumentu, en bona parte porque ye m\u00e1s dulce que&#8217;l verde. Am\u00e1s, la varied\u00e1 mariella ye m\u00e1s rentable, anque resulte m\u00e1s caro producila.<\/div>\n<\/div>\n<p>Precisamente, la recoyida del quivi verde, conf\u00eden en qu&#8217;empiece&#8217;l 10 de payares. Calc\u00falase que n&#8217;Asturies van collechase unes 4.000 tonelaes, ente un 20 y un 30 por cientu m\u00e1s que l&#8217;a\u00f1u pas\u00e1u.<\/p>\n","protected":false},"excerpt":{"rendered":"<p>RTPA \/ Los productores aseguren que la collecha d&#8217;angua\u00f1o ye mui bona en cantid\u00e1 y calid\u00e1.\u00a0La recoyida de quivi mariellu ta a nada de rematar. Angua\u00f1o, prev\u00e9se que n&#8217;Asturies se superen les 300 tonelaes d&#8217;un frutu del que foi aumentando la demanda nos \u00faltimos a\u00f1os.<\/p>\n","protected":false},"author":117,"featured_media":0,"comment_status":"closed","ping_status":"open","sticky":false,"template":"","format":"standard","meta":{"footnotes":""},"categories":[138],"tags":[],"class_list":["post-60210","post","type-post","status-publish","format-standard","hentry","category-alimentos"],"_links":{"self":[{"href":"https:\/\/edublog.educastur.es\/ixuxu\/wp-json\/wp\/v2\/posts\/60210","targetHints":{"allow":["GET"]}}],"collection":[{"href":"https:\/\/edublog.educastur.es\/ixuxu\/wp-json\/wp\/v2\/posts"}],"about":[{"href":"https:\/\/edublog.educastur.es\/ixuxu\/wp-json\/wp\/v2\/types\/post"}],"author":[{"embeddable":true,"href":"https:\/\/edublog.educastur.es\/ixuxu\/wp-json\/wp\/v2\/users\/117"}],"replies":[{"embeddable":true,"href":"https:\/\/edublog.educastur.es\/ixuxu\/wp-json\/wp\/v2\/comments?post=60210"}],"version-history":[{"count":1,"href":"https:\/\/edublog.educastur.es\/ixuxu\/wp-json\/wp\/v2\/posts\/60210\/revisions"}],"predecessor-version":[{"id":60211,"href":"https:\/\/edublog.educastur.es\/ixuxu\/wp-json\/wp\/v2\/posts\/60210\/revisions\/60211"}],"wp:attachment":[{"href":"https:\/\/edublog.educastur.es\/ixuxu\/wp-json\/wp\/v2\/media?parent=60210"}],"wp:term":[{"taxonomy":"category","embeddable":true,"href":"https:\/\/edublog.educastur.es\/ixuxu\/wp-json\/wp\/v2\/categories?post=60210"},{"taxonomy":"post_tag","embeddable":true,"href":"https:\/\/edublog.educastur.es\/ixuxu\/wp-json\/wp\/v2\/tags?post=60210"}],"curies":[{"name":"wp","href":"https:\/\/api.w.org\/{rel}","templated":true}]}}