{"id":60214,"date":"2025-10-23T10:57:20","date_gmt":"2025-10-23T08:57:20","guid":{"rendered":"https:\/\/edublog.educastur.es\/ixuxu\/?p=60214"},"modified":"2025-10-23T10:57:20","modified_gmt":"2025-10-23T08:57:20","slug":"llei-de-bebores-enerxetiques-prohibies-a-menores-de-16-anos","status":"publish","type":"post","link":"https:\/\/edublog.educastur.es\/ixuxu\/2025\/10\/llei-de-bebores-enerxetiques-prohibies-a-menores-de-16-anos\/","title":{"rendered":"Llei de B\u00e9bores Enerx\u00e9tiques: prohib\u00edes a menores de 16 a\u00f1os"},"content":{"rendered":"<p style=\"text-align: center\"><a href=\"https:\/\/actualidad.asturias.es\/documents\/537115\/2877854\/2.jpg\/3dd6d2a2-f8d0-9ee5-4477-ba1b6c941d44?t=1761116567152\"><img loading=\"lazy\" decoding=\"async\" class=\"aligncenter \" src=\"https:\/\/actualidad.asturias.es\/documents\/537115\/2877854\/2.jpg\/3dd6d2a2-f8d0-9ee5-4477-ba1b6c941d44?t=1761116567152\" width=\"617\" height=\"412\" \/><\/a><\/p>\n<p>Ac<a href=\"https:\/\/actualidad.asturias.es\/-\/el-gobierno-de-asturias-protege-la-salud-de-la-juventud-con-la-ley-de-bebidas-energ%C3%A9ticas-que-proh%C3%ADbe-la-venta-suministro-y-consumo-de-estos-productos-a-menores-de-16-a%C3%B1os?redirect=%2Fnoticias\">tualid\u00e1<\/a> \/<\/p>\n<p>El Gobiernu d&#8217;Asturies protexe la sal\u00fa de la moced\u00e1 cola <strong>Llei de B\u00e9bores Enerx\u00e9tiques<\/strong>, que prohibe la vienta, suministru y consumu d&#8217;estos productos a menores de 16 a\u00f1os. La norma, pionera n&#8217;Espa\u00f1a xuntu cola que tramita Galicia, cifra en 30.000 los potenciales consumidores nesti rangu d&#8217;ed\u00e1.<\/p>\n<p><!--more--><\/p>\n<p>L&#8217;oxetivu ye p<strong>rotexer a esti segmentu de la poblaci\u00f3n, seg\u00fan prevenir y sensibilizar \u00e9nte los perxuicios qu&#8217;esti tipu de productos causen na sal\u00fa.<\/strong> La Conseyer\u00eda d&#8217;Ordenaci\u00f3n de Territoriu, Urbanismu, Vivienda y Derechos Ciudadanos, qu&#8217;ellabor\u00f3 la normativa, cifra en 30.000 los potenciales consumidores d&#8217;estes b\u00e9bores con edaes entend\u00edes ente los 12 y los 16 a\u00f1os.<\/p>\n<p>El testu, que se va unviar nos pr\u00f3ximos d\u00edes a la Xunta Xeneral pa empecipiar la so tramitaci\u00f3n parlamentaria, ye pioneru n&#8217;Espa\u00f1a, xuntu col que ta tramitando Galicia, y solo tr\u00e9s pa\u00edses de la Uni\u00f3n Europea \u2013Polonia, Lituania y Letonia- llexislaron esta mesma prohibici\u00f3n.<\/p>\n<p>Ente otres mid\u00edes, el proyectu de llei establez que<strong> los comercios van tener obligaci\u00f3n d&#8217;asitiar estos productos en zones acutaes, y tanto les tiendes como los establecimientos hosteleros tendr\u00e1n de comprobar la ed\u00e1 de el compradores<\/strong>. Am\u00e1s, les m\u00e1quines espendedores van tener un sistema de verificaci\u00f3n d&#8217;ed\u00e1.<\/p>\n<p>Al respective de les sanciones, fornir a les y\u00e1 esistentes pal consumu y vienta de tabacu y alcohol, sacante nel tramu cimeru, que fai referencia a les bien graves. La imposici\u00f3n de multes a menores de 16 a\u00f1os que cometan una infracci\u00f3n va ser escepcional y <strong>siempres se va dar priorid\u00e1 a les mid\u00edes educatives o preventives<\/strong>, siguiendo los principios de proporcionalidad y finalid\u00e1 pedag\u00f3xica.<\/p>\n<p>El tipu de penalizaci\u00f3n bazcuya dende l&#8217;apercibimientu y les multes d&#8217;hasta 600 euros (infracciones leves), hasta pagos de 10.000 euros (infracciones graves) y el posible zarru d&#8217;establecimientos (infracciones bien graves). Esti \u00faltimu tipu de penalizaci\u00f3n va aplicar a casos de vienta y distribuci\u00f3n a gran escala, que pueden castigase con hasta 100.000 euros.<\/p>\n<p>La norma ellabor\u00f3se con un procesu participativu nel qu&#8217;intervinieron delles \u00e1rees de l&#8217;Alministraci\u00f3n auton\u00f3mica pol so calter tresversal, seg\u00fan padres y madres, profesionales sanitarios, docentes, estudiantes, organizaciones xuveniles y sindicatos.<\/p>\n<p>El Gobiernu d&#8217;Asturies considera que la proliferaci\u00f3n de les b\u00e9bores enerx\u00e9tiques y el so creciente consumu ente menores de 16 a\u00f1os <strong>plantega un grave problema de sal\u00fa p\u00fablica qu&#8217;obliga a impulsar una llei pa evitar da\u00f1os.<\/strong><\/p>\n","protected":false},"excerpt":{"rendered":"<p>Actualid\u00e1 \/ El Gobiernu d&#8217;Asturies protexe la sal\u00fa de la moced\u00e1 cola Llei de B\u00e9bores Enerx\u00e9tiques, que prohibe la vienta, suministru y consumu d&#8217;estos productos a menores de 16 a\u00f1os. La norma, pionera n&#8217;Espa\u00f1a xuntu cola que tramita Galicia, cifra en 30.000 los potenciales consumidores nesti rangu d&#8217;ed\u00e1.<\/p>\n","protected":false},"author":117,"featured_media":0,"comment_status":"closed","ping_status":"open","sticky":false,"template":"","format":"standard","meta":{"footnotes":""},"categories":[1],"tags":[],"class_list":["post-60214","post","type-post","status-publish","format-standard","hentry","category-sin-categoria"],"_links":{"self":[{"href":"https:\/\/edublog.educastur.es\/ixuxu\/wp-json\/wp\/v2\/posts\/60214","targetHints":{"allow":["GET"]}}],"collection":[{"href":"https:\/\/edublog.educastur.es\/ixuxu\/wp-json\/wp\/v2\/posts"}],"about":[{"href":"https:\/\/edublog.educastur.es\/ixuxu\/wp-json\/wp\/v2\/types\/post"}],"author":[{"embeddable":true,"href":"https:\/\/edublog.educastur.es\/ixuxu\/wp-json\/wp\/v2\/users\/117"}],"replies":[{"embeddable":true,"href":"https:\/\/edublog.educastur.es\/ixuxu\/wp-json\/wp\/v2\/comments?post=60214"}],"version-history":[{"count":1,"href":"https:\/\/edublog.educastur.es\/ixuxu\/wp-json\/wp\/v2\/posts\/60214\/revisions"}],"predecessor-version":[{"id":60215,"href":"https:\/\/edublog.educastur.es\/ixuxu\/wp-json\/wp\/v2\/posts\/60214\/revisions\/60215"}],"wp:attachment":[{"href":"https:\/\/edublog.educastur.es\/ixuxu\/wp-json\/wp\/v2\/media?parent=60214"}],"wp:term":[{"taxonomy":"category","embeddable":true,"href":"https:\/\/edublog.educastur.es\/ixuxu\/wp-json\/wp\/v2\/categories?post=60214"},{"taxonomy":"post_tag","embeddable":true,"href":"https:\/\/edublog.educastur.es\/ixuxu\/wp-json\/wp\/v2\/tags?post=60214"}],"curies":[{"name":"wp","href":"https:\/\/api.w.org\/{rel}","templated":true}]}}