{"id":60220,"date":"2025-10-23T12:57:52","date_gmt":"2025-10-23T10:57:52","guid":{"rendered":"https:\/\/edublog.educastur.es\/ixuxu\/?p=60220"},"modified":"2025-10-27T20:22:49","modified_gmt":"2025-10-27T18:22:49","slug":"iv-premiu-nacional-de-lliteratura-asturiana","status":"publish","type":"post","link":"https:\/\/edublog.educastur.es\/ixuxu\/2025\/10\/iv-premiu-nacional-de-lliteratura-asturiana\/","title":{"rendered":"IV Premiu Nacional de Lliteratura Asturiana"},"content":{"rendered":"<div class=\"html-div xdj266r x14z9mp xat24cr x1lziwak xexx8yu x1a8lsjc xf7dkkf xv54qhq\">\n<div class=\"html-div xdj266r x14z9mp xat24cr x1lziwak xexx8yu xyri2b x18d9i69 x1c1uobl x1jx94hy x78zum5 x1q0g3np\">\n<div class=\"x78zum5 xdt5ytf xz62fqu x16ldp7u\">\n<div class=\"xu06os2 x1ok221b\">\n<div class=\"html-div xdj266r x14z9mp xat24cr x1lziwak xexx8yu xyri2b x18d9i69 x1c1uobl\" data-ad-rendering-role=\"profile_name\">\n<ul>\n<li class=\"html-h3 x14z9mp xat24cr x1lziwak xexx8yu xyri2b x18d9i69 x1c1uobl x1vvkbs x1heor9g x1qlqyl8 x1pd3egz x1a2a7pz x1gslohp x1yc453h\"><span class=\"x1lliihq x6ikm8r x10wlt62 x1n2onr6\"><span class=\"xt0psk2\"><a class=\"x1i10hfl xjbqb8w x1ejq31n x18oe1m7 x1sy0etr xstzfhl x972fbf x10w94by x1qhh985 x14e42zd x9f619 x1ypdohk xt0psk2 x3ct3a4 xdj266r x14z9mp xat24cr x1lziwak xexx8yu xyri2b x18d9i69 x1c1uobl x16tdsg8 x1hl2dhg xggy1nq x1a2a7pz xkrqix3 x1sur9pj xzsf02u x1s688f\" role=\"link\" href=\"https:\/\/www.facebook.com\/AcademiadelaLlinguaAsturiana?__cft__[0]=AZU2SUcdjmbVvUXI345ZMQzV2uVPMGN7saSOZAZF6FxejrIYKYhPGRgWfEQKfiY2HQ1m5VcwaCWL45zik1oehAqsLH79e7MUo8aDjCkke_TN-EdcLU4tOgqMXtMBp8SG5MbJue4_d5J57kxM4FLWWRgRXWInppBjOaEC7g7ttiBoXkaKDFVv_4YfmgdAJhHeu7QyXh6-4TS9lHTYscE9Mx_Z&amp;__tn__=-UC%2CP-y-R\"><b class=\"html-b xdj266r x14z9mp xat24cr x1lziwak xexx8yu xyri2b x18d9i69 x1c1uobl x1hl2dhg x16tdsg8 x1vvkbs x1s688f\"><span class=\"html-span xdj266r x14z9mp xat24cr x1lziwak xexx8yu xyri2b x18d9i69 x1c1uobl x1hl2dhg x16tdsg8 x1vvkbs\">Academia de la Llingua Asturiana<\/span><\/b><\/a><\/span><\/span><\/li>\n<\/ul>\n<p style=\"text-align: center\">\n<\/div>\n<\/div>\n<div class=\"xu06os2 x1ok221b\">\n<div class=\"html-div xdj266r x14z9mp xat24cr x1lziwak xexx8yu xyri2b x18d9i69 x1c1uobl x6s0dn4 x17zd0t2 x78zum5 x1q0g3np x1a02dak\" style=\"text-align: center\">\n<!-- iframe plugin v.6.0 wordpress.org\/plugins\/iframe\/ -->\n<iframe loading=\"lazy\" src=\"https:\/\/www.facebook.com\/plugins\/post.php?href=https%3A%2F%2Fwww.facebook.com%2FAcademiadelaLlinguaAsturiana%2Fposts%2Fpfbid0Md4r1ngZeUwv7LdWR85yxYvK4qBJ6QShPNjLuVyipAbs8BAAFr3d9eQdPMChbdHvl&#038;show_text=false&#038;width=500\" width=\"500\" height=\"498\" style=\"border:none;overflow:hidden\" scrolling=\"no\" frameborder=\"0\" allowfullscreen=\"true\" allow=\"autoplay; clipboard-write; encrypted-media; picture-in-picture; web-share\" 0=\"\/iframe\" class=\"iframe-class\"><\/iframe>\n<\/div>\n<div><\/div>\n<\/div>\n<\/div>\n<\/div>\n<\/div>\n<div class=\"html-div xdj266r x14z9mp xat24cr x1lziwak xexx8yu xyri2b x18d9i69 x1c1uobl\" dir=\"auto\">\n<div class=\"html-div xdj266r x14z9mp xat24cr x1lziwak xexx8yu xyri2b x18d9i69 x1c1uobl\" dir=\"auto\">\n<div class=\"html-div xdj266r x14z9mp xat24cr x1lziwak xexx8yu xyri2b x18d9i69 x1c1uobl\" data-ad-rendering-role=\"story_message\">\n<div class=\"x1l90r2v x1iorvi4 x1g0dm76 xpdmqnj\" data-ad-comet-preview=\"message\" data-ad-preview=\"message\">\n<div class=\"x78zum5 xdt5ytf xz62fqu x16ldp7u\">\n<div class=\"xu06os2 x1ok221b\">\n<div class=\"html-div xdj266r x14z9mp xat24cr x1lziwak xexx8yu xyri2b x18d9i69 x1c1uobl\">\n<div class=\"xdj266r x14z9mp xat24cr x1lziwak x1vvkbs x126k92a\">\n<div dir=\"auto\"><span class=\"html-span xexx8yu xyri2b x18d9i69 x1c1uobl x1hl2dhg x16tdsg8 x1vvkbs x3nfvp2 x1j61x8r x1fcty0u xdj266r xat24cr xm2jcoa x1mpyi22 xxymvpz xlup9mm x1kky2od\"><img loading=\"lazy\" decoding=\"async\" class=\"xz74otr x15mokao x1ga7v0g x16uus16 xbiv7yw\" src=\"https:\/\/static.xx.fbcdn.net\/images\/emoji.php\/v9\/t3d\/1\/16\/1f3c5.png\" alt=\"\ud83c\udfc5\" width=\"16\" height=\"16\" \/><\/span> L&#8217;Academia de la Llingua Asturiana asoleya les bases del <span style=\"color: #008080\"><strong>IV Premiu Nacional de Lliteratura Asturiana<\/strong> <\/span>(2026). Entam\u00e1u pola ALLA, reconoz la trayeutoria y la calid\u00e1 d\u2019una obra o autor destac\u00e1u na lliteratura n\u2019asturianu o n\u2019eonaviegu. <strong>Esti gallard\u00f3n<\/strong> ye un s\u00edmbolu del compromisu col fortalecimientu cultural d\u2019Asturies y, cola so entrega, l\u2019Academia reafirma\u2019l papel de la lliteratura na defensa y promoci\u00f3n del patrimoniu lling\u00fc\u00edsticu. <a href=\"https:\/\/alladixital.org\/wp-content\/uploads\/2025\/10\/PREMIU-NACIONAL-DE-LLITERATURA-ASTURIANA-2026.pdf\">Bases n&#8217;asturianu<\/a><\/div>\n<\/div>\n<div class=\"x14z9mp xat24cr x1lziwak x1vvkbs xtlvy1s x126k92a\">\n<ul>\n<li dir=\"auto\"><span class=\"html-span xexx8yu xyri2b x18d9i69 x1c1uobl x1hl2dhg x16tdsg8 x1vvkbs x3nfvp2 x1j61x8r x1fcty0u xdj266r xat24cr xm2jcoa x1mpyi22 xxymvpz xlup9mm x1kky2od\"><img loading=\"lazy\" decoding=\"async\" class=\"xz74otr x15mokao x1ga7v0g x16uus16 xbiv7yw\" src=\"https:\/\/static.xx.fbcdn.net\/images\/emoji.php\/v9\/t9e\/1\/16\/27a1.png\" alt=\"\u27a1\ufe0f\" width=\"16\" height=\"16\" \/><\/span>\u00a0 <a href=\"https:\/\/www.formientu.com\/wp-content\/uploads\/2025\/10\/Plantilla-Foto-ACeR-1-1024x668.jpg\">Imaxe<\/a> \/ M\u00e1s informaci\u00f3n: <span class=\"html-span xdj266r x14z9mp xat24cr x1lziwak xexx8yu xyri2b x18d9i69 x1c1uobl x1hl2dhg x16tdsg8 x1vvkbs\"><a class=\"x1i10hfl xjbqb8w x1ejq31n x18oe1m7 x1sy0etr xstzfhl x972fbf x10w94by x1qhh985 x14e42zd x9f619 x1ypdohk xt0psk2 x3ct3a4 xdj266r x14z9mp xat24cr x1lziwak xexx8yu xyri2b x18d9i69 x1c1uobl x16tdsg8 x1hl2dhg xggy1nq x1a2a7pz xkrqix3 x1sur9pj x1fey0fg x1s688f\" role=\"link\" href=\"https:\/\/l.facebook.com\/l.php?u=https%3A%2F%2Fcutt.ly%2Fvr8XBRIK%3Ffbclid%3DIwZXh0bgNhZW0CMTAAYnJpZBEwZmRaNVBNS0t3VUJpZTJKYgEe8_2gzZuSvuNsrs5MDOw6wjLkcu2I8LYhXeJJOKaBHMc8mVIZUg7lOdlk_EQ_aem_vexWrz6qMbb8Ddh1btrGdw&amp;h=AT1PN5xTVL4NS2jUywG3jgD08H6Fx58A1t4DTn-sgOrSpYNX86aMwqoUfWs2uOGPhlWYlPG3xXDV09uPEPXtdT6vFHngMUcovml6wIsukaGSM8LzGweh647vVo3jRDD8ob7TLYdRnyGjQQ&amp;__tn__=-UK-y-R&amp;c[0]=AT2KNfoF2DTZeUglRY5gFtzH9MX-k2H6xNwCqwELVznYQ-Rba8nZgl-XTeKaC-cAlBOlWXbFmENV6qL4R5b7PtUDx34uUbWuuM6nK8dF42VG5m9z_IVZlKlZVFMkzrsxvSkII9VK4tbHAsvii9ajV4nUqhlamVjv4NmUrYREKjlPo2noPz7UH8ZPDN33SUngQ0JF0fbghxgrSMuRIVl8Kd291o6sGyDsY441dA0GhXIb0CxF\" target=\"_blank\" rel=\"nofollow noopener noreferrer\">https:\/\/cutt.ly\/vr8XBRIK<\/a><\/span><\/li>\n<\/ul>\n<p><!--more--><\/p>\n<div class=\"brz-container brz-css-jUnIm brz-css-nnyC7\">\n<div class=\"brz-row__container brz-css-mBTlT\" data-brz-custom-id=\"e17Yu5n0kehD\">\n<p class=\"brz-bg\">El\u00a0<strong>Premiu Nacional de Lliteratura Asturiana<\/strong>, entam\u00e1u pola\u00a0<a href=\"https:\/\/alladixital.org\/\"><strong>Academia de la Llingua Asturiana<\/strong><\/a>, reconoz la trayeutoria y la calid\u00e1 d\u2019una obra o autor destac\u00e1u na lliteratura n\u2019asturianu. Naci\u00f3 col enfotu de dar visibilid\u00e1 y prest\u00edu al llabor creador na nuesa llingua. Cada edici\u00f3n pon en valor la riqueza y la diversid\u00e1 del panorama lliterariu asturianu. El galard\u00f3n ye un s\u00edmbolu del compromisu col fortalecimientu cultural d\u2019Asturies. Col so otorgamientu, l\u2019Academia reafirma\u2019l so papel como referente na defensa y promoci\u00f3n del asturianu.<\/p>\n<p>El premiu tien calter tria\u00f1al y cuenta con una dotaci\u00f3n econ\u00f3mica de 6.000 \u20ac, nun pudiendo xebrase en m\u00e1s d\u2019un autor o autora y nun pudiendo declarase ermu nin concedese a t\u00edtulu p\u00f3stumu.<\/p>\n<p>Podr\u00e1n presentar candidatures al premiu L\u2019Academia de la Llingua Asturiana, les entidaes culturales y lling\u00fc\u00edstiques asitiaes nel territoriu asturianu y nes comunidaes asturianes nel esterior y cualquier de los miembros del xur\u00e1u. Les propuestes fair\u00e1nse al travi\u00e9s d\u2019escritu dirix\u00edu a l\u2019ALLA, onde se conse\u00f1en los m\u00e9ritos lliterarios de la persona propuesta, xunto a una amuesa representativa de la so producci\u00f3n escrita (ente 50 y 70 p\u00e1xines). Les propuestes que cumplan estos requisitos almitir\u00e1nse y rexistrar\u00e1nse na Secretar\u00eda T\u00e9unica de la instituci\u00f3n hasta\u2019l d\u00eda 12 d\u2019avientu del 2025 nel so horariu d\u2019atenci\u00f3n al p\u00fablicu.<\/p>\n<\/div>\n<p>Premiar\u00e1se al conxuntu de toa una trayeutoria lliteraria, fecha a lo llargo del tiempu en llingua asturiana o eonaviega, y a la so contribuci\u00f3n a la dignificaci\u00f3n social del patrimoniu lling\u00fc\u00edsticu asturianu.<\/p>\n<p>La llista d\u2019autores que recibieron esti premiu hasta la fecha ye la siguiente:<\/p>\n<p>I Premiu Nacional de Lliteratura Asturiana, 2017:\u00a0<a href=\"https:\/\/www.formientu.com\/entrevistes-deva-camean\/xuan-bello-dende-1982-siempre-toi-escribiendo-un-llibru-y-nunca-fui-quien-a-escribir-un-que-me-consolara\/\"><strong>Xuan Bello Fern\u00e1ndez<\/strong><\/a>\u00a0(Paniceiros, 1965-2025)<\/p>\n<\/div>\n<p>II Premiu Nacional de Lliteratura Asturiana, 2020:\u00a0<a href=\"https:\/\/www.formientu.com\/noticies\/lalla-reconoz-a-xuan-xose-sanchez-vicente-col-premiu-nacional-de-lliteratura-asturiana\/\"><strong>Xuan Xos\u00e9 S\u00e1nchez Vicente<\/strong><\/a>\u00a0(Xix\u00f3n, 1949)<\/p>\n<p>III Premiu Nacional de Lliteratura Asturiana, 2023:\u00a0<a href=\"https:\/\/www.formientu.com\/entrevistes\/entrevista-lourdes-alvarez\/\"><strong>Lourdes \u00c1lvarez Garc\u00eda<\/strong><\/a>\u00a0(L\u2019Agueria d\u2019Urbi\u00e9s, 1961)<\/p>\n<p>Les bases completes y m\u00e1s informaci\u00f3n sobre\u2019l premiu t\u00e1n disponibles\u00a0<a href=\"https:\/\/alladixital.org\/premiu-nacional-de-lliteratura-asturiana\/\">equ\u00ed.<\/a><\/p>\n<\/div>\n<\/div>\n<\/div>\n<\/div>\n<\/div>\n<\/div>\n<\/div>\n<\/div>\n<p>&nbsp;<\/p>\n","protected":false},"excerpt":{"rendered":"<p>Academia de la Llingua Asturiana L&#8217;Academia de la Llingua Asturiana asoleya les bases del IV Premiu Nacional de Lliteratura Asturiana (2026). Entam\u00e1u pola ALLA, reconoz la trayeutoria y la calid\u00e1 d\u2019una obra o autor destac\u00e1u na lliteratura n\u2019asturianu o n\u2019eonaviegu. Esti gallard\u00f3n ye un s\u00edmbolu del compromisu col fortalecimientu cultural d\u2019Asturies y, cola so entrega, [&hellip;]<\/p>\n","protected":false},"author":117,"featured_media":0,"comment_status":"closed","ping_status":"open","sticky":false,"template":"","format":"standard","meta":{"footnotes":""},"categories":[65],"tags":[],"class_list":["post-60220","post","type-post","status-publish","format-standard","hentry","category-alla"],"_links":{"self":[{"href":"https:\/\/edublog.educastur.es\/ixuxu\/wp-json\/wp\/v2\/posts\/60220","targetHints":{"allow":["GET"]}}],"collection":[{"href":"https:\/\/edublog.educastur.es\/ixuxu\/wp-json\/wp\/v2\/posts"}],"about":[{"href":"https:\/\/edublog.educastur.es\/ixuxu\/wp-json\/wp\/v2\/types\/post"}],"author":[{"embeddable":true,"href":"https:\/\/edublog.educastur.es\/ixuxu\/wp-json\/wp\/v2\/users\/117"}],"replies":[{"embeddable":true,"href":"https:\/\/edublog.educastur.es\/ixuxu\/wp-json\/wp\/v2\/comments?post=60220"}],"version-history":[{"count":4,"href":"https:\/\/edublog.educastur.es\/ixuxu\/wp-json\/wp\/v2\/posts\/60220\/revisions"}],"predecessor-version":[{"id":60480,"href":"https:\/\/edublog.educastur.es\/ixuxu\/wp-json\/wp\/v2\/posts\/60220\/revisions\/60480"}],"wp:attachment":[{"href":"https:\/\/edublog.educastur.es\/ixuxu\/wp-json\/wp\/v2\/media?parent=60220"}],"wp:term":[{"taxonomy":"category","embeddable":true,"href":"https:\/\/edublog.educastur.es\/ixuxu\/wp-json\/wp\/v2\/categories?post=60220"},{"taxonomy":"post_tag","embeddable":true,"href":"https:\/\/edublog.educastur.es\/ixuxu\/wp-json\/wp\/v2\/tags?post=60220"}],"curies":[{"name":"wp","href":"https:\/\/api.w.org\/{rel}","templated":true}]}}