{"id":60230,"date":"2025-10-24T12:05:05","date_gmt":"2025-10-24T10:05:05","guid":{"rendered":"https:\/\/edublog.educastur.es\/ixuxu\/?p=60230"},"modified":"2025-10-23T13:10:33","modified_gmt":"2025-10-23T11:10:33","slug":"60230","status":"publish","type":"post","link":"https:\/\/edublog.educastur.es\/ixuxu\/2025\/10\/60230\/","title":{"rendered":""},"content":{"rendered":"<p style=\"text-align: center\"><span style=\"color: #800080\"><em><span style=\"font-size: 28px\"><strong>\u00abLa verd\u00e1 ye&#8217;l lema de la mio vida\u00bb.<\/strong><br \/>\n\u00bfQu\u00e9 ye la verd\u00e1? <\/span><\/em><\/span><br \/>\n<span style=\"color: #800080\"><em><span style=\"font-size: 28px\">Na so acepci\u00f3n orixinal,\u00a0<\/span><\/em><\/span><br \/>\n<span style=\"color: #800080\"><em><span style=\"font-size: 28px\"> ye aquello que dura nel tiempu, <\/span><\/em><\/span><br \/>\n<span style=\"color: #800080\"><em><span style=\"font-size: 28px\">onde podemos retrasanos, <\/span><\/em><\/span><br \/>\n<span style=\"color: #800080\"><em><span style=\"font-size: 28px\">daqu\u00e9 que nos suxetar y empob\u00ednanos, <\/span><\/em><\/span><br \/>\n<span style=\"color: #800080\"><em><span style=\"font-size: 28px\">que da sent\u00edu a la vida, <\/span><\/em><\/span><br \/>\n<span style=\"color: #800080\"><em><span style=\"font-size: 28px\">la verd\u00e1 dexa la vida <\/span><\/em><\/span><br \/>\n<em><span style=\"font-size: 28px\"><span style=\"color: #800080\">y vivir xuntos dexa la verd\u00e1\u00bb<\/span><br \/>\n<\/span><\/em><br \/>\nByung-Chul Han,\u00a0 Premio \u00abPrincesa d&#8217;Asturies\u00bb d&#8217;Humanidaes.<\/p>\n<p><a href=\"https:\/\/elpais.com\/cultura\/2025-10-22\/mas-fiesta-y-mas-siesta-la-reinvindicacion-del-filosofo-byung-chul-han-durante-la-semana-de-los-premios-princesa-de-asturias.html\">El Pa\u00eds<\/a> \/<\/p>\n<p style=\"text-align: center\"><a href=\"https:\/\/imagenes.elpais.com\/resizer\/v2\/4Y3HSJGC2JDPNGOEZXCDG3VV6E.jpg?auth=83eea15386c8a6c8b925f36f742287ab1711e2977e32b97d5b5a8563e903b18f&amp;width=1200&amp;height=675&amp;smart=true\"><img loading=\"lazy\" decoding=\"async\" class=\"aligncenter size-large\" src=\"https:\/\/imagenes.elpais.com\/resizer\/v2\/4Y3HSJGC2JDPNGOEZXCDG3VV6E.jpg?auth=83eea15386c8a6c8b925f36f742287ab1711e2977e32b97d5b5a8563e903b18f&amp;width=1200&amp;height=675&amp;smart=true\" width=\"1200\" height=\"675\" \/><\/a><\/p>\n<p style=\"text-align: center\"><span style=\"font-size: 20px\"><em>\u00abM\u00e1s siesta y m\u00e1s folixa\u00bb<\/em><\/span><\/p>\n<p><!--more--><\/p>\n<p>El fil\u00f3sofu y ensayista alem\u00e1n d&#8217;orixe surcoreano Byung-Chul Han, Premio Princesa d&#8217;Asturies de Comunicaci\u00f3n y Humanidaes 2025,<strong> reivindic\u00f3 la cultura de \u201cla fiesta y el pigazu\u00bb<\/strong> enraigon\u00e1u en pa\u00edses como Italia y Espa\u00f1a para combatir l&#8217;encl\u00edn al individualismu consumista que fomenta&#8217;l neolliberalismu.<\/p>\n<p>&nbsp;<\/p>\n","protected":false},"excerpt":{"rendered":"<p>\u00abLa verd\u00e1 ye&#8217;l lema de la mio vida\u00bb. \u00bfQu\u00e9 ye la verd\u00e1? Na so acepci\u00f3n orixinal,\u00a0 ye aquello que dura nel tiempu, onde podemos retrasanos, daqu\u00e9 que nos suxetar y empob\u00ednanos, que da sent\u00edu a la vida, la verd\u00e1 dexa la vida y vivir xuntos dexa la verd\u00e1\u00bb Byung-Chul Han,\u00a0 Premio \u00abPrincesa d&#8217;Asturies\u00bb d&#8217;Humanidaes. El [&hellip;]<\/p>\n","protected":false},"author":117,"featured_media":0,"comment_status":"closed","ping_status":"open","sticky":false,"template":"","format":"quote","meta":{"footnotes":""},"categories":[1],"tags":[],"class_list":["post-60230","post","type-post","status-publish","format-quote","hentry","category-sin-categoria","post_format-post-format-quote"],"_links":{"self":[{"href":"https:\/\/edublog.educastur.es\/ixuxu\/wp-json\/wp\/v2\/posts\/60230","targetHints":{"allow":["GET"]}}],"collection":[{"href":"https:\/\/edublog.educastur.es\/ixuxu\/wp-json\/wp\/v2\/posts"}],"about":[{"href":"https:\/\/edublog.educastur.es\/ixuxu\/wp-json\/wp\/v2\/types\/post"}],"author":[{"embeddable":true,"href":"https:\/\/edublog.educastur.es\/ixuxu\/wp-json\/wp\/v2\/users\/117"}],"replies":[{"embeddable":true,"href":"https:\/\/edublog.educastur.es\/ixuxu\/wp-json\/wp\/v2\/comments?post=60230"}],"version-history":[{"count":4,"href":"https:\/\/edublog.educastur.es\/ixuxu\/wp-json\/wp\/v2\/posts\/60230\/revisions"}],"predecessor-version":[{"id":60234,"href":"https:\/\/edublog.educastur.es\/ixuxu\/wp-json\/wp\/v2\/posts\/60230\/revisions\/60234"}],"wp:attachment":[{"href":"https:\/\/edublog.educastur.es\/ixuxu\/wp-json\/wp\/v2\/media?parent=60230"}],"wp:term":[{"taxonomy":"category","embeddable":true,"href":"https:\/\/edublog.educastur.es\/ixuxu\/wp-json\/wp\/v2\/categories?post=60230"},{"taxonomy":"post_tag","embeddable":true,"href":"https:\/\/edublog.educastur.es\/ixuxu\/wp-json\/wp\/v2\/tags?post=60230"}],"curies":[{"name":"wp","href":"https:\/\/api.w.org\/{rel}","templated":true}]}}