{"id":60242,"date":"2025-10-24T08:30:40","date_gmt":"2025-10-24T06:30:40","guid":{"rendered":"https:\/\/edublog.educastur.es\/ixuxu\/?p=60242"},"modified":"2025-10-24T10:27:11","modified_gmt":"2025-10-24T08:27:11","slug":"el-tiempu-el-comercio-168","status":"publish","type":"post","link":"https:\/\/edublog.educastur.es\/ixuxu\/2025\/10\/el-tiempu-el-comercio-168\/","title":{"rendered":"El tiempu (El Comercio)"},"content":{"rendered":"<p style=\"text-align: center\"><a href=\"https:\/\/s1.ppllstatics.com\/elcomercio\/www\/multimedia\/2025\/10\/23\/prevision-tiempo-asturias-kw9-U2302588077118HVD-1200x870@El%20Comercio.jpg\"><img loading=\"lazy\" decoding=\"async\" class=\"aligncenter size-large\" src=\"https:\/\/s1.ppllstatics.com\/elcomercio\/www\/multimedia\/2025\/10\/23\/prevision-tiempo-asturias-kw9-U2302588077118HVD-1200x870@El%20Comercio.jpg\" width=\"1200\" height=\"870\" \/><\/a><\/p>\n<p>Esperamos un d\u00eda estable en tol Princip\u00e1u d&#8217;Asturies.<strong> Pela ma\u00f1ana<\/strong>, a lo sumo, vamos ver intervalos de nubes altes ensin importancia que, como ye habitual d&#8217;esti tipu de nubosid\u00e1, nun van dexar ag\u00fces.<strong> A lo llargo de la segunda met\u00e1 del d\u00eda<\/strong> vamos reparar c\u00f3mo los cielos van estenase de nubes polo que&#8217;l sol va ser el gran protagonista de la tarde.<strong> Los vientos<\/strong> van ser fluexos predominando de noroeste. <strong>Les temperatures m\u00e1ximes<\/strong> apenes van variar, ente que les m\u00ednimes van baxar llixeramente nel interior y van caltenese na mari\u00f1a y contorna.<\/p>\n<p><!--more--><\/p>\n<p><strong>El s\u00e1badu<\/strong>, sicas\u00ed, prevese mayor *nubosidad que van poder dexar precipitaciones d\u00e9biles que van percorrer la rex\u00f3n. Les temperatures m\u00e1ximes van baxar ente 2 y 3 graos na met\u00e1 occidental y de forma m\u00e1s llixera na oriental. Tocantes a les m\u00ednimes van xubir en tol interior calteni\u00e9ndose na mari\u00f1a. Cielos nublos tami\u00e9n pal domingu con probabilid\u00e1 de precipitaciones.<\/p>\n","protected":false},"excerpt":{"rendered":"<p>Esperamos un d\u00eda estable en tol Princip\u00e1u d&#8217;Asturies. Pela ma\u00f1ana, a lo sumo, vamos ver intervalos de nubes altes ensin importancia que, como ye habitual d&#8217;esti tipu de nubosid\u00e1, nun van dexar ag\u00fces. A lo llargo de la segunda met\u00e1 del d\u00eda vamos reparar c\u00f3mo los cielos van estenase de nubes polo que&#8217;l sol va [&hellip;]<\/p>\n","protected":false},"author":117,"featured_media":0,"comment_status":"closed","ping_status":"open","sticky":false,"template":"","format":"standard","meta":{"footnotes":""},"categories":[5],"tags":[],"class_list":["post-60242","post","type-post","status-publish","format-standard","hentry","category-tiempu"],"_links":{"self":[{"href":"https:\/\/edublog.educastur.es\/ixuxu\/wp-json\/wp\/v2\/posts\/60242","targetHints":{"allow":["GET"]}}],"collection":[{"href":"https:\/\/edublog.educastur.es\/ixuxu\/wp-json\/wp\/v2\/posts"}],"about":[{"href":"https:\/\/edublog.educastur.es\/ixuxu\/wp-json\/wp\/v2\/types\/post"}],"author":[{"embeddable":true,"href":"https:\/\/edublog.educastur.es\/ixuxu\/wp-json\/wp\/v2\/users\/117"}],"replies":[{"embeddable":true,"href":"https:\/\/edublog.educastur.es\/ixuxu\/wp-json\/wp\/v2\/comments?post=60242"}],"version-history":[{"count":1,"href":"https:\/\/edublog.educastur.es\/ixuxu\/wp-json\/wp\/v2\/posts\/60242\/revisions"}],"predecessor-version":[{"id":60243,"href":"https:\/\/edublog.educastur.es\/ixuxu\/wp-json\/wp\/v2\/posts\/60242\/revisions\/60243"}],"wp:attachment":[{"href":"https:\/\/edublog.educastur.es\/ixuxu\/wp-json\/wp\/v2\/media?parent=60242"}],"wp:term":[{"taxonomy":"category","embeddable":true,"href":"https:\/\/edublog.educastur.es\/ixuxu\/wp-json\/wp\/v2\/categories?post=60242"},{"taxonomy":"post_tag","embeddable":true,"href":"https:\/\/edublog.educastur.es\/ixuxu\/wp-json\/wp\/v2\/tags?post=60242"}],"curies":[{"name":"wp","href":"https:\/\/api.w.org\/{rel}","templated":true}]}}