{"id":60252,"date":"2025-10-23T20:00:10","date_gmt":"2025-10-23T18:00:10","guid":{"rendered":"https:\/\/edublog.educastur.es\/ixuxu\/?p=60252"},"modified":"2025-10-25T22:08:47","modified_gmt":"2025-10-25T20:08:47","slug":"serena-williams-posa-nel-reconquista-enantes-de-recibir-el-premiu-princesa-de-los-deportes","status":"publish","type":"post","link":"https:\/\/edublog.educastur.es\/ixuxu\/2025\/10\/serena-williams-posa-nel-reconquista-enantes-de-recibir-el-premiu-princesa-de-los-deportes\/","title":{"rendered":"Serena Williams posa nel Reconquista enantes de recibir el Premiu Princesa de los Deportes"},"content":{"rendered":"<p style=\"text-align: center\"><a href=\"https:\/\/www.rtpa.es\/fotos\/\/25\/10\/20251023203209_RTPA7260379.webp\"><img loading=\"lazy\" decoding=\"async\" class=\"aligncenter size-large\" src=\"https:\/\/www.rtpa.es\/fotos\/\/25\/10\/20251023203209_RTPA7260379.webp\" width=\"853\" height=\"480\" \/><\/a><\/p>\n<p class=\"font-size-m padding-b-20 font-weight-b margin-t-16\">La lleenda del tenis atrevi\u00f3se a baillar al son de la gaita y el tambor. <a href=\"https:\/\/www.revistavanityfair.es\/articulos\/serena-williams-confiesa-odio-hermana-tenis\">Vaniti F <\/a>Williams, ovacionada n&#8217;Uvi\u00e9u: confiesa ser fan de Carlos Alcaraz y tener un perru llam\u00e1u Rafa Nada.<\/p>\n<p><!--more--><\/p>\n<p style=\"text-align: center\">\n<!-- iframe plugin v.6.0 wordpress.org\/plugins\/iframe\/ -->\n<iframe loading=\"lazy\" src=\"https:\/\/www.facebook.com\/plugins\/post.php?href=https%3A%2F%2Fwww.facebook.com%2Fphoto.php%3Ffbid%3D1243523324487416%26set%3Da.1243530111153404%26type%3D3&#038;show_text=false&#038;width=500\" width=\"500\" height=\"771\" style=\"border:none;overflow:hidden\" scrolling=\"no\" frameborder=\"0\" allowfullscreen=\"true\" allow=\"autoplay; clipboard-write; encrypted-media; picture-in-picture; web-share\" 0=\"\/iframe\" class=\"iframe-class\"><\/iframe>\n<\/p>\n<p>&nbsp;<\/p>\n<p style=\"text-align: center\">\n<!-- iframe plugin v.6.0 wordpress.org\/plugins\/iframe\/ -->\n<iframe loading=\"lazy\" src=\"https:\/\/www.facebook.com\/plugins\/video.php?height=315&#038;href=https%3A%2F%2Fwww.facebook.com%2Freel%2F790198043888266%2F&#038;show_text=false&#038;width=560&#038;t=0\" width=\"560\" height=\"315\" style=\"border:none;overflow:hidden\" scrolling=\"no\" frameborder=\"0\" allowfullscreen=\"true\" allow=\"autoplay; clipboard-write; encrypted-media; picture-in-picture; web-share\" 0=\"\/iframe\" class=\"iframe-class\"><\/iframe>\n<\/p>\n<p>Serena Williams foi la gran protagonista del d\u00eda de g\u00fcei nel Hotel de la Reconquista. La tenista pos\u00f3 \u00e9nte los medios de comunicaci\u00f3n enantes de dar la so rueda de prensa n&#8217;Uvi\u00e9u.<\/p>\n<p>Mui sorriente, Williams salud\u00f3 al p\u00fablicu allug\u00e1u a la entrada del hotel y quixo fotografiase cola Banda de Gaites El Gumial, del conceyu d&#8217;Ayer. Inclusive s&#8217;atrevi\u00f3 a baillar al son de la gaita y el tambor.<\/p>\n<p>Con Serena Williams ci\u00e9rrense los posaos de los premiaos d&#8217;angua\u00f1o. Hai muncha espectaci\u00f3n sobre la lleenda del tenis.<\/p>\n<p style=\"text-align: center\">\n<!-- iframe plugin v.6.0 wordpress.org\/plugins\/iframe\/ -->\n<iframe loading=\"lazy\" src=\"https:\/\/www.facebook.com\/plugins\/video.php?height=476&#038;href=https%3A%2F%2Fwww.facebook.com%2Freel%2F1086087060268705%2F&#038;show_text=false&#038;width=476&#038;t=0\" width=\"476\" height=\"476\" style=\"border:none;overflow:hidden\" scrolling=\"no\" frameborder=\"0\" allowfullscreen=\"true\" allow=\"autoplay; clipboard-write; encrypted-media; picture-in-picture; web-share\" 0=\"\/iframe\" class=\"iframe-class\"><\/iframe>\n<\/p>\n<p style=\"text-align: center\"><a href=\"https:\/\/media.revistavanityfair.es\/photos\/68fa6a7c88ab4148246c545f\/16:9\/w_1920,c_limit\/serena.jpg\"><img loading=\"lazy\" decoding=\"async\" class=\"aligncenter size-large\" src=\"https:\/\/media.revistavanityfair.es\/photos\/68fa6a7c88ab4148246c545f\/16:9\/w_1920,c_limit\/serena.jpg\" width=\"1920\" height=\"1080\" \/><\/a><\/p>\n","protected":false},"excerpt":{"rendered":"<p>La lleenda del tenis atrevi\u00f3se a baillar al son de la gaita y el tambor. Vaniti F Williams, ovacionada n&#8217;Uvi\u00e9u: confiesa ser fan de Carlos Alcaraz y tener un perru llam\u00e1u Rafa Nada.<\/p>\n","protected":false},"author":117,"featured_media":0,"comment_status":"closed","ping_status":"open","sticky":false,"template":"","format":"standard","meta":{"footnotes":""},"categories":[133,28],"tags":[],"class_list":["post-60252","post","type-post","status-publish","format-standard","hentry","category-deportes","category-premios-princesa-da"],"_links":{"self":[{"href":"https:\/\/edublog.educastur.es\/ixuxu\/wp-json\/wp\/v2\/posts\/60252","targetHints":{"allow":["GET"]}}],"collection":[{"href":"https:\/\/edublog.educastur.es\/ixuxu\/wp-json\/wp\/v2\/posts"}],"about":[{"href":"https:\/\/edublog.educastur.es\/ixuxu\/wp-json\/wp\/v2\/types\/post"}],"author":[{"embeddable":true,"href":"https:\/\/edublog.educastur.es\/ixuxu\/wp-json\/wp\/v2\/users\/117"}],"replies":[{"embeddable":true,"href":"https:\/\/edublog.educastur.es\/ixuxu\/wp-json\/wp\/v2\/comments?post=60252"}],"version-history":[{"count":5,"href":"https:\/\/edublog.educastur.es\/ixuxu\/wp-json\/wp\/v2\/posts\/60252\/revisions"}],"predecessor-version":[{"id":60396,"href":"https:\/\/edublog.educastur.es\/ixuxu\/wp-json\/wp\/v2\/posts\/60252\/revisions\/60396"}],"wp:attachment":[{"href":"https:\/\/edublog.educastur.es\/ixuxu\/wp-json\/wp\/v2\/media?parent=60252"}],"wp:term":[{"taxonomy":"category","embeddable":true,"href":"https:\/\/edublog.educastur.es\/ixuxu\/wp-json\/wp\/v2\/categories?post=60252"},{"taxonomy":"post_tag","embeddable":true,"href":"https:\/\/edublog.educastur.es\/ixuxu\/wp-json\/wp\/v2\/tags?post=60252"}],"curies":[{"name":"wp","href":"https:\/\/api.w.org\/{rel}","templated":true}]}}