{"id":60270,"date":"2025-10-25T14:00:07","date_gmt":"2025-10-25T12:00:07","guid":{"rendered":"https:\/\/edublog.educastur.es\/ixuxu\/?p=60270"},"modified":"2025-10-25T19:30:54","modified_gmt":"2025-10-25T17:30:54","slug":"mediu-rural-llibera-a-la-osezna-alba-nun-habitat-fayadizu-pal-so-desenvolvimientu","status":"publish","type":"post","link":"https:\/\/edublog.educastur.es\/ixuxu\/2025\/10\/mediu-rural-llibera-a-la-osezna-alba-nun-habitat-fayadizu-pal-so-desenvolvimientu\/","title":{"rendered":"Mediu Rural llibera a la osezna Alba nun h\u00e1bitat fayadizu pal so desenvolvimientu"},"content":{"rendered":"<p><a href=\"https:\/\/actualidad.asturias.es\/-\/medio-rural-libera-a-la-osezna-alba-en-un-h%C3%A1bitat-adecuado-para-su-desarrollo-tras-completar-su-periodo-de-aclimataci%C3%B3n?redirect=%2Fnoticias\">Actualid\u00e1<\/a> \/<a href=\"https:\/\/actualidad.asturias.es\/documents\/533407\/0\/2025_10_25+Liberacion+osezna+Alba.mp4\/5c33963c-1466-28f4-8892-9ba93a5eb556?t=1761381915314\"> Videu<\/a> \/ Mediu Rural llibera a la osezna Alba nun h\u00e1bitat fayadizu pal so desenvolvimientu en completando&#8217;l so periodu d&#8217;aclimataci\u00f3n. L&#8217;animal, rescat\u00e1u por Axentes del Mediu Natural en Teberga n&#8217;abril, pas\u00f3 seis meses de recuperaci\u00f3n nos centros de Villaescusa, en Cantabria, y Valsemana, en Lli\u00f3n.<\/p>\n<p style=\"text-align: center\"><a href=\"https:\/\/static.eldiario.es\/clip\/5ab19aa5-dfd9-4cce-bed1-cceb01cee63e_16-9-discover-aspect-ratio_default_0.webp\"><img loading=\"lazy\" decoding=\"async\" class=\"aligncenter size-large\" src=\"https:\/\/static.eldiario.es\/clip\/5ab19aa5-dfd9-4cce-bed1-cceb01cee63e_16-9-discover-aspect-ratio_default_0.webp\" width=\"1200\" height=\"675\" \/><\/a><\/p>\n<p><!--more--><\/p>\n<p>La Conseyer\u00eda de Mediu Rural y Pol\u00edtica Agraria<strong> lliber\u00f3 g\u00fcei a la cr\u00eda d&#8217;osu pardu cant\u00e1bricu Alba nun h\u00e1bitat aparente pal so desenvolvimientu: una zona pocu poblada y con abondosu alimentu<\/strong>. L&#8217;esbardo, de 36 quilos, presenta condiciones favorables pa la so reintroducci\u00f3n nel mediu natural, tres seis meses de recuperaci\u00f3n, primero nun centru de Cantabria y, darr\u00e9u, n&#8217;otru na provincia de Lli\u00f3n.<\/p>\n<p>Los axentes del Mediu Natural rescataron a la osezna en Teberga&#8217;l pas\u00e1u mes d&#8217;abril, en constatando que nun ten\u00eda posibilid\u00e1 de realcontrase cola so madre en condiciones de segurid\u00e1. Bautizada como Alba, el so afayu enm\u00e1rcase nel <strong>programa de siguimientu d&#8217;oses con cr\u00eda que realiza&#8217;l Princip\u00e1u.<\/strong><\/p>\n<p style=\"text-align: center\">\n<!-- iframe plugin v.6.0 wordpress.org\/plugins\/iframe\/ -->\n<iframe loading=\"lazy\" src=\"https:\/\/www.facebook.com\/plugins\/video.php?height=315&#038;href=https%3A%2F%2Fwww.facebook.com%2Freel%2F1556529498681143%2F&#038;show_text=false&#038;width=560&#038;t=0\" width=\"560\" height=\"315\" style=\"border:none;overflow:hidden\" scrolling=\"no\" frameborder=\"0\" allowfullscreen=\"true\" allow=\"autoplay; clipboard-write; encrypted-media; picture-in-picture; web-share\" 0=\"\/iframe\" class=\"iframe-class\"><\/iframe>\n<\/p>\n<p>Tres una primer revisi\u00f3n nuna cl\u00ednica veterinaria d&#8217;Uvi\u00e9u, na que s<strong>e constat\u00f3 l&#8217;ausencia de fer\u00edes o patolox\u00edes, l&#8217;animal, de 2,1 quilos de pesu,<\/strong> foi tresllad\u00e1u al Centru de Recuperaci\u00f3n de Fauna Montesa de Villaescusa, xestion\u00e1u pola Conseyer\u00eda de Desenvolvimientu Rural, Ganader\u00eda, Pesca, Alimentaci\u00f3n y Mediu Ambiente del Gobiernu de Cantabria.<\/p>\n<p>Tr\u00e9s meses dempu\u00e9s, el 24 de xunetu, Alba lleg\u00f3 a la cortil d&#8217;aclimataci\u00f3n d&#8217;osos pardos allug\u00e1u nel monte de Valsemana, en Lli\u00f3n. Nesi equipamientu, dependiente de la Conseyer\u00eda de Mediu Ambiente, Vivienda y Ordenaci\u00f3n del Territoriu de la Xunta de Castiella y Lli\u00f3n, permaneci\u00f3 tr\u00e9s meses, hasta completar la so aclimataci\u00f3n al mediu natural. Nesti periodu, <strong>la osezna aprendi\u00f3 a desenvolver les sos capacidaes de supervivencia, xixilada en tou momentu por c\u00e1mares de siguimientu.<\/strong><\/p>\n<p style=\"text-align: center\"><a href=\"https:\/\/www.rtpa.es\/fotos\/\/25\/04\/20250415143231_RTPA6472306.webp\"><img loading=\"lazy\" decoding=\"async\" class=\"aligncenter \" src=\"https:\/\/www.rtpa.es\/fotos\/\/25\/04\/20250415143231_RTPA6472306.webp\" width=\"666\" height=\"375\" \/><\/a><\/p>\n<p>Estes actuaciones llevarense a cabu de manera coordinada ente les tr\u00e9s alministraciones auton\u00f3miques, que trabayen conxuntamente pol bienestar d&#8217;estos animales.<\/p>\n<p>Am\u00e1s, el Gobiernu d&#8217;Asturies estima la collaboraci\u00f3n d&#8217;organismos como la Fundaci\u00f3n Oso Pardo, la Fundaci\u00f3n Oso Asturies, el Conseyu d&#8217;Investigaciones Cient\u00edfiques (CSIC), el Ministeriu pa la Transici\u00f3n Ecol\u00f3xica y el Retu Demogr\u00e1ficu, el Serviciu d&#8217;Emerxencies del Princip\u00e1u (Sepa) y los Axentes del Mediu Natural, qu&#8217;en tol procesu formaron parte del operativu coles mires de facilitar el bienestar del animal.<\/p>\n<p style=\"text-align: center\"><a href=\"https:\/\/estaticos-cdn.prensaiberica.es\/clip\/0be79d83-3d81-49c8-b149-da1f1925673e_portada-ep-libre-aspect-ratio_default_0.jpg\"><img loading=\"lazy\" decoding=\"async\" class=\"aligncenter size-large\" src=\"https:\/\/estaticos-cdn.prensaiberica.es\/clip\/0be79d83-3d81-49c8-b149-da1f1925673e_portada-ep-libre-aspect-ratio_default_0.jpg\" width=\"388\" height=\"181\" \/><\/a><\/p>\n<p><strong>Con Alba y\u00e1 son seis los esbardos que&#8217;l Princip\u00e1u lliber\u00f3 desque en 2019 empezaren a utilizase les instalaciones d&#8217;aclimataci\u00f3n<\/strong>, que s&#8217;afixeron pa poder allugar exemplares d&#8217;osu pardu en semilibert\u00e1, mientres la fase previa a la so lliberaci\u00f3n. La primera foi Saba, en 2019, que darr\u00e9u llogr\u00f3 reproducise en llibert\u00e1. Sigui\u00e9ronlu \u00c9ndriga, en 2020, y dos a\u00f1os dempu\u00e9s Mart\u00edn, procedente de la localid\u00e1 lleonesa de San Mart\u00edn del Moru Toledanu. En 2024, Cova, otra osezna asturiana, y l&#8217;esbardo lleon\u00e9s Barniedo, tami\u00e9n s&#8217;aclimataron en Valsemana.<\/p>\n<p style=\"text-align: center\"><a href=\"https:\/\/sorianoticias.com\/e-img\/th600\/WhatsApp+Image+2025-10-24+at+18-16-55_251025151704.jpeg\"><img loading=\"lazy\" decoding=\"async\" class=\"aligncenter size-large\" src=\"https:\/\/sorianoticias.com\/e-img\/th600\/WhatsApp+Image+2025-10-24+at+18-16-55_251025151704.jpeg\" width=\"714\" height=\"536\" \/><\/a><\/p>\n","protected":false},"excerpt":{"rendered":"<p>Actualid\u00e1 \/ Videu \/ Mediu Rural llibera a la osezna Alba nun h\u00e1bitat fayadizu pal so desenvolvimientu en completando&#8217;l so periodu d&#8217;aclimataci\u00f3n. L&#8217;animal, rescat\u00e1u por Axentes del Mediu Natural en Teberga n&#8217;abril, pas\u00f3 seis meses de recuperaci\u00f3n nos centros de Villaescusa, en Cantabria, y Valsemana, en Lli\u00f3n.<\/p>\n","protected":false},"author":117,"featured_media":0,"comment_status":"closed","ping_status":"open","sticky":false,"template":"","format":"standard","meta":{"footnotes":""},"categories":[1],"tags":[],"class_list":["post-60270","post","type-post","status-publish","format-standard","hentry","category-sin-categoria"],"_links":{"self":[{"href":"https:\/\/edublog.educastur.es\/ixuxu\/wp-json\/wp\/v2\/posts\/60270","targetHints":{"allow":["GET"]}}],"collection":[{"href":"https:\/\/edublog.educastur.es\/ixuxu\/wp-json\/wp\/v2\/posts"}],"about":[{"href":"https:\/\/edublog.educastur.es\/ixuxu\/wp-json\/wp\/v2\/types\/post"}],"author":[{"embeddable":true,"href":"https:\/\/edublog.educastur.es\/ixuxu\/wp-json\/wp\/v2\/users\/117"}],"replies":[{"embeddable":true,"href":"https:\/\/edublog.educastur.es\/ixuxu\/wp-json\/wp\/v2\/comments?post=60270"}],"version-history":[{"count":5,"href":"https:\/\/edublog.educastur.es\/ixuxu\/wp-json\/wp\/v2\/posts\/60270\/revisions"}],"predecessor-version":[{"id":60277,"href":"https:\/\/edublog.educastur.es\/ixuxu\/wp-json\/wp\/v2\/posts\/60270\/revisions\/60277"}],"wp:attachment":[{"href":"https:\/\/edublog.educastur.es\/ixuxu\/wp-json\/wp\/v2\/media?parent=60270"}],"wp:term":[{"taxonomy":"category","embeddable":true,"href":"https:\/\/edublog.educastur.es\/ixuxu\/wp-json\/wp\/v2\/categories?post=60270"},{"taxonomy":"post_tag","embeddable":true,"href":"https:\/\/edublog.educastur.es\/ixuxu\/wp-json\/wp\/v2\/tags?post=60270"}],"curies":[{"name":"wp","href":"https:\/\/api.w.org\/{rel}","templated":true}]}}