{"id":60275,"date":"2025-10-25T12:30:56","date_gmt":"2025-10-25T10:30:56","guid":{"rendered":"https:\/\/edublog.educastur.es\/ixuxu\/?p=60275"},"modified":"2025-10-29T23:11:16","modified_gmt":"2025-10-29T21:11:16","slug":"valdesoto-ya-ye-pueblu-exemplar-dasturies","status":"publish","type":"post","link":"https:\/\/edublog.educastur.es\/ixuxu\/2025\/10\/valdesoto-ya-ye-pueblu-exemplar-dasturies\/","title":{"rendered":"Valdesoto y\u00e1 ye Pueblu Exemplar d&#8217;Asturies"},"content":{"rendered":"<p style=\"text-align: center\"><a href=\"https:\/\/s1.ppllstatics.com\/elcomercio\/www\/multimedia\/2025\/10\/25\/premio-pueblo-ejemplar-asturias-valdesoto-damian%20(8)-U2201790103151ap-RciHEJKzYIu4YggnCOy7vsL-1200x840@El%20Comercio.jpg\"><img loading=\"lazy\" decoding=\"async\" class=\"aligncenter size-large\" src=\"https:\/\/s1.ppllstatics.com\/elcomercio\/www\/multimedia\/2025\/10\/25\/premio-pueblo-ejemplar-asturias-valdesoto-damian%20(8)-U2201790103151ap-RciHEJKzYIu4YggnCOy7vsL-1200x840@El%20Comercio.jpg\" width=\"1200\" height=\"840\" \/><\/a><\/p>\n<p><strong>Leonor apurri\u00f3 esti s\u00e1badu&#8217;l Premiu al Pueblu Exemplar d&#8217;Asturies a Valdesoto.<\/strong> Y foi el so discursu&#8217;l que cerr\u00f3 l&#8217;actu y per primer vegada ensin que tomara la palabra&#8217;l Rei. Emponder\u00f3&#8217;l trabayu de los vecinos d&#8217;esta localid\u00e1 sierense yf\u00edzolo poniendo l&#8217;acentu en \u00abel cuidu y el fomentu de les vueses costumes\u00bb qu&#8217;afalen de la qu&#8217;afit\u00e1is nun presente que mira llue\u00f1e\u00bb. <a href=\"https:\/\/www.elcomercio.es\/premios-princesa\/pueblo-ejemplar\/fotos-pueblo-ejemplar-asturias-valdesoto-familia-real-20251025133730-ga.html\">Semeyes El Comercio<\/a> \/ <a href=\"https:\/\/www.lne.es\/fotos\/premios-princesa\/2025\/10\/25\/imagenes-visita-familia-real-valdesoto-123011359.html#foto=1\">semeyes LNE<\/a> \/ <a href=\"https:\/\/www.rtpa.es\/noticias-sociedad\/2025-10-25\/Valdesoto-conquista-a-la-Familia-Real-con-sus-Sidros,-Comedies-y-su-cultura-viva_111761385866.html?fbclid=IwY2xjawNp-rRleHRuA2FlbQIxMQABHtHqHMrb52FJUnz5dBpEbYNL7qHALuhUkzCINy441vOkzCjP05P_7-Nv563m_aem_ETyJsvFg1YTjaEu9csaF0w\">RTPA<\/a> \/<\/p>\n<p style=\"text-align: center\"><a href=\"https:\/\/s2.ppllstatics.com\/elcomercio\/www\/multimedia\/2025\/10\/25\/valdesoto-entrega-premio%20(14).jpg\"><img loading=\"lazy\" decoding=\"async\" class=\"aligncenter size-large\" src=\"https:\/\/s2.ppllstatics.com\/elcomercio\/www\/multimedia\/2025\/10\/25\/valdesoto-entrega-premio%20(14).jpg\" width=\"1920\" height=\"1280\" \/><\/a><\/p>\n<p><!--more--><\/p>\n<p style=\"text-align: center\">\n<!-- iframe plugin v.6.0 wordpress.org\/plugins\/iframe\/ -->\n<iframe loading=\"lazy\" src=\"https:\/\/www.facebook.com\/plugins\/video.php?height=314&#038;href=https%3A%2F%2Fwww.facebook.com%2Freel%2F1154597656148190%2F&#038;show_text=false&#038;width=560&#038;t=0\" width=\"560\" height=\"314\" style=\"border:none;overflow:hidden\" scrolling=\"no\" frameborder=\"0\" allowfullscreen=\"true\" allow=\"autoplay; clipboard-write; encrypted-media; picture-in-picture; web-share\" 0=\"\/iframe\" class=\"iframe-class\"><\/iframe>\n<\/p>\n<p style=\"text-align: center\"><a href=\"https:\/\/estaticos-cdn.prensaiberica.es\/clip\/6ee41c30-b273-49be-aed5-362093429cce_source-aspect-ratio_default_0.jpg\"><img loading=\"lazy\" decoding=\"async\" class=\"aligncenter size-large\" src=\"https:\/\/estaticos-cdn.prensaiberica.es\/clip\/6ee41c30-b273-49be-aed5-362093429cce_source-aspect-ratio_default_0.jpg\" width=\"2000\" height=\"1333\" \/><\/a><\/p>\n<p>\u00abValdesoto ta llenu de vida, \u00a1salta a la vista! Y como diz enforma Manol\u00edn Hevia,<strong> \u00a1Valdesoto ye un pueblu afayadizu!<\/strong> Vamos, que tamos bien a gustu equ\u00ed. Gracies por acoyenos y por faer d&#8217;esti d\u00eda una alcordanza preciosa\u00bb, concluy\u00f3.<\/p>\n<p style=\"text-align: center\"><a href=\"https:\/\/s1.ppllstatics.com\/elcomercio\/www\/multimedia\/2025\/10\/25\/fotos-valdesoto-pueblo-ejemplar%20(56).jpg\"><img loading=\"lazy\" decoding=\"async\" class=\"aligncenter size-large\" src=\"https:\/\/s1.ppllstatics.com\/elcomercio\/www\/multimedia\/2025\/10\/25\/fotos-valdesoto-pueblo-ejemplar%20(56).jpg\" width=\"1920\" height=\"1280\" \/><\/a><\/p>\n<p style=\"text-align: center\"><a href=\"https:\/\/estaticos-cdn.prensaiberica.es\/clip\/471bbd59-bc3d-428c-89a3-cccb53d1e2cb_source-aspect-ratio_default_0.jpg\"><img loading=\"lazy\" decoding=\"async\" class=\"aligncenter size-large\" src=\"https:\/\/estaticos-cdn.prensaiberica.es\/clip\/471bbd59-bc3d-428c-89a3-cccb53d1e2cb_source-aspect-ratio_default_0.jpg\" width=\"2000\" height=\"1333\" \/><\/a><\/p>\n<p>Hubo rises y aplausos y la Banda de Gaites el Gumial enton\u00f3 l&#8217;Asturies patria quer\u00eda con tolos presentes cant\u00e1ndola.<\/p>\n<p style=\"text-align: center\"><a href=\"https:\/\/s1.ppllstatics.com\/elcomercio\/www\/multimedia\/2025\/10\/25\/pueblo-ejemplar-asturias-valdesoto-reyes-princesa-damian%20(5).jpg\"><img loading=\"lazy\" decoding=\"async\" class=\"aligncenter size-large\" src=\"https:\/\/s1.ppllstatics.com\/elcomercio\/www\/multimedia\/2025\/10\/25\/pueblo-ejemplar-asturias-valdesoto-reyes-princesa-damian%20(5).jpg\" width=\"1620\" height=\"1080\" \/><\/a><\/p>\n<p style=\"text-align: center\">\n<!-- iframe plugin v.6.0 wordpress.org\/plugins\/iframe\/ -->\n<iframe loading=\"lazy\" src=\"https:\/\/www.facebook.com\/plugins\/video.php?height=314&#038;href=https%3A%2F%2Fwww.facebook.com%2Freel%2F774999588872227%2F&#038;show_text=false&#038;width=560&#038;t=0\" width=\"560\" height=\"314\" style=\"border:none;overflow:hidden\" scrolling=\"no\" frameborder=\"0\" allowfullscreen=\"true\" allow=\"autoplay; clipboard-write; encrypted-media; picture-in-picture; web-share\" 0=\"\/iframe\" class=\"iframe-class\"><\/iframe>\n<\/p>\n<p style=\"text-align: center\"><a href=\"https:\/\/s3.ppllstatics.com\/elcomercio\/www\/multimedia\/2025\/10\/25\/fotos-valdesoto-pueblo-ejemplar%20(39).jpg\"><img loading=\"lazy\" decoding=\"async\" class=\"aligncenter \" src=\"https:\/\/s3.ppllstatics.com\/elcomercio\/www\/multimedia\/2025\/10\/25\/fotos-valdesoto-pueblo-ejemplar%20(39).jpg\" width=\"571\" height=\"857\" \/><\/a><\/p>\n<p style=\"text-align: center\"><a href=\"https:\/\/estaticos-cdn.prensaiberica.es\/clip\/70f47148-1144-48c6-9174-27e1ce2b4e38_source-aspect-ratio_default_0.jpg\"><img loading=\"lazy\" decoding=\"async\" class=\"aligncenter size-large\" src=\"https:\/\/estaticos-cdn.prensaiberica.es\/clip\/70f47148-1144-48c6-9174-27e1ce2b4e38_source-aspect-ratio_default_0.jpg\" width=\"2000\" height=\"1333\" \/><\/a><\/p>\n<p style=\"text-align: center\"><a href=\"https:\/\/s1.ppllstatics.com\/elcomercio\/www\/multimedia\/2025\/10\/25\/premio-pueblo-ejemplar-asturias-valdesoto-damian%20(5).jpg\"><img loading=\"lazy\" decoding=\"async\" class=\"aligncenter size-large\" src=\"https:\/\/s1.ppllstatics.com\/elcomercio\/www\/multimedia\/2025\/10\/25\/premio-pueblo-ejemplar-asturias-valdesoto-damian%20(5).jpg\" width=\"1316\" height=\"877\" \/><\/a><\/p>\n<p style=\"text-align: center\"><a href=\"https:\/\/s3.ppllstatics.com\/elcomercio\/www\/multimedia\/2025\/10\/25\/valdesoto-entrega-premio%20(4).jpg\"><img loading=\"lazy\" decoding=\"async\" class=\"aligncenter size-large\" src=\"https:\/\/s3.ppllstatics.com\/elcomercio\/www\/multimedia\/2025\/10\/25\/valdesoto-entrega-premio%20(4).jpg\" width=\"1920\" height=\"1280\" \/><\/a><\/p>\n<p style=\"text-align: center\"><a href=\"https:\/\/s2.ppllstatics.com\/elcomercio\/www\/multimedia\/2025\/10\/25\/fotos-valdesoto-pueblo-ejemplar%20(40).jpg\"><img loading=\"lazy\" decoding=\"async\" class=\"aligncenter size-large\" src=\"https:\/\/s2.ppllstatics.com\/elcomercio\/www\/multimedia\/2025\/10\/25\/fotos-valdesoto-pueblo-ejemplar%20(40).jpg\" width=\"1920\" height=\"1280\" \/><\/a><\/p>\n<p style=\"text-align: center\"><a href=\"https:\/\/s3.ppllstatics.com\/elcomercio\/www\/multimedia\/2025\/10\/25\/fotos-valdesoto-pueblo-ejemplar%20(15).jpg\"><img loading=\"lazy\" decoding=\"async\" class=\"aligncenter size-large\" src=\"https:\/\/s3.ppllstatics.com\/elcomercio\/www\/multimedia\/2025\/10\/25\/fotos-valdesoto-pueblo-ejemplar%20(15).jpg\" width=\"1920\" height=\"1280\" \/><\/a><\/p>\n<p style=\"text-align: center\"><a href=\"https:\/\/s2.ppllstatics.com\/elcomercio\/www\/multimedia\/2025\/10\/25\/fotos-valdesoto-pueblo-ejemplar%20(38).jpg\"><img loading=\"lazy\" decoding=\"async\" class=\"aligncenter size-large\" src=\"https:\/\/s2.ppllstatics.com\/elcomercio\/www\/multimedia\/2025\/10\/25\/fotos-valdesoto-pueblo-ejemplar%20(38).jpg\" width=\"1920\" height=\"1280\" \/><\/a><\/p>\n<p style=\"text-align: center\"><a href=\"https:\/\/s2.ppllstatics.com\/elcomercio\/www\/multimedia\/2025\/10\/25\/pueblo-ejemplar-asturias-valdesoto-reyes-princesa%20(9).jpg\"><img loading=\"lazy\" decoding=\"async\" class=\"aligncenter size-large\" src=\"https:\/\/s2.ppllstatics.com\/elcomercio\/www\/multimedia\/2025\/10\/25\/pueblo-ejemplar-asturias-valdesoto-reyes-princesa%20(9).jpg\" width=\"1620\" height=\"1080\" \/><\/a><\/p>\n<p style=\"text-align: center\"><a href=\"https:\/\/s3.ppllstatics.com\/elcomercio\/www\/multimedia\/2025\/10\/25\/pueblo-ejemplar-asturias-valdesoto-reyes-princesa-damian%20(15).jpg\"><img loading=\"lazy\" decoding=\"async\" class=\"aligncenter size-large\" src=\"https:\/\/s3.ppllstatics.com\/elcomercio\/www\/multimedia\/2025\/10\/25\/pueblo-ejemplar-asturias-valdesoto-reyes-princesa-damian%20(15).jpg\" width=\"1600\" height=\"1066\" \/><\/a><\/p>\n<p style=\"text-align: center\"><a href=\"https:\/\/s1.ppllstatics.com\/elcomercio\/www\/multimedia\/2025\/10\/25\/pueblo-ejemplar-asturias-valdesoto-reyes-princesa-damian%20(17).jpg\"><img loading=\"lazy\" decoding=\"async\" class=\"aligncenter size-large\" src=\"https:\/\/s1.ppllstatics.com\/elcomercio\/www\/multimedia\/2025\/10\/25\/pueblo-ejemplar-asturias-valdesoto-reyes-princesa-damian%20(17).jpg\" width=\"1620\" height=\"1080\" \/><\/a><\/p>\n<p style=\"text-align: center\"><a href=\"https:\/\/s2.ppllstatics.com\/elcomercio\/www\/multimedia\/2025\/10\/25\/fotos-valdesoto-pueblo-ejemplar%20(21).jpg\"><img loading=\"lazy\" decoding=\"async\" class=\"aligncenter size-large\" src=\"https:\/\/s2.ppllstatics.com\/elcomercio\/www\/multimedia\/2025\/10\/25\/fotos-valdesoto-pueblo-ejemplar%20(21).jpg\" width=\"1920\" height=\"1280\" \/><\/a><\/p>\n<p style=\"text-align: center\"><a href=\"https:\/\/estaticos-cdn.prensaiberica.es\/clip\/7f529ae2-3385-420b-a0df-6ff5a2660442_source-aspect-ratio_default_0.jpg\"><img loading=\"lazy\" decoding=\"async\" class=\"aligncenter size-large\" src=\"https:\/\/estaticos-cdn.prensaiberica.es\/clip\/7f529ae2-3385-420b-a0df-6ff5a2660442_source-aspect-ratio_default_0.jpg\" width=\"2000\" height=\"1333\" \/><\/a><\/p>\n<p style=\"text-align: center\"><a href=\"https:\/\/s3.ppllstatics.com\/elcomercio\/www\/multimedia\/2025\/10\/25\/pueblo-ejemplar-asturias-valdesoto-reyes-princesa-damian%20(16).jpg\"><img loading=\"lazy\" decoding=\"async\" class=\"aligncenter size-large\" src=\"https:\/\/s3.ppllstatics.com\/elcomercio\/www\/multimedia\/2025\/10\/25\/pueblo-ejemplar-asturias-valdesoto-reyes-princesa-damian%20(16).jpg\" width=\"1620\" height=\"1080\" \/><\/a><\/p>\n<p style=\"text-align: center\"><a href=\"https:\/\/s2.ppllstatics.com\/elcomercio\/www\/multimedia\/2025\/10\/25\/pueblo-ejemplar-asturias-valdesoto-reyes-princesa-damian%20(11).jpg\"><img loading=\"lazy\" decoding=\"async\" class=\"aligncenter size-large\" src=\"https:\/\/s2.ppllstatics.com\/elcomercio\/www\/multimedia\/2025\/10\/25\/pueblo-ejemplar-asturias-valdesoto-reyes-princesa-damian%20(11).jpg\" width=\"1620\" height=\"1080\" \/><\/a><\/p>\n<p>&nbsp;<\/p>\n<p style=\"text-align: center\"><a href=\"https:\/\/s3.ppllstatics.com\/elcomercio\/www\/multimedia\/2025\/10\/25\/premio-ejemplar-valdesoto-familia-real%20(13).jpg\"><img loading=\"lazy\" decoding=\"async\" class=\"aligncenter size-large\" src=\"https:\/\/s3.ppllstatics.com\/elcomercio\/www\/multimedia\/2025\/10\/25\/premio-ejemplar-valdesoto-familia-real%20(13).jpg\" width=\"1920\" height=\"1280\" \/><\/a><\/p>\n<p style=\"text-align: center\"><a href=\"https:\/\/s3.ppllstatics.com\/elcomercio\/www\/multimedia\/2025\/10\/25\/fotos-valdesoto-pueblo-ejemplar%20(6).jpg\"><img loading=\"lazy\" decoding=\"async\" class=\"aligncenter size-large\" src=\"https:\/\/s3.ppllstatics.com\/elcomercio\/www\/multimedia\/2025\/10\/25\/fotos-valdesoto-pueblo-ejemplar%20(6).jpg\" width=\"1920\" height=\"1280\" \/><\/a><\/p>\n<p style=\"text-align: center\"><a href=\"https:\/\/s2.ppllstatics.com\/elcomercio\/www\/multimedia\/2025\/10\/25\/fotos-valdesoto-pueblo-ejemplar%20(24).jpg\"><img loading=\"lazy\" decoding=\"async\" class=\"aligncenter size-large\" src=\"https:\/\/s2.ppllstatics.com\/elcomercio\/www\/multimedia\/2025\/10\/25\/fotos-valdesoto-pueblo-ejemplar%20(24).jpg\" width=\"1920\" height=\"1280\" \/><\/a><\/p>\n<p>&nbsp;<\/p>\n<p style=\"text-align: center\"><a href=\"https:\/\/estaticos-cdn.prensaiberica.es\/clip\/0842ed8c-68db-495f-bdd3-ada858710b82_source-aspect-ratio_default_0.jpg\"><img loading=\"lazy\" decoding=\"async\" class=\"aligncenter size-large\" src=\"https:\/\/estaticos-cdn.prensaiberica.es\/clip\/0842ed8c-68db-495f-bdd3-ada858710b82_source-aspect-ratio_default_0.jpg\" width=\"2000\" height=\"1333\" \/><\/a><\/p>\n<p style=\"text-align: center\"><a href=\"https:\/\/estaticos-cdn.prensaiberica.es\/clip\/39c1885c-23e0-4a8a-a632-ab64b408bb51_source-aspect-ratio_default_0.jpg\"><img loading=\"lazy\" decoding=\"async\" class=\"aligncenter size-large\" src=\"https:\/\/estaticos-cdn.prensaiberica.es\/clip\/39c1885c-23e0-4a8a-a632-ab64b408bb51_source-aspect-ratio_default_0.jpg\" width=\"2000\" height=\"1333\" \/><\/a><\/p>\n<p style=\"text-align: center\"><a href=\"https:\/\/estaticos-cdn.prensaiberica.es\/clip\/a6807101-b082-4cf0-824a-513bb7a7c856_source-aspect-ratio_default_0.jpg\"><img loading=\"lazy\" decoding=\"async\" class=\"aligncenter size-large\" src=\"https:\/\/estaticos-cdn.prensaiberica.es\/clip\/a6807101-b082-4cf0-824a-513bb7a7c856_source-aspect-ratio_default_0.jpg\" width=\"2000\" height=\"1333\" \/><\/a><\/p>\n<p style=\"text-align: center\"><a href=\"https:\/\/estaticos-cdn.prensaiberica.es\/clip\/421ce574-1347-4f46-bac0-f0e1599800b4_source-aspect-ratio_default_0.jpg\"><img loading=\"lazy\" decoding=\"async\" class=\"aligncenter size-large\" src=\"https:\/\/estaticos-cdn.prensaiberica.es\/clip\/421ce574-1347-4f46-bac0-f0e1599800b4_source-aspect-ratio_default_0.jpg\" width=\"2000\" height=\"1333\" \/><\/a><\/p>\n<p>Hai que felicitar al pueblu de <span class=\"html-span xdj266r x14z9mp xat24cr x1lziwak xexx8yu xyri2b x18d9i69 x1c1uobl x1hl2dhg x16tdsg8 x1vvkbs\"><a class=\"x1i10hfl xjbqb8w x1ejq31n x18oe1m7 x1sy0etr xstzfhl x972fbf x10w94by x1qhh985 x14e42zd x9f619 x1ypdohk xt0psk2 x3ct3a4 xdj266r x14z9mp xat24cr x1lziwak xexx8yu xyri2b x18d9i69 x1c1uobl x16tdsg8 x1hl2dhg xggy1nq x1a2a7pz xkrqix3 x1sur9pj x1fey0fg x1s688f\" role=\"link\" href=\"https:\/\/www.facebook.com\/hashtag\/valdesoto?__eep__=6&amp;__cft__[0]=AZUfd-_DgesG46x_9zOVsbA5Cvrvj1nKeqL_XTOwNpVGZZ4yqH-_O9-z7QoFOXR1Qgu0JIiqkCNIx-JPG_7P5tOEoWjgcBMeS96n7pV7rRpUddT5TuEzrgHhK4JHQWS0BXe_ytMWwn6HzU85heo7wPk464RLsj4BB6lfOjr0SVmcTHTr_LUbAIquEUBfvXGMWypLoJ09b0-B_Ejt4-citZxX&amp;__tn__=*NK-y-R\">#Valdesoto<\/a><\/span> pola so exemplarid\u00e1 na defensa de l\u2019asturianu ayeri na entrega del premiu @fpa. Discursu n\u2019<span class=\"html-span xdj266r x14z9mp xat24cr x1lziwak xexx8yu xyri2b x18d9i69 x1c1uobl x1hl2dhg x16tdsg8 x1vvkbs\"><a class=\"x1i10hfl xjbqb8w x1ejq31n x18oe1m7 x1sy0etr xstzfhl x972fbf x10w94by x1qhh985 x14e42zd x9f619 x1ypdohk xt0psk2 x3ct3a4 xdj266r x14z9mp xat24cr x1lziwak xexx8yu xyri2b x18d9i69 x1c1uobl x16tdsg8 x1hl2dhg xggy1nq x1a2a7pz xkrqix3 x1sur9pj x1fey0fg x1s688f\" role=\"link\" href=\"https:\/\/www.facebook.com\/hashtag\/asturianu?__eep__=6&amp;__cft__[0]=AZUfd-_DgesG46x_9zOVsbA5Cvrvj1nKeqL_XTOwNpVGZZ4yqH-_O9-z7QoFOXR1Qgu0JIiqkCNIx-JPG_7P5tOEoWjgcBMeS96n7pV7rRpUddT5TuEzrgHhK4JHQWS0BXe_ytMWwn6HzU85heo7wPk464RLsj4BB6lfOjr0SVmcTHTr_LUbAIquEUBfvXGMWypLoJ09b0-B_Ejt4-citZxX&amp;__tn__=*NK-y-R\">#asturianu<\/a><\/span> del representante del pueblu, comedia nesta llingua y una reivindicaci\u00f3n nidia de la <span class=\"html-span xdj266r x14z9mp xat24cr x1lziwak xexx8yu xyri2b x18d9i69 x1c1uobl x1hl2dhg x16tdsg8 x1vvkbs\"><a class=\"x1i10hfl xjbqb8w x1ejq31n x18oe1m7 x1sy0etr xstzfhl x972fbf x10w94by x1qhh985 x14e42zd x9f619 x1ypdohk xt0psk2 x3ct3a4 xdj266r x14z9mp xat24cr x1lziwak xexx8yu xyri2b x18d9i69 x1c1uobl x16tdsg8 x1hl2dhg xggy1nq x1a2a7pz xkrqix3 x1sur9pj x1fey0fg x1s688f\" role=\"link\" href=\"https:\/\/www.facebook.com\/hashtag\/oficialid%C3%A1?__eep__=6&amp;__cft__[0]=AZUfd-_DgesG46x_9zOVsbA5Cvrvj1nKeqL_XTOwNpVGZZ4yqH-_O9-z7QoFOXR1Qgu0JIiqkCNIx-JPG_7P5tOEoWjgcBMeS96n7pV7rRpUddT5TuEzrgHhK4JHQWS0BXe_ytMWwn6HzU85heo7wPk464RLsj4BB6lfOjr0SVmcTHTr_LUbAIquEUBfvXGMWypLoJ09b0-B_Ejt4-citZxX&amp;__tn__=*NK-y-R\">#oficialid\u00e1<\/a><\/span> frente a la @CasaReal, que pod\u00e9is ver nel videu.<\/p>\n<p style=\"text-align: center\">\n<!-- iframe plugin v.6.0 wordpress.org\/plugins\/iframe\/ -->\n<iframe loading=\"lazy\" src=\"https:\/\/www.facebook.com\/plugins\/video.php?height=307&#038;href=https%3A%2F%2Fwww.facebook.com%2Freel%2F664456883164983%2F&#038;show_text=false&#038;width=560&#038;t=0\" width=\"560\" height=\"307\" style=\"border:none;overflow:hidden\" scrolling=\"no\" frameborder=\"0\" allowfullscreen=\"true\" allow=\"autoplay; clipboard-write; encrypted-media; picture-in-picture; web-share\" 0=\"\/iframe\" class=\"iframe-class\"><\/iframe>\n<\/p>\n<p>&nbsp;<\/p>\n<p style=\"text-align: center\">\n<!-- iframe plugin v.6.0 wordpress.org\/plugins\/iframe\/ -->\n<iframe loading=\"lazy\" src=\"https:\/\/www.facebook.com\/plugins\/video.php?height=314&#038;href=https%3A%2F%2Fwww.facebook.com%2FRTPAoficial%2Fvideos%2F713238834472128%2F&#038;show_text=false&#038;width=560&#038;t=0\" width=\"560\" height=\"314\" style=\"border:none;overflow:hidden\" scrolling=\"no\" frameborder=\"0\" allowfullscreen=\"true\" allow=\"autoplay; clipboard-write; encrypted-media; picture-in-picture; web-share\" 0=\"\/iframe\" class=\"iframe-class\"><\/iframe>\n<\/p>\n<p style=\"text-align: center\"><a href=\"https:\/\/s3.ppllstatics.com\/elcomercio\/www\/multimedia\/2025\/10\/25\/fotos-valdesoto-pueblo-ejemplar%20(52).jpg\"><img loading=\"lazy\" decoding=\"async\" class=\"aligncenter size-large\" src=\"https:\/\/s3.ppllstatics.com\/elcomercio\/www\/multimedia\/2025\/10\/25\/fotos-valdesoto-pueblo-ejemplar%20(52).jpg\" width=\"1920\" height=\"1280\" \/><\/a><\/p>\n<p style=\"text-align: center\">\n<!-- iframe plugin v.6.0 wordpress.org\/plugins\/iframe\/ -->\n<iframe loading=\"lazy\" src=\"https:\/\/www.facebook.com\/plugins\/video.php?height=314&#038;href=https%3A%2F%2Fwww.facebook.com%2Freel%2F819188814381152%2F&#038;show_text=false&#038;width=560&#038;t=0\" width=\"560\" height=\"314\" style=\"border:none;overflow:hidden\" scrolling=\"no\" frameborder=\"0\" allowfullscreen=\"true\" allow=\"autoplay; clipboard-write; encrypted-media; picture-in-picture; web-share\" 0=\"\/iframe\" class=\"iframe-class\"><\/iframe>\n<\/p>\n<p style=\"text-align: center\">\n<!-- iframe plugin v.6.0 wordpress.org\/plugins\/iframe\/ -->\n<iframe loading=\"lazy\" src=\"https:\/\/www.facebook.com\/plugins\/video.php?height=314&#038;href=https%3A%2F%2Fwww.facebook.com%2Freel%2F1187159179938590%2F&#038;show_text=false&#038;width=560&#038;t=0\" width=\"560\" height=\"314\" style=\"border:none;overflow:hidden\" scrolling=\"no\" frameborder=\"0\" allowfullscreen=\"true\" allow=\"autoplay; clipboard-write; encrypted-media; picture-in-picture; web-share\" 0=\"\/iframe\" class=\"iframe-class\"><\/iframe>\n<\/p>\n<p style=\"text-align: center\"><a href=\"https:\/\/estaticos-cdn.prensaiberica.es\/clip\/dc84c84a-5b31-40b4-aacc-d78fd77156e0_source-aspect-ratio_default_0.jpg\"><img loading=\"lazy\" decoding=\"async\" class=\"aligncenter size-large\" src=\"https:\/\/estaticos-cdn.prensaiberica.es\/clip\/dc84c84a-5b31-40b4-aacc-d78fd77156e0_source-aspect-ratio_default_0.jpg\" width=\"2000\" height=\"1333\" \/><\/a><\/p>\n<p>&nbsp;<\/p>\n<p style=\"text-align: center\"><a href=\"https:\/\/s3.ppllstatics.com\/elcomercio\/www\/multimedia\/2025\/10\/25\/fotos-valdesoto-pueblo-ejemplar%20(49).jpg\"><img loading=\"lazy\" decoding=\"async\" class=\"aligncenter size-large\" src=\"https:\/\/s3.ppllstatics.com\/elcomercio\/www\/multimedia\/2025\/10\/25\/fotos-valdesoto-pueblo-ejemplar%20(49).jpg\" width=\"1920\" height=\"1280\" \/><\/a><\/p>\n<p style=\"text-align: center\"><a href=\"https:\/\/estaticos-cdn.prensaiberica.es\/clip\/abc9b87b-e4bb-4b63-b87e-2c8d01830cfa_source-aspect-ratio_default_0.jpg\"><img loading=\"lazy\" decoding=\"async\" class=\"aligncenter size-large\" src=\"https:\/\/estaticos-cdn.prensaiberica.es\/clip\/abc9b87b-e4bb-4b63-b87e-2c8d01830cfa_source-aspect-ratio_default_0.jpg\" width=\"2000\" height=\"1334\" \/><\/a><\/p>\n<p style=\"text-align: center\">\n<!-- iframe plugin v.6.0 wordpress.org\/plugins\/iframe\/ -->\n<iframe loading=\"lazy\" src=\"https:\/\/www.facebook.com\/plugins\/post.php?href=https%3A%2F%2Fwww.facebook.com%2Fphoto.php%3Ffbid%3D1126920999611865%26set%3Da.229758265994814%26type%3D3&#038;show_text=false&#038;width=500\" width=\"500\" height=\"728\" style=\"border:none;overflow:hidden\" scrolling=\"no\" frameborder=\"0\" allowfullscreen=\"true\" allow=\"autoplay; clipboard-write; encrypted-media; picture-in-picture; web-share\" 0=\"\/iframe\" class=\"iframe-class\"><\/iframe>\n<\/p>\n<p style=\"text-align: center\">\n<!-- iframe plugin v.6.0 wordpress.org\/plugins\/iframe\/ -->\n<iframe loading=\"lazy\" src=\"https:\/\/www.facebook.com\/plugins\/post.php?href=https%3A%2F%2Fwww.facebook.com%2Fphoto.php%3Ffbid%3D1245358877637194%26set%3Da.1245362707636811%26type%3D3&#038;show_text=false&#038;width=500\" width=\"500\" height=\"744\" style=\"border:none;overflow:hidden\" scrolling=\"no\" frameborder=\"0\" allowfullscreen=\"true\" allow=\"autoplay; clipboard-write; encrypted-media; picture-in-picture; web-share\" 0=\"\/iframe\" class=\"iframe-class\"><\/iframe>\n<\/p>\n","protected":false},"excerpt":{"rendered":"<p>Leonor apurri\u00f3 esti s\u00e1badu&#8217;l Premiu al Pueblu Exemplar d&#8217;Asturies a Valdesoto. Y foi el so discursu&#8217;l que cerr\u00f3 l&#8217;actu y per primer vegada ensin que tomara la palabra&#8217;l Rei. Emponder\u00f3&#8217;l trabayu de los vecinos d&#8217;esta localid\u00e1 sierense yf\u00edzolo poniendo l&#8217;acentu en \u00abel cuidu y el fomentu de les vueses costumes\u00bb qu&#8217;afalen de la qu&#8217;afit\u00e1is nun [&hellip;]<\/p>\n","protected":false},"author":117,"featured_media":0,"comment_status":"closed","ping_status":"open","sticky":false,"template":"","format":"standard","meta":{"footnotes":""},"categories":[28,22],"tags":[],"class_list":["post-60275","post","type-post","status-publish","format-standard","hentry","category-premios-princesa-da","category-pueblos"],"_links":{"self":[{"href":"https:\/\/edublog.educastur.es\/ixuxu\/wp-json\/wp\/v2\/posts\/60275","targetHints":{"allow":["GET"]}}],"collection":[{"href":"https:\/\/edublog.educastur.es\/ixuxu\/wp-json\/wp\/v2\/posts"}],"about":[{"href":"https:\/\/edublog.educastur.es\/ixuxu\/wp-json\/wp\/v2\/types\/post"}],"author":[{"embeddable":true,"href":"https:\/\/edublog.educastur.es\/ixuxu\/wp-json\/wp\/v2\/users\/117"}],"replies":[{"embeddable":true,"href":"https:\/\/edublog.educastur.es\/ixuxu\/wp-json\/wp\/v2\/comments?post=60275"}],"version-history":[{"count":23,"href":"https:\/\/edublog.educastur.es\/ixuxu\/wp-json\/wp\/v2\/posts\/60275\/revisions"}],"predecessor-version":[{"id":60701,"href":"https:\/\/edublog.educastur.es\/ixuxu\/wp-json\/wp\/v2\/posts\/60275\/revisions\/60701"}],"wp:attachment":[{"href":"https:\/\/edublog.educastur.es\/ixuxu\/wp-json\/wp\/v2\/media?parent=60275"}],"wp:term":[{"taxonomy":"category","embeddable":true,"href":"https:\/\/edublog.educastur.es\/ixuxu\/wp-json\/wp\/v2\/categories?post=60275"},{"taxonomy":"post_tag","embeddable":true,"href":"https:\/\/edublog.educastur.es\/ixuxu\/wp-json\/wp\/v2\/tags?post=60275"}],"curies":[{"name":"wp","href":"https:\/\/api.w.org\/{rel}","templated":true}]}}