{"id":60291,"date":"2025-10-25T15:00:59","date_gmt":"2025-10-25T13:00:59","guid":{"rendered":"https:\/\/edublog.educastur.es\/ixuxu\/?p=60291"},"modified":"2025-10-25T19:58:20","modified_gmt":"2025-10-25T17:58:20","slug":"madrid-fusion","status":"publish","type":"post","link":"https:\/\/edublog.educastur.es\/ixuxu\/2025\/10\/madrid-fusion\/","title":{"rendered":"Madrid Fusi\u00f3n Dreams Asturies: martes 28 en Xix\u00f3n"},"content":{"rendered":"<div class=\"html-div xdj266r xat24cr x1lziwak xexx8yu xyri2b x18d9i69 x1c1uobl x78zum5 x2lah0s xqtp20y x1xegmmw\">\n<div class=\"x1vqgdyp x100vrsf\">\n<div class=\"\" style=\"text-align: center\"><a href=\"https:\/\/actualidad.asturias.es\/documents\/537115\/2880935\/2025_10_23+VC+Turismo+Madrid+Fusion+Dreams+Asturias+1.jpg\/629c6748-3c27-d90a-4446-c840ff4b7123?t=1761234953691\"><img loading=\"lazy\" decoding=\"async\" class=\"aligncenter size-large\" src=\"https:\/\/actualidad.asturias.es\/documents\/537115\/2880935\/2025_10_23+VC+Turismo+Madrid+Fusion+Dreams+Asturias+1.jpg\/629c6748-3c27-d90a-4446-c840ff4b7123?t=1761234953691\" width=\"1346\" height=\"841\" \/><\/a><\/div>\n<\/div>\n<\/div>\n<div class=\"html-div xdj266r x14z9mp xat24cr x1lziwak xexx8yu xyri2b x18d9i69 x1c1uobl x1iyjqo2 xeuugli\">\n<div class=\"x78zum5 xdt5ytf xz62fqu x16ldp7u\">\n<div class=\"xu06os2 x1ok221b\">\n<div class=\"html-div xdj266r x14z9mp xat24cr x1lziwak xexx8yu xyri2b x18d9i69 x1c1uobl\" data-ad-rendering-role=\"profile_name\">\n<ul>\n<li id=\"_r_2kc_\" class=\"html-h2 x14z9mp xat24cr x1lziwak xexx8yu xyri2b x18d9i69 x1c1uobl x1vvkbs x1heor9g x1qlqyl8 x1pd3egz x1a2a7pz x1gslohp x1yc453h\"><span class=\"x78zum5 x1q0g3np\"><span class=\"x1lliihq x6ikm8r x10wlt62 x1n2onr6 xlyipyv xuxw1ft\"><span class=\"xt0psk2\"><span class=\"xjp7ctv\"><a class=\"x1i10hfl xjbqb8w x1ejq31n x18oe1m7 x1sy0etr xstzfhl x972fbf x10w94by x1qhh985 x14e42zd x9f619 x1ypdohk xt0psk2 x3ct3a4 xdj266r x14z9mp xat24cr x1lziwak xexx8yu xyri2b x18d9i69 x1c1uobl x16tdsg8 x1hl2dhg xggy1nq x1a2a7pz xkrqix3 x1sur9pj xzsf02u x1s688f\" role=\"link\" href=\"https:\/\/www.facebook.com\/gobiernodeasturias?__cft__[0]=AZUlT8VsLTuipfM-R65tTO78y7Bj_1u41dbZ8mq62UZHCp3gMV2GDFjleMeR5UJIFV5F3Kw5VRJQJcjWB4_i-cNA6PRpq_LjM21DYjC5f67Oyf17-DVwG0oildvbD3Co-Mdd6FiSpPaj94sRPj2maUxGtNzKCE6Q7Vod_rShSOFaeFJ6L67QNfDWYXnG_TpxQTU&amp;__tn__=-UC%2CP-R\"><b class=\"html-b xdj266r x14z9mp xat24cr x1lziwak xexx8yu xyri2b x18d9i69 x1c1uobl x1hl2dhg x16tdsg8 x1vvkbs x1s688f\"><span class=\"html-span xdj266r x14z9mp xat24cr x1lziwak xexx8yu xyri2b x18d9i69 x1c1uobl x1hl2dhg x16tdsg8 x1vvkbs\">Principado de Asturias<\/span><\/b><\/a><\/span><\/span><\/span><span class=\"html-span xdj266r x14z9mp xat24cr x1lziwak xexx8yu xyri2b x18d9i69 x1c1uobl x1hl2dhg x16tdsg8 x1vvkbs x1dor1uw x1n2onr6 xxymvpz x78zum5\">\u00a0<\/span><\/span><\/li>\n<\/ul>\n<\/div>\n<\/div>\n<\/div>\n<\/div>\n<div class=\"html-div xdj266r x14z9mp xat24cr x1lziwak xexx8yu xyri2b x18d9i69 x1c1uobl\" dir=\"auto\">\n<div class=\"html-div xdj266r x14z9mp xat24cr x1lziwak xexx8yu xyri2b x18d9i69 x1c1uobl\" data-ad-rendering-role=\"story_message\">\n<div id=\"_r_2ke_\" class=\"x1l90r2v x1iorvi4 x1g0dm76 xpdmqnj\" data-ad-comet-preview=\"message\" data-ad-preview=\"message\">\n<div class=\"x78zum5 xdt5ytf xz62fqu x16ldp7u\">\n<div class=\"xu06os2 x1ok221b\">\n<div class=\"html-div xdj266r x14z9mp xat24cr x1lziwak xexx8yu xyri2b x18d9i69 x1c1uobl\">\n<div class=\"xdj266r x14z9mp xat24cr x1lziwak x1vvkbs x126k92a\">\n<div dir=\"auto\"><span class=\"html-span xexx8yu xyri2b x18d9i69 x1c1uobl x1hl2dhg x16tdsg8 x1vvkbs x3nfvp2 x1j61x8r x1fcty0u xdj266r xat24cr xm2jcoa x1mpyi22 xxymvpz xlup9mm x1kky2od\"><img loading=\"lazy\" decoding=\"async\" class=\"xz74otr x15mokao x1ga7v0g x16uus16 xbiv7yw\" src=\"https:\/\/static.xx.fbcdn.net\/images\/emoji.php\/v9\/t66\/1\/16\/1f372.png\" alt=\"\ud83c\udf72\" width=\"16\" height=\"16\" \/><\/span>La viceconseyera Lara Mart\u00ednez present\u00f3 g\u00fcei <span class=\"html-span xdj266r x14z9mp xat24cr x1lziwak xexx8yu xyri2b x18d9i69 x1c1uobl x1hl2dhg x16tdsg8 x1vvkbs\"><a class=\"x1i10hfl xjbqb8w x1ejq31n x18oe1m7 x1sy0etr xstzfhl x972fbf x10w94by x1qhh985 x14e42zd x9f619 x1ypdohk xt0psk2 x3ct3a4 xdj266r x14z9mp xat24cr x1lziwak xexx8yu xyri2b x18d9i69 x1c1uobl x16tdsg8 x1hl2dhg xggy1nq x1a2a7pz xkrqix3 x1sur9pj x1fey0fg x1s688f\" role=\"link\" href=\"https:\/\/www.facebook.com\/hashtag\/madridfusi%C3%B3ndreamsasturias?__eep__=6&amp;__cft__[0]=AZUlT8VsLTuipfM-R65tTO78y7Bj_1u41dbZ8mq62UZHCp3gMV2GDFjleMeR5UJIFV5F3Kw5VRJQJcjWB4_i-cNA6PRpq_LjM21DYjC5f67Oyf17-DVwG0oildvbD3Co-Mdd6FiSpPaj94sRPj2maUxGtNzKCE6Q7Vod_rShSOFaeFJ6L67QNfDWYXnG_TpxQTU&amp;__tn__=*NK-R\">#MadridFusi\u00f3nDreamsAsturias<\/a><\/span>, que reunir\u00e1 en Xix\u00f3n a los profesionales m\u00e1s influyentes de la gastronom\u00eda, la innovaci\u00f3n y la sostenibilid\u00e1&#8217;l pr\u00f3ximo 28 d&#8217;esti mes <span class=\"html-span xdj266r x14z9mp xat24cr x1lziwak xexx8yu xyri2b x18d9i69 x1c1uobl x1hl2dhg x16tdsg8 x1vvkbs\"><a class=\"x1i10hfl xjbqb8w x1ejq31n x18oe1m7 x1sy0etr xstzfhl x972fbf x10w94by x1qhh985 x14e42zd x9f619 x1ypdohk xt0psk2 x3ct3a4 xdj266r x14z9mp xat24cr x1lziwak xexx8yu xyri2b x18d9i69 x1c1uobl x16tdsg8 x1hl2dhg xggy1nq x1a2a7pz xkrqix3 x1sur9pj x1fey0fg x1s688f\" role=\"link\" href=\"https:\/\/www.facebook.com\/TurismoAsturias?__cft__[0]=AZUlT8VsLTuipfM-R65tTO78y7Bj_1u41dbZ8mq62UZHCp3gMV2GDFjleMeR5UJIFV5F3Kw5VRJQJcjWB4_i-cNA6PRpq_LjM21DYjC5f67Oyf17-DVwG0oildvbD3Co-Mdd6FiSpPaj94sRPj2maUxGtNzKCE6Q7Vod_rShSOFaeFJ6L67QNfDWYXnG_TpxQTU&amp;__tn__=-]K-R\"><span class=\"xt0psk2\"><span class=\"xjp7ctv\">Turismo Asturias<\/span><\/span><\/a><\/span> <span class=\"html-span xdj266r x14z9mp xat24cr x1lziwak xexx8yu xyri2b x18d9i69 x1c1uobl x1hl2dhg x16tdsg8 x1vvkbs\"><a class=\"x1i10hfl xjbqb8w x1ejq31n x18oe1m7 x1sy0etr xstzfhl x972fbf x10w94by x1qhh985 x14e42zd x9f619 x1ypdohk xt0psk2 x3ct3a4 xdj266r x14z9mp xat24cr x1lziwak xexx8yu xyri2b x18d9i69 x1c1uobl x16tdsg8 x1hl2dhg xggy1nq x1a2a7pz xkrqix3 x1sur9pj x1fey0fg x1s688f\" role=\"link\" href=\"https:\/\/www.facebook.com\/MadridFusionCongreso?__cft__[0]=AZUlT8VsLTuipfM-R65tTO78y7Bj_1u41dbZ8mq62UZHCp3gMV2GDFjleMeR5UJIFV5F3Kw5VRJQJcjWB4_i-cNA6PRpq_LjM21DYjC5f67Oyf17-DVwG0oildvbD3Co-Mdd6FiSpPaj94sRPj2maUxGtNzKCE6Q7Vod_rShSOFaeFJ6L67QNfDWYXnG_TpxQTU&amp;__tn__=-]K-R\"><span class=\"xt0psk2\"><span class=\"xjp7ctv\">MADRIDFUSI\u00d3N<\/span><\/span><\/a><\/span><\/div>\n<\/div>\n<div dir=\"auto\">\n<p>Referentes de l&#8217;alta cocina, l&#8217;agricultura y l&#8217;investigaci\u00f3n van cavilgar sobro&#8217;l futuru de l&#8217;alimentaci\u00f3n el dia 28 d&#8217;en Llaboral Ciud\u00e1 de la Cultura. El Gobiernu del Princip\u00e1u patrocina esti alcuentru como parte de la so estratexa pa consolidar la comunid\u00e1 como dest\u00edn gastron\u00f3micu y d&#8217;excelencia.<br \/>\n<!--more--><\/p>\n<p>El Princip\u00e1u va acoyer el foru internacional <strong>Madrid Fusi\u00f3n Dreams Asturies<\/strong>, que va axuntar el pr\u00f3ximu 28 d&#8217;ochobre en Llaboral Ciud\u00e1 de la Cultura de Xix\u00f3n a dalgunos de los profesionales m\u00e1s influyentes del mundu de la gastronom\u00eda, la innovaci\u00f3n y la sostenibilid\u00e1. L&#8217;alcuentru, patrocin\u00e1u pol Gobiernu d&#8217;Asturies,<strong> va cavilgar sobro los grandes retos del planeta p&#8217;alimentase de forma sostenible nun contestu de recursos sobreexplotaos.<\/strong><\/p>\n<p>El programa previstu <strong>combina alta cocina, investigaci\u00f3n, tecnolox\u00eda, activismu social y memoria culinaria<\/strong> pa repensar el futuru del sistema alimentario global dende una mirada xusta, consciente y rexenerativa.<\/p>\n<p>\u201cAsturies demuestra que la innovaci\u00f3n y la sostenibilid\u00e1 pueden dir de la mano de les nueses tradiciones. Esti foru internacional ye una oportunid\u00e1 p&#8217;amosar al mundu&#8217;l talentu, la identid\u00e1 y la capacid\u00e1 de lideralgu de la nuesa tierra nel \u00e1mbitu gastron\u00f3micu\u201d, destac\u00f3 la viceconseyera de Turismu, Lara Mart\u00ednez, mientres la presentaci\u00f3n del eventu celebrada g\u00fcei.<\/p>\n<p><em>\u201cLa gastronom\u00eda forma parte de la nuesa estratexa tur\u00edstica y de la nuesa manera d&#8217;entender Asturies: como un territoriu que curia&#8217;l productu local, protexe&#8217;l paisaxe y ufierta esperiencies aut\u00e9ntiques y sostenibles mientres tol a\u00f1u\u201d<\/em>, a\u00f1edi\u00f3.<\/p>\n<\/div>\n<\/div>\n<\/div>\n<\/div>\n<\/div>\n<\/div>\n<\/div>\n<p>&nbsp;<\/p>\n<p>&nbsp;<\/p>\n","protected":false},"excerpt":{"rendered":"<p>Principado de Asturias\u00a0 La viceconseyera Lara Mart\u00ednez present\u00f3 g\u00fcei #MadridFusi\u00f3nDreamsAsturias, que reunir\u00e1 en Xix\u00f3n a los profesionales m\u00e1s influyentes de la gastronom\u00eda, la innovaci\u00f3n y la sostenibilid\u00e1&#8217;l pr\u00f3ximo 28 d&#8217;esti mes Turismo Asturias MADRIDFUSI\u00d3N Referentes de l&#8217;alta cocina, l&#8217;agricultura y l&#8217;investigaci\u00f3n van cavilgar sobro&#8217;l futuru de l&#8217;alimentaci\u00f3n el dia 28 d&#8217;en Llaboral Ciud\u00e1 de la [&hellip;]<\/p>\n","protected":false},"author":117,"featured_media":0,"comment_status":"closed","ping_status":"open","sticky":false,"template":"","format":"standard","meta":{"footnotes":""},"categories":[175],"tags":[],"class_list":["post-60291","post","type-post","status-publish","format-standard","hentry","category-festival-gastronomicu"],"_links":{"self":[{"href":"https:\/\/edublog.educastur.es\/ixuxu\/wp-json\/wp\/v2\/posts\/60291","targetHints":{"allow":["GET"]}}],"collection":[{"href":"https:\/\/edublog.educastur.es\/ixuxu\/wp-json\/wp\/v2\/posts"}],"about":[{"href":"https:\/\/edublog.educastur.es\/ixuxu\/wp-json\/wp\/v2\/types\/post"}],"author":[{"embeddable":true,"href":"https:\/\/edublog.educastur.es\/ixuxu\/wp-json\/wp\/v2\/users\/117"}],"replies":[{"embeddable":true,"href":"https:\/\/edublog.educastur.es\/ixuxu\/wp-json\/wp\/v2\/comments?post=60291"}],"version-history":[{"count":3,"href":"https:\/\/edublog.educastur.es\/ixuxu\/wp-json\/wp\/v2\/posts\/60291\/revisions"}],"predecessor-version":[{"id":60294,"href":"https:\/\/edublog.educastur.es\/ixuxu\/wp-json\/wp\/v2\/posts\/60291\/revisions\/60294"}],"wp:attachment":[{"href":"https:\/\/edublog.educastur.es\/ixuxu\/wp-json\/wp\/v2\/media?parent=60291"}],"wp:term":[{"taxonomy":"category","embeddable":true,"href":"https:\/\/edublog.educastur.es\/ixuxu\/wp-json\/wp\/v2\/categories?post=60291"},{"taxonomy":"post_tag","embeddable":true,"href":"https:\/\/edublog.educastur.es\/ixuxu\/wp-json\/wp\/v2\/tags?post=60291"}],"curies":[{"name":"wp","href":"https:\/\/api.w.org\/{rel}","templated":true}]}}