{"id":60297,"date":"2025-10-25T08:30:51","date_gmt":"2025-10-25T06:30:51","guid":{"rendered":"https:\/\/edublog.educastur.es\/ixuxu\/?p=60297"},"modified":"2025-10-25T20:11:33","modified_gmt":"2025-10-25T18:11:33","slug":"el-tiempu-el-comercio-169","status":"publish","type":"post","link":"https:\/\/edublog.educastur.es\/ixuxu\/2025\/10\/el-tiempu-el-comercio-169\/","title":{"rendered":"El tiempu (El Comercio)"},"content":{"rendered":"<p style=\"text-align: center\"><a href=\"https:\/\/s2.ppllstatics.com\/elcomercio\/www\/multimedia\/2025\/10\/24\/prevision-tiempo-asturias-kQyC-U2302588077118HVD-1200x870@El%20Comercio.jpg\"><img loading=\"lazy\" decoding=\"async\" class=\"aligncenter size-large\" src=\"https:\/\/s2.ppllstatics.com\/elcomercio\/www\/multimedia\/2025\/10\/24\/prevision-tiempo-asturias-kQyC-U2302588077118HVD-1200x870@El%20Comercio.jpg\" width=\"1200\" height=\"870\" \/><\/a><\/p>\n<p><strong>Vamos amanecer<\/strong> con estabilid\u00e1 ya inclusive con delles escamplaes nel cielu. Pero r\u00e1pido les nubes van dir aumentando <strong>a lo llargo de la ma\u00f1ana<\/strong> para dar pasu a una segunda met\u00e1 del d\u00eda con abondosu nubosid\u00e1 y precipitaciones. <strong>Les ag\u00fces<\/strong> van empezar afectando a la mari\u00f1a a partir del mediud\u00eda y van dise enfusando escontra l&#8217;interior col pasu de les hores. Estes precipitaciones polo xeneral van ser d\u00e9biles cuidao que van tar acomu\u00f1aos al pasu d&#8217;un frente fr\u00edu pocu activu.<strong> Los vientos<\/strong> van empezar soplando de componente oeste moderaos pero rolar\u00e1n a noroeste-norte fluexos<strong> a lo llargo del d\u00eda.<\/strong> Realmente, esto debe al pasiellu que se forma ente un anticicl\u00f3n atl\u00e1nticu y una umbada europea. Va entrar un fluxu de vientu h\u00famedu que va favorecer, como se describi\u00f3 antes, la entrada d&#8217;abondosa nubosid\u00e1 y la probabilid\u00e1 d&#8217;ag\u00fces anque s\u00edan de calter d\u00e9bil.<strong> Les temperatures m\u00e1ximes<\/strong> van baxar nel cordal y en tola met\u00e1 occidental, ente que na oriental van caltenese. <strong>Les m\u00ednimes<\/strong> van xubir en tol interior y nun van esperimentar cambeos na mari\u00f1a.<\/p>\n<p><!--more--><\/p>\n<p><strong>El domingu<\/strong> ent\u00e1 se preven nubes y precipitaciones d\u00e9biles de madrugada y pela ma\u00f1ana, pero la inestabilid\u00e1 va unviar y van abrise claros mientres la tarde hasta quedar poco nublu. Esto ye por cuenta de que el anticicl\u00f3n atl\u00e1nticu dir\u00e1 enfus\u00e1ndose escontra la Pen\u00ednsula Ib\u00e9rica. Les temperatures m\u00e1ximes van baxar, nesti casu na met\u00e1 oriental, y les temperatures m\u00ednimes van baxar de forma xeneralizada.<\/p>\n<p><strong>El llunes<\/strong> vamos empezar la selmana con cielos soleyeros en tol Princip\u00e1u d&#8217;Asturies.<\/p>\n","protected":false},"excerpt":{"rendered":"<p>Vamos amanecer con estabilid\u00e1 ya inclusive con delles escamplaes nel cielu. Pero r\u00e1pido les nubes van dir aumentando a lo llargo de la ma\u00f1ana para dar pasu a una segunda met\u00e1 del d\u00eda con abondosu nubosid\u00e1 y precipitaciones. Les ag\u00fces van empezar afectando a la mari\u00f1a a partir del mediud\u00eda y van dise enfusando escontra [&hellip;]<\/p>\n","protected":false},"author":117,"featured_media":0,"comment_status":"closed","ping_status":"open","sticky":false,"template":"","format":"standard","meta":{"footnotes":""},"categories":[5],"tags":[],"class_list":["post-60297","post","type-post","status-publish","format-standard","hentry","category-tiempu"],"_links":{"self":[{"href":"https:\/\/edublog.educastur.es\/ixuxu\/wp-json\/wp\/v2\/posts\/60297","targetHints":{"allow":["GET"]}}],"collection":[{"href":"https:\/\/edublog.educastur.es\/ixuxu\/wp-json\/wp\/v2\/posts"}],"about":[{"href":"https:\/\/edublog.educastur.es\/ixuxu\/wp-json\/wp\/v2\/types\/post"}],"author":[{"embeddable":true,"href":"https:\/\/edublog.educastur.es\/ixuxu\/wp-json\/wp\/v2\/users\/117"}],"replies":[{"embeddable":true,"href":"https:\/\/edublog.educastur.es\/ixuxu\/wp-json\/wp\/v2\/comments?post=60297"}],"version-history":[{"count":3,"href":"https:\/\/edublog.educastur.es\/ixuxu\/wp-json\/wp\/v2\/posts\/60297\/revisions"}],"predecessor-version":[{"id":60300,"href":"https:\/\/edublog.educastur.es\/ixuxu\/wp-json\/wp\/v2\/posts\/60297\/revisions\/60300"}],"wp:attachment":[{"href":"https:\/\/edublog.educastur.es\/ixuxu\/wp-json\/wp\/v2\/media?parent=60297"}],"wp:term":[{"taxonomy":"category","embeddable":true,"href":"https:\/\/edublog.educastur.es\/ixuxu\/wp-json\/wp\/v2\/categories?post=60297"},{"taxonomy":"post_tag","embeddable":true,"href":"https:\/\/edublog.educastur.es\/ixuxu\/wp-json\/wp\/v2\/tags?post=60297"}],"curies":[{"name":"wp","href":"https:\/\/api.w.org\/{rel}","templated":true}]}}