{"id":60311,"date":"2025-10-24T20:00:17","date_gmt":"2025-10-24T18:00:17","guid":{"rendered":"https:\/\/edublog.educastur.es\/ixuxu\/?p=60311"},"modified":"2025-10-27T20:16:56","modified_gmt":"2025-10-27T18:16:56","slug":"entrega-premios-princes-dasturies-2025","status":"publish","type":"post","link":"https:\/\/edublog.educastur.es\/ixuxu\/2025\/10\/entrega-premios-princes-dasturies-2025\/","title":{"rendered":"Ceremonia d&#8217;entrega Premios Princesa d&#8217;Asturies 2025"},"content":{"rendered":"<ul>\n<li>Semeyes: <a href=\"https:\/\/www.lne.es\/fotos\/premios-princesa\/2025\/10\/24\/imagenes-ceremonia-premios-princesa-asturias-122992738.html#foto=1\">LNE<\/a> \/ <a href=\"https:\/\/www.elcomercio.es\/premios-princesa\/princesa-leonor-discurso-generacion-zeta-educacion-vulnerables-20251024194122-nt.html\">El Comercio<\/a> \/ <a href=\"https:\/\/www.facebook.com\/stories\/100636855442741\/UzpfSVNDOjMyNDQ0MTMzMDM4NTExMDQz\/?view_single=1\">Videu<\/a> \/<\/li>\n<\/ul>\n<p style=\"text-align: center\">\n<!-- iframe plugin v.6.0 wordpress.org\/plugins\/iframe\/ -->\n<iframe loading=\"lazy\" width=\"100%\" height=\"487\" src=\"https:\/\/www.youtube.com\/embed\/NXoIG9sixKM\" title=\"Entrega de los Premios Princesa de Asturias 2025\" frameborder=\"0\" allow=\"accelerometer; autoplay; clipboard-write; encrypted-media; gyroscope; picture-in-picture; web-share\" referrerpolicy=\"strict-origin-when-cross-origin\" 0=\"allowfullscreen\" 1=\"\/iframe\" scrolling=\"yes\" class=\"iframe-class\"><\/iframe>\n<\/p>\n<p><!--more--><\/p>\n<p style=\"text-align: center\"><a href=\"https:\/\/estaticos-cdn.prensaiberica.es\/clip\/73275571-45c1-4e6e-967c-3a477a5fd017_source-aspect-ratio_default_0.jpg\"><img loading=\"lazy\" decoding=\"async\" class=\"aligncenter size-large\" src=\"https:\/\/estaticos-cdn.prensaiberica.es\/clip\/73275571-45c1-4e6e-967c-3a477a5fd017_source-aspect-ratio_default_0.jpg\" width=\"2000\" height=\"1333\" \/><\/a><\/p>\n<p>La Princesa Leonor: <span style=\"color: #008080\"><em>\u00abLa convivencia nun ye f\u00e1cil, pero ye l&#8217;\u00fanicu cam\u00edn para llograr el progresu compart\u00edu\u00bb<\/em><\/span>. La Princesa, que se reconoz \u00abde la xeneraci\u00f3n zeta, y f\u00eda d&#8217;una xe y un boomer\u00bb, apost\u00f3 por escribir una carta a cada premi\u00e1u para \u00abparase, afondar y pensar m\u00e1s\u00bb y defendi\u00f3 \u00abla educaci\u00f3n, atender a los vulnerables y salir de la trinchera\u00bb.<\/p>\n<p>&nbsp;<\/p>\n<p>&nbsp;<\/p>\n<p>Nun quedaron ende les reivindicaciones de la princesa. Tami\u00e9n quier \u00abnun escaecenos d&#8217;atender a quien nun lo tienen f\u00e1cil, a les persones m\u00e1s vulnerables, a los mozos qu&#8217;engarren para formase, para tener un trabayu, para tener un llar, a les persones mayores que nun deseyen tar soles, a los nuesos ne\u00f1os y ne\u00f1es en riesgu de probeza\u00bb. A \u00faltima hora, \u00abrecordar lo que significa tratar bien al pr\u00f3ximo, salir de la trinchera, solmenanos el mieu, xuninos para faer les coses meyor, pensar en que, si nun miramos al otru, nun vamos saber construyir a confianza\u00bb.<\/p>\n<p style=\"text-align: center\"><a href=\"https:\/\/estaticos-cdn.prensaiberica.es\/clip\/c5f5d181-8e06-44ce-951a-a3c9a4aa307b_source-aspect-ratio_default_0.jpg\"><img loading=\"lazy\" decoding=\"async\" class=\"aligncenter size-large\" src=\"https:\/\/estaticos-cdn.prensaiberica.es\/clip\/c5f5d181-8e06-44ce-951a-a3c9a4aa307b_source-aspect-ratio_default_0.jpg\" width=\"2000\" height=\"1333\" \/><\/a><\/p>\n<p><strong>Leonor pidi\u00f3 la vuelta \u00abal respetu por quien piensen distintu, por quien SON distintos\u00bb<\/strong>, poniendo tantu na escritura como na entonaci\u00f3n la may\u00fascula al verbu ser. <em>Tami\u00e9n volver \u00aba la educaci\u00f3n, a valorar a les nueses maestres y maestros y considerar el nuesu tiempu escolar obligatoriu como una etapa crucial na que toos tienen d&#8217;implicase por que cada ciudadanu llibre tenga oportunidaes\u00bb.<\/em><\/p>\n<p style=\"text-align: center\">\n<!-- iframe plugin v.6.0 wordpress.org\/plugins\/iframe\/ -->\n<iframe loading=\"lazy\" src=\"https:\/\/www.facebook.com\/plugins\/video.php?height=314&#038;href=https%3A%2F%2Fwww.facebook.com%2Freel%2F849372111003901%2F&#038;show_text=false&#038;width=560&#038;t=0\" width=\"560\" height=\"314\" style=\"border:none;overflow:hidden\" scrolling=\"no\" frameborder=\"0\" allowfullscreen=\"true\" allow=\"autoplay; clipboard-write; encrypted-media; picture-in-picture; web-share\" 0=\"\/iframe\" class=\"iframe-class\"><\/iframe>\n<\/p>\n<p style=\"text-align: center\"><a href=\"https:\/\/estaticos-cdn.prensaiberica.es\/clip\/83b6200b-f8e4-4be8-af12-e8de22435c1f_source-aspect-ratio_default_0.jpg\"><img loading=\"lazy\" decoding=\"async\" class=\"aligncenter size-large\" src=\"https:\/\/estaticos-cdn.prensaiberica.es\/clip\/83b6200b-f8e4-4be8-af12-e8de22435c1f_source-aspect-ratio_default_0.jpg\" width=\"2000\" height=\"1333\" \/><\/a><\/p>\n<p style=\"text-align: center\"><a href=\"https:\/\/estaticos-cdn.prensaiberica.es\/clip\/a676e93a-e008-4b64-8c82-a20002b21e12_source-aspect-ratio_default_0.jpg\"><img loading=\"lazy\" decoding=\"async\" class=\"aligncenter size-large\" src=\"https:\/\/estaticos-cdn.prensaiberica.es\/clip\/a676e93a-e008-4b64-8c82-a20002b21e12_source-aspect-ratio_default_0.jpg\" width=\"2000\" height=\"1334\" \/><\/a><\/p>\n<p style=\"text-align: center\"><a href=\"https:\/\/www.rtpa.es\/fotos\/\/25\/10\/20251024203520_RTPA7264832.webp\"><img loading=\"lazy\" decoding=\"async\" class=\"aligncenter size-large\" src=\"https:\/\/www.rtpa.es\/fotos\/\/25\/10\/20251024203520_RTPA7264832.webp\" width=\"853\" height=\"480\" \/><\/a><\/p>\n<p>Al Premio Princesa d&#8217;Asturies de Comunicaci\u00f3n y Humanidaes, <strong>Byung-Chul Han<\/strong> diz-y si vivimos nuna corrada dixital, si vendimos l&#8217;alma a un dispositivu, si somos esclavos de la pantalla y nos autoexplotamos para cumplir coles esixencies del rendimientu, si lo trascendente esc\u00e1panos, \u00bfc\u00f3mo recuperamos, sobremanera los mozos, la TRESCENDENCIA, en may\u00fascules en lletra y entonaci\u00f3n, por que la vida nun s\u00eda, como uste diz, el meru prestu de necesidaes y l&#8217;exhibici\u00f3n narcisista?<\/p>\n<p style=\"text-align: center\"><a href=\"https:\/\/estaticos-cdn.prensaiberica.es\/clip\/e1e3a08a-9f73-47b1-be7e-80e6a31f43a5_source-aspect-ratio_default_0.jpg\"><img loading=\"lazy\" decoding=\"async\" class=\"aligncenter size-large\" src=\"https:\/\/estaticos-cdn.prensaiberica.es\/clip\/e1e3a08a-9f73-47b1-be7e-80e6a31f43a5_source-aspect-ratio_default_0.jpg\" width=\"2000\" height=\"1333\" \/><\/a><\/p>\n<p style=\"text-align: center\">\n<!-- iframe plugin v.6.0 wordpress.org\/plugins\/iframe\/ -->\n<iframe loading=\"lazy\" src=\"https:\/\/www.facebook.com\/plugins\/post.php?href=https%3A%2F%2Fwww.facebook.com%2Fphoto.php%3Ffbid%3D1273089628175842%26set%3Da.652077890277022%26type%3D3&#038;show_text=false&#038;width=500\" width=\"500\" height=\"708\" style=\"border:none;overflow:hidden\" scrolling=\"no\" frameborder=\"0\" allowfullscreen=\"true\" allow=\"autoplay; clipboard-write; encrypted-media; picture-in-picture; web-share\" 0=\"\/iframe\" class=\"iframe-class\"><\/iframe>\n<\/p>\n<p>Precisamente foi na carta dedicada a la tenista norteamericana Serena Williams, Premiu Princesa d\u2019Asturies de Deportes, onde aprovech\u00f3 pa facer un chisgu a la so hermana, la infanta Sof\u00eda.<\/p>\n<p style=\"text-align: center\"><a href=\"https:\/\/estaticos-cdn.prensaiberica.es\/clip\/1448c671-e220-4af8-8fcd-ab9c224ecc5b_source-aspect-ratio_default_0.jpg\"><img loading=\"lazy\" decoding=\"async\" class=\"aligncenter size-large\" src=\"https:\/\/estaticos-cdn.prensaiberica.es\/clip\/1448c671-e220-4af8-8fcd-ab9c224ecc5b_source-aspect-ratio_default_0.jpg\" width=\"2000\" height=\"1333\" \/><\/a><\/p>\n<p>\u00ab<strong><em>Ye guapo lo que dices de la to hermana: &#8216;Ensin Venus, nun sedr\u00eda Serena&#8217;<\/em><\/strong>; <strong><em>Les hermanes c\u00f3mplices son les nuestres grandes compa\u00f1eres de viaxe\u00bb<\/em><\/strong>, se\u00f1al\u00f3 la princesa, lo que foi aplaud\u00edo por tol p\u00fablicu.<\/p>\n<p style=\"text-align: center\"><a href=\"https:\/\/estaticos-cdn.prensaiberica.es\/clip\/a2597a16-ba4c-46f0-b867-c7e30aa9a340_source-aspect-ratio_default_0.jpg\"><img loading=\"lazy\" decoding=\"async\" class=\"aligncenter size-large\" src=\"https:\/\/estaticos-cdn.prensaiberica.es\/clip\/a2597a16-ba4c-46f0-b867-c7e30aa9a340_source-aspect-ratio_default_0.jpg\" width=\"2000\" height=\"1333\" \/><\/a><\/p>\n<p>La fot\u00f3grafa mexicana Graciela Iturbide, que recibi\u00f3 esti vienres el Premiu Princesa d&#8217;Asturies de les Artes 2025, dixo que se considera una \u00abciudadana del mundu\u00bb, como la fotograf\u00eda, un arte al que dedic\u00f3 la so vida y que, \u00abpor fortuna, nun conoz fronteres\u00bb.<\/p>\n<p>\u00abPor fortuna, l&#8217;arte fotogr\u00e1fico nun conoz fronteres, nin tien pasaporte, nin precisa vises, por m\u00e1s que dellos homes poderosos pretendan llindar el llibre tr\u00e1nsitu ente los pa\u00edses y coartar la llibert\u00e1 de pensar y de crear\u00bb, dixo mientres la ceremonia d&#8217;entrega de los galardones nel Teatru Campoamor d&#8217;Uvi\u00e9u.<\/p>\n<p>&nbsp;<\/p>\n<p><strong>Byung-Chul Han<\/strong>: \u00abEl r\u00e9xime desp\u00f3ticu neolliberal esplota la llibert\u00e1 y crea perdedores\u00bb. El fil\u00f3sofu afirma que nos convertimos en preseos de los smartphone\u00bb.<\/p>\n<p>\u201cG\u00fcei pensamos que somos m\u00e1s llibres que nunca, pero en realid\u00e1 vivimos so un r\u00e9xime neolliberal de dominaci\u00f3n qu&#8217;esplota precisamente la llibert\u00e1. Paecemos al siervu qu&#8217;arrampu\u00f1a&#8217;l ll\u00e1tigu al so amu y az\u00f3tase a s\u00ed mesmu para ser llibre. Unu cr\u00e9ese llibre, pero en realid\u00e1 espl\u00f3tase a s\u00ed mesmu con pasi\u00f3n y voluntariamente, hasta colapsar\u201d.<\/p>\n<p>El pensador llanz\u00f3 dempu\u00e9s delles alertes. Sobro los peligros de la dixitalizaci\u00f3n: <strong><em>\u201cEl smartphone puede ser una ferramienta bien \u00fatil. Nun habr\u00eda neng\u00fan problema si lu us\u00e1ramos como una ferramienta. Pero, en realid\u00e1, n\u00f3s convert\u00edmonos na ferramienta del smartphone\u201d.<\/em><\/strong> Contra la intelixencia artificial: <em><strong>\u201cEsiste&#8217;l peligru agudu de que&#8217;l ser humanu vuelva convertise n&#8217;esclavu de la so propia creaci\u00f3n\u201d<\/strong><\/em>. Y sobro les redes sociales: <strong><em>\u201cPodr\u00eden ser un mediu pal amor y l&#8217;amist\u00e1. Sicas\u00ed, nelles reinen l&#8217;odiu, les noticies falses y l&#8217;agresi\u00f3n\u201d.<\/em><\/strong><\/p>\n<p style=\"text-align: center\"><a href=\"https:\/\/estaticos-cdn.prensaiberica.es\/clip\/50169870-474e-4d92-bcb7-88bde1972a5c_source-aspect-ratio_default_0.jpg\"><img loading=\"lazy\" decoding=\"async\" class=\"aligncenter size-large\" src=\"https:\/\/estaticos-cdn.prensaiberica.es\/clip\/50169870-474e-4d92-bcb7-88bde1972a5c_source-aspect-ratio_default_0.jpg\" width=\"2000\" height=\"1333\" \/><\/a><\/p>\n<p>Mendoza: \u00abSer un provisor de felicid\u00e1 ye&#8217;l meyor aponderamientu y gustar\u00edame que fuera ciertu\u00bb. El premiu de les lletres consid\u00e9rase inda \u00abuna nueva promesa de la Narrativa Espa\u00f1ola\u00bb.<\/p>\n<p style=\"text-align: center\"><a href=\"https:\/\/www.rtpa.es\/fotos\/\/25\/10\/20251024214142_RTPA7264883.webp\"><img loading=\"lazy\" decoding=\"async\" class=\"aligncenter size-large\" src=\"https:\/\/www.rtpa.es\/fotos\/\/25\/10\/20251024214142_RTPA7264883.webp\" width=\"853\" height=\"480\" \/><\/a><\/p>\n<p>&nbsp;<\/p>\n<p style=\"text-align: center\"><a href=\"https:\/\/estaticos-cdn.prensaiberica.es\/clip\/9a98807c-9fa4-48e9-8c3f-b1530b71098b_source-aspect-ratio_default_0.jpg\"><img loading=\"lazy\" decoding=\"async\" class=\"aligncenter size-large\" src=\"https:\/\/estaticos-cdn.prensaiberica.es\/clip\/9a98807c-9fa4-48e9-8c3f-b1530b71098b_source-aspect-ratio_default_0.jpg\" width=\"2000\" height=\"1333\" \/><\/a><\/p>\n<p class=\"font-size-xxl margin-b-5 font-weight-b color-b-050 letter-spacing--1 fuente-corporativa\"><strong>El rei cede espaciu a la princesa d&#8217;Asturies \u00abcon emoci\u00f3n de padre y de rei\u00bb. <\/strong>Felipe VI da anuncia de la so intenci\u00f3n de que Leonor quede al frente de los galardones.<\/p>\n<p>El Teatru Campoamor d\u2019Uvi\u00e9u foi l\u2019escenariu d\u2019esta declaraci\u00f3n del rei, que <strong>record\u00f3 nel so discursu que la so f\u00eda Leonor, princesa d\u2019Asturies, lleva y\u00e1 siete a\u00f1os asistiendo a esti actu y que foi asumiendo gradualmente la xera de presidir estos premios<\/strong>, \u00abdando a cada pasu nueves pruebes de madurez y sensibilid\u00e1; con un papel tami\u00e9n m\u00e1s activu na vida p\u00fablica\u00bb.<\/p>\n<p>\u00abEn consecuencia, correspu\u00e9ndeme \u2014creo yo\u2014 dir cedi\u00e9ndo-y y\u00e1 esti espaciu, como heredera de la Corona y como presidenta d\u2019honor de la Fundaci\u00f3n dende va 11 a\u00f1os\u00bb, dixo un emocion\u00e1u rei al que, momentos enantes, sicas\u00ed, la so f\u00eda llam\u00f3 \u00abboomer\u00bb.<\/p>\n<p style=\"text-align: center\"><a href=\"https:\/\/estaticos-cdn.prensaiberica.es\/clip\/7bcf1f43-b799-4337-8230-16a07c98f518_source-aspect-ratio_default_0.jpg\"><img loading=\"lazy\" decoding=\"async\" class=\"aligncenter size-large\" src=\"https:\/\/estaticos-cdn.prensaiberica.es\/clip\/7bcf1f43-b799-4337-8230-16a07c98f518_source-aspect-ratio_default_0.jpg\" width=\"2000\" height=\"1333\" \/><\/a><\/p>\n<p><em>\u00abG\u00fcei vivir nun significa otra cosa que producir. Tou tresll\u00e1dase de la esfera del xuegu a la esfera de la producci\u00f3n\u00bb.<strong> Byung<\/strong><\/em><\/p>\n<p><em>Ensin la presencia del otru, la comunicaci\u00f3n dexenera nun intercambiu d&#8217;informaci\u00f3n: les relaciones reemplacense poles conexones, y asina solo s&#8217;ellaza colo igual.<strong> La comunicaci\u00f3n dixital<\/strong> ye solo vista, perdimos tolos sent\u00edos; tamos n&#8217;una fase debilitada de la comunicaci\u00f3n, como nunca: la comunicaci\u00f3n global y de los likes solo consiente a los que son m\u00e1s iguales a unu; \u00a1lo igual nun duel!.<\/em><\/p>\n<p>L&#8217;avisu de Han, Princesa d&#8217;Asturies d&#8217;Humanidaes, sobro&#8217;l m\u00f3vil y la IA: <em>\u00abEn realid\u00e1, nun somos llibres, sin\u00f3n que, m\u00e1s bien, abasnamos d&#8217;una adicci\u00f3n a otra, d&#8217;una dependencia a otra. Inv\u00e1denos una sensaci\u00f3n de vac\u00edu. El leg\u00e1u del lliberalismu foi&#8217;l vac\u00edu. Y\u00e1 nun tenemos valores nin ideales con qu&#8217;enllenalo\u00bb<\/em><\/p>\n<p style=\"text-align: center\"><a href=\"https:\/\/estaticos-cdn.prensaiberica.es\/clip\/9a927c66-1d32-4545-8e63-6b7de5b28a94_source-aspect-ratio_default_0.jpg\"><img loading=\"lazy\" decoding=\"async\" class=\"aligncenter size-large\" src=\"https:\/\/estaticos-cdn.prensaiberica.es\/clip\/9a927c66-1d32-4545-8e63-6b7de5b28a94_source-aspect-ratio_default_0.jpg\" width=\"2000\" height=\"1334\" \/><\/a><\/p>\n<p>La princesa Leonor, xunto a los reis y la infanta Sof\u00eda, impunxo esti vienres les insinies a los galardonaos de la 45 edici\u00f3n de los Premios Princesa d&#8217;Asturies, ente ellos la tenista Serena Williams y l&#8217;escritor Eduardo Mendoza. <a href=\"https:\/\/www.rtpa.es\/noticias-sociedad-ast\/2025-10-24\/La-familia-real-recibe-n'audiencia-a-los-galardonaos-colos-Premios-Princesa-d'Asturies_111761300968.html\">Videu<\/a><\/p>\n<p>Nun pudo dir a la entrega de les condecoraciones, pr\u00f3logu de la ceremonia de los premios d&#8217;esta tarde nel Teatru Campoamor, Mary-Claire King, Premiu Princesa d&#8217;Asturies d&#8217;Investigaci\u00f3n Cient\u00edfica y T\u00e9cnica, por tar indispuesta.<\/p>\n<p>La princesa Leonor impunxo les insinies a Byung-Chul Han, Premiu Princesa d&#8217;Asturies de Comunicaci\u00f3n y Humanidaes; Eduardo Mendoza, de les Lletres; Douglas Massey, de Ciencies Sociales; Graciela Iturbide, de les Artes; Serena Williams, de los Deportes; al director del Mus\u00e9u Nacional d&#8217;Antropolox\u00eda de M\u00e9xicu, Antonio Saborit, y la directora del so patronatu, Madeleine Bremond, galardonaos col premiu de la Concordia; y Mario Draghi, de Cooperaci\u00f3n Internacional.<\/p>\n<p style=\"text-align: center\">\n<!-- iframe plugin v.6.0 wordpress.org\/plugins\/iframe\/ -->\n<iframe loading=\"lazy\" src=\"https:\/\/www.facebook.com\/plugins\/post.php?href=https%3A%2F%2Fwww.facebook.com%2Fphoto.php%3Ffbid%3D1244578517715230%26set%3Da.485267683646321%26type%3D3&#038;show_text=false&#038;width=500\" width=\"500\" height=\"651\" style=\"border:none;overflow:hidden\" scrolling=\"no\" frameborder=\"0\" allowfullscreen=\"true\" allow=\"autoplay; clipboard-write; encrypted-media; picture-in-picture; web-share\" 0=\"\/iframe\" class=\"iframe-class\"><\/iframe>\n<\/p>\n<hr \/>\n<div class=\"v-c-cmp v-c-cmp--ab-m\">\n<div class=\"v-cmp-u-b\">\n<header class=\"v-cmp-u-b__h\">\n<h4 class=\"v-a-t\">Discurso \u00edntegro de la Princesa d&#8217;Asturies<\/h4>\n<\/header>\n<\/div>\n<\/div>\n<p class=\"v-p\">Majestades, autoridades,\u00a0patronos,\u00a0amigas, amigos.<\/p>\n<p class=\"v-p\">Saludo en especial a los premiados de este a\u00f1o: sed bienvenidos a esta ciudad, a este principado, que \u2014\u00a1ya lo hab\u00e9is visto!\u2014 os recibe con todo cari\u00f1o.<\/p>\n<p class=\"v-p\">Permitidme que, en tiempos de inmediatez, de fugacidad, de virtualidades, de bits, escriba una CARTA A CADA PREMIADO. Os invito a que asist\u00e1is a este \u00abenv\u00edo postal de viva voz\u00bb, a esta comunicaci\u00f3n que evoca al papel y al bol\u00edgrafo, entre los premiados y yo. Y lo hago porque, aun siendo de la generaci\u00f3n zeta e hija de una equis y de un boomer, tengo la sensaci\u00f3n de que una carta permite pararse, profundizar y pensar m\u00e1s. Y como vivimos en la econom\u00eda de la atenci\u00f3n, a ver si soy capaz de retener yo ahora la vuestra.<\/p>\n<p class=\"v-p\">All\u00e1 voy.<\/p>\n<p class=\"v-p\">Querido profesor Draghi: en 2012, como presidente del Banco Central Europeo, dijo \u00abharemos todo lo que sea necesario (&#8230;). Y cr\u00e9anme, ser\u00e1 suficiente\u00bb; una frase que no s\u00f3lo calm\u00f3 los mercados, sino que fue un acto de confianza en el proyecto europeo en uno de sus momentos m\u00e1s fr\u00e1giles. Esas palabras encerraban un mensaje m\u00e1s profundo que el de la estabilidad financiera: la defensa de los valores europeos, de la solidaridad entre pa\u00edses y de la idea, no por repetida menos valiosa, de que juntos somos m\u00e1s fuertes. Y le cito una vez m\u00e1s: \u00abla Uni\u00f3n Europea es, ante todo, un mecanismo para alcanzar los objetivos compartidos por sus ciudadanos (casi 450 millones de personas). Es nuestra mejor oportunidad para un futuro de paz, seguridad e independencia\u00bb. Los desaf\u00edos son hoy a\u00fan mayores, profesor.<\/p>\n<p class=\"v-p\">Querida Serena: nadie podr\u00eda entender hoy el tenis sin ti; lo transformaste en un deporte m\u00e1s r\u00e1pido y explosivo, en una forma de vivir en la que tuviste que desafiar muchas convenciones. Impresiona la fuerza con la que siempre has jugado, tu t\u00e9cnica impecable, esos casi 30 a\u00f1os como profesional al m\u00e1ximo nivel. Nos has demostrado que la grandeza no est\u00e1 en ganar siempre, sino en la capacidad de levantarse, aprender y seguir adelante. Y, ahora, como empresaria sigues demostrando que tu esp\u00edritu competitivo tambi\u00e9n se refleja en la vida. Es bonito lo que dices de tu hermana: \u00abSin Venus, no habr\u00eda habido Serena\u00bb. Las hermanas c\u00f3mplices son nuestras grandes compa\u00f1eras de viaje.<\/p>\n<p class=\"v-p\">Querida profesora King: su trabajo ha logrado la identificaci\u00f3n de una regi\u00f3n cromos\u00f3mica humana que albergaba un gen cuyas mutaciones predisponen al c\u00e1ncer de mama y de ovario. Trabajos posteriores de otros grupos, incluyendo el suyo, condujeron al descubrimiento y validaci\u00f3n del primero de estos genes de susceptibilidad a este tipo de tumores de tanta importancia cient\u00edfica, m\u00e9dica y emocional. Pero su compromiso social ha ido m\u00e1s all\u00e1, al contribuir con sus conocimientos en gen\u00e9tica a que los nietos de los desaparecidos por la represi\u00f3n de la dictadura argentina hayan podido reunirse con sus familias. Imagino el alivio que habr\u00e1n sentido tantos abuelos.<\/p>\n<p class=\"v-p\">Queridos Madeleine y Antonio, representantes del Museo Nacional de Antropolog\u00eda de M\u00e9xico: reconocemos hoy aqu\u00ed la importancia de su instituci\u00f3n, que cuida, exhibe, conserva y difunde el legado prehisp\u00e1nico y la cultura ind\u00edgena de M\u00e9xico. Acab\u00e1is de celebrar vuestro 60 aniversario, aunque vuestro germen se remonte a hace 200 a\u00f1os. Proyect\u00e1is con vigor la fuerza de un pueblo que se mira a s\u00ed mismo con orgullo y que muestra al mundo su generosidad para compartir vuestra gran historia en un ejercicio de concordia. Alg\u00fan d\u00eda espero tener la suerte de adentrarme en ese bosque de Chapultepec y admirar m\u00e1s de tres mil a\u00f1os de historia. Y ver la Piedra del Sol. Y tantas muestras de vida olmeca, zapoteca, maya, mixteca\u2026 Hoy M\u00e9xico est\u00e1 muy presente en este teatro Campoamor.<\/p>\n<p class=\"v-p\">Querida Graciela: no dejo de mirar su foto de esa ind\u00edgena zapoteca con las iguanas en la cabeza. Y la imagino en aquel 1979, esperando con paciencia en el mercado de Juchit\u00e1n a que aquella mujer y sus iguanas adoptaran la forma, la expresi\u00f3n, que quer\u00eda atrapar para siempre con su c\u00e1mara. Acabo de decir \u00abesperar\u00bb y \u00abpaciencia\u00bb, por cierto. No abundan en estos tiempos. Por eso es una fot\u00f3grafa sin prisa, con vocaci\u00f3n de escritora, estudiosa del cine y gran lectora. Una artista que ha plasmado la fuerza de las mujeres, la de la zapoteca de las iguanas, tambi\u00e9n la de la mujer seri de Sonora, la Mujer \u00c1ngel que enlaza presente y futuro en aquel desierto. Ojal\u00e1 que mis colegas de generaci\u00f3n se detengan sin prisa a mirar sus fotograf\u00edas.<\/p>\n<p class=\"v-p\">Querido profesor Massey: hoy reconocemos su an\u00e1lisis de una realidad tan vigente hoy como son los movimientos migratorios humanos. La complejidad de este fen\u00f3meno nos desborda. Dice que la inmigraci\u00f3n conlleva costes y beneficios, y que el problema es que los costes se producen de forma desproporcionada en el presente y en el \u00e1mbito local, mientras que los beneficios se acumulan en el futuro y en el \u00e1mbito nacional. Lo ha defendido con datos hasta la saciedad, meti\u00e9ndose en el centro de la discusi\u00f3n pol\u00edtica con ataques desde diferentes \u00e1mbitos ideol\u00f3gicos. Desde el rigor acad\u00e9mico ha contribuido a rehumanizar la mirada hacia quien deja su pa\u00eds. Su trabajo nos permite comprender en toda su dimensi\u00f3n el gran desaf\u00edo que tienen hoy muchos gobiernos con la inmigraci\u00f3n. Ha roto las narrativas simplistas y ha formulado pol\u00edticas migratorias basadas en datos y no en desinformaci\u00f3n.<\/p>\n<p class=\"v-p\">Querido Eduardo: pues m\u00e1s que de felicidad, que tambi\u00e9n, me has provisto de curiosidad por palabras que los de mi generaci\u00f3n no conocemos. Sirvan de ejemplo: f\u00e1mula, badulaque, enteco, masovero, chafarrin\u00f3n. Tras cinco d\u00e9cadas escribiendo, has demostrado que hay debates, como \u00e9se tan presente sobre la literatura popular y la culta\u2026, que t\u00fa desmontas con la lectura de \u00abLa ciudad de los prodigios\u00bb o \u00abLa verdad sobre el caso Savolta\u00bb. O cualquiera de tus obras. Te llamas artesano de la palabra y lo dices con el humor fino y socarr\u00f3n del barcelon\u00e9s al que adorna un barniz cervantino, un poco brit\u00e1nico, un poco neoyorquino y, a partir de ahora, tambi\u00e9n un poco asturiano. Tu obra es necesaria. Para saber m\u00e1s, para comprender m\u00e1s, para aparcar el scroll infinito (ya saben, lo de arrastrar sin fin el dedo por la pantalla del tel\u00e9fono\u2026.) y permitir que la lectura profunda de tus libros nos lleve a hacer inferencias y deducciones. Lo que nos llevar\u00e1 al an\u00e1lisis y al discernimiento de la realidad. Es decir, a una mejor comprensi\u00f3n de cuanto nos rodea. \u00bfY no es eso ser m\u00e1s libres?<\/p>\n<p class=\"v-p\">Querido profesor Han: perm\u00edtame que transgreda sus principios y me refiera a ese emoticono que tenemos en los m\u00f3viles en el que al mu\u00f1equito le explota el cerebro. Y ahora le pregunto:<\/p>\n<p class=\"v-p\">\u2212 si vivimos en un redil digital, \u2212 si hemos vendido el alma a un dispositivo, si somos esclavos de la pantalla, si nos autoexplotamos para cumplir con las exigencias del rendimiento y la productividad y por la sobrecarga de est\u00edmulos descuidamos la reflexi\u00f3n,<\/p>\n<p class=\"v-p\">\u2212 si lo trascendente se nos escapa, si lo que creemos que es libertad es s\u00f3lo control\u2026, \u00bfc\u00f3mo recuperamos, sobre todo los j\u00f3venes, la TRASCENDENCIA para que la vida no sea, como usted dice, la mera satisfacci\u00f3n de necesidades y la exhibici\u00f3n narcisista -en las redes sociales- de un optimismo que confundimos con verdadera esperanza en medio del ruido de los datos y de la informaci\u00f3n, tan lejos -por tanto- del verdadero conocimiento? Entender\u00e1, profesor, que nos quedemos como el emoji al que me refer\u00eda al principio de esta carta. Busquemos la respuesta en su pensamiento: el tiempo del apresuramiento no es habitable, por eso nos invita, entre otras cosas, a practicar la paciencia y la introspecci\u00f3n. Y , sobre todo, la lectura profunda.<\/p>\n<p class=\"v-p\">Terminado mi homenaje anal\u00f3gico en forma de carta a nuestros premiados, y siendo consciente de la complejidad que nos rodea y de c\u00f3mo estas mujeres y hombres la han atravesado con sus obras y sus vidas, estar\u00e9is de acuerdo en que conviene equiparse con buenas herramientas para afrontar esa complejidad. As\u00ed que no vendr\u00eda mal avivar el entusiasmo.<\/p>\n<p class=\"v-p\">Quiz\u00e1 debamos volver a lo esencial, a los b\u00e1sicos:<\/p>\n<p class=\"v-p\">\u2212 al respeto por quienes piensan diferente, por quienes SON diferentes; \u2212 a la educaci\u00f3n, a valorar a nuestras maestras y maestros y considerar nuestro tiempo escolar obligatorio como una etapa crucial en la que todos (administraciones y sociedad civil) deben implicarse para que cada ciudadano libre tenga oportunidades; \u2212 a no olvidarnos de atender (con acciones responsables y medibles) a quienes no lo tienen f\u00e1cil, a las personas m\u00e1s vulnerables, a los j\u00f3venes que pelean para formarse, para tener un trabajo, para tener un hogar, a las personas mayores que no desean estar solas, a nuestros ni\u00f1os y ni\u00f1as en riesgo de pobreza; \u2212 quiz\u00e1 haya que recordar lo que significa tratar bien al pr\u00f3jimo, salir de la trinchera, sacudirnos el miedo, unirnos para hacer las cosas mejor, pensar en que, si no miramos al otro, no sabremos construir confianza.<\/p>\n<p class=\"v-p\">La convivencia no es f\u00e1cil, pero es el \u00fanico camino para lograr el progreso compartido. Tiene sentido cuidar y defender los valores que, como espa\u00f1oles y europeos, en realidad como ciudadanos de cualquier lugar, nos definen y nos gu\u00edan. Confiar en ellos es confiar en la libertad frente al miedo, en la justicia frente a la arbitrariedad, en la democracia frente a la intolerancia, en el Estado social de derecho frente al abuso del poder, en los derechos humanos frente a la indiferencia. Soy consciente de que a veces las palabras pronunciadas en un atril pueden sonar vac\u00edas, pero s\u00e9 tambi\u00e9n que no est\u00e1 de m\u00e1s repasar y recordar la naturaleza de las dificultades, pero tambi\u00e9n de las soluciones, e insistir en que no hay f\u00f3rmulas m\u00e1gicas para gestionar esa complejidad. Hoy los premiados contribuyen, precisamente, a avivar el entusiasmo.<\/p>\n<p class=\"v-p\">Muchas gracias.<\/p>\n","protected":false},"excerpt":{"rendered":"<p>Semeyes: LNE \/ El Comercio \/ Videu \/<\/p>\n","protected":false},"author":117,"featured_media":0,"comment_status":"closed","ping_status":"open","sticky":false,"template":"","format":"standard","meta":{"footnotes":""},"categories":[28],"tags":[],"class_list":["post-60311","post","type-post","status-publish","format-standard","hentry","category-premios-princesa-da"],"_links":{"self":[{"href":"https:\/\/edublog.educastur.es\/ixuxu\/wp-json\/wp\/v2\/posts\/60311","targetHints":{"allow":["GET"]}}],"collection":[{"href":"https:\/\/edublog.educastur.es\/ixuxu\/wp-json\/wp\/v2\/posts"}],"about":[{"href":"https:\/\/edublog.educastur.es\/ixuxu\/wp-json\/wp\/v2\/types\/post"}],"author":[{"embeddable":true,"href":"https:\/\/edublog.educastur.es\/ixuxu\/wp-json\/wp\/v2\/users\/117"}],"replies":[{"embeddable":true,"href":"https:\/\/edublog.educastur.es\/ixuxu\/wp-json\/wp\/v2\/comments?post=60311"}],"version-history":[{"count":25,"href":"https:\/\/edublog.educastur.es\/ixuxu\/wp-json\/wp\/v2\/posts\/60311\/revisions"}],"predecessor-version":[{"id":60476,"href":"https:\/\/edublog.educastur.es\/ixuxu\/wp-json\/wp\/v2\/posts\/60311\/revisions\/60476"}],"wp:attachment":[{"href":"https:\/\/edublog.educastur.es\/ixuxu\/wp-json\/wp\/v2\/media?parent=60311"}],"wp:term":[{"taxonomy":"category","embeddable":true,"href":"https:\/\/edublog.educastur.es\/ixuxu\/wp-json\/wp\/v2\/categories?post=60311"},{"taxonomy":"post_tag","embeddable":true,"href":"https:\/\/edublog.educastur.es\/ixuxu\/wp-json\/wp\/v2\/tags?post=60311"}],"curies":[{"name":"wp","href":"https:\/\/api.w.org\/{rel}","templated":true}]}}