{"id":60381,"date":"2025-10-25T19:00:36","date_gmt":"2025-10-25T17:00:36","guid":{"rendered":"https:\/\/edublog.educastur.es\/ixuxu\/?p=60381"},"modified":"2025-10-27T12:31:39","modified_gmt":"2025-10-27T10:31:39","slug":"la-universida-duvieu-estudia-les-roques-que-construyeron-la-capital-del-principau-dasturies","status":"publish","type":"post","link":"https:\/\/edublog.educastur.es\/ixuxu\/2025\/10\/la-universida-duvieu-estudia-les-roques-que-construyeron-la-capital-del-principau-dasturies\/","title":{"rendered":"La Universid\u00e1 d&#8217;Uvi\u00e9u estudia les roques que construyeron la capital del Princip\u00e1u d&#8217;Asturies"},"content":{"rendered":"<div class=\"html-div xdj266r xat24cr x1lziwak xexx8yu xyri2b x18d9i69 x1c1uobl x78zum5 x2lah0s xqtp20y x1xegmmw\">\n<div class=\"xc9qbxq x1td3qas x6s0dn4 x78zum5 xl56j7k\">\n<div class=\"\"><a href=\"https:\/\/www.uniovi.es\/documents\/39158\/12260156\/2025-10-20-Voluta-San-Isidoro-La-Granda.jpg\/0d093b91-8b6e-5f40-ba0f-c82ef9b6667f?t=1760946897618\"><img loading=\"lazy\" decoding=\"async\" class=\"aligncenter size-large\" src=\"https:\/\/www.uniovi.es\/documents\/39158\/12260156\/2025-10-20-Voluta-San-Isidoro-La-Granda.jpg\/0d093b91-8b6e-5f40-ba0f-c82ef9b6667f?t=1760946897618\" width=\"2560\" height=\"1920\" \/><\/a><\/div>\n<\/div>\n<\/div>\n<div class=\"x78zum5 xdt5ytf xz62fqu x16ldp7u\">\n<div class=\"xu06os2 x1ok221b\">\n<div class=\"html-div xdj266r x14z9mp xat24cr x1lziwak xexx8yu xyri2b x18d9i69 x1c1uobl\" data-ad-rendering-role=\"profile_name\">\n<ul>\n<li class=\"html-h3 x14z9mp xat24cr x1lziwak xexx8yu xyri2b x18d9i69 x1c1uobl x1vvkbs x1heor9g x1qlqyl8 x1pd3egz x1a2a7pz x1gslohp x1yc453h\"><span class=\"x1lliihq x6ikm8r x10wlt62 x1n2onr6\"><span class=\"xt0psk2\"><span class=\"xjp7ctv\"><a class=\"x1i10hfl xjbqb8w x1ejq31n x18oe1m7 x1sy0etr xstzfhl x972fbf x10w94by x1qhh985 x14e42zd x9f619 x1ypdohk xt0psk2 x3ct3a4 xdj266r x14z9mp xat24cr x1lziwak xexx8yu xyri2b x18d9i69 x1c1uobl x16tdsg8 x1hl2dhg xggy1nq x1a2a7pz xkrqix3 x1sur9pj xzsf02u x1s688f\" role=\"link\" href=\"https:\/\/www.facebook.com\/UniversidadOviedo?__cft__[0]=AZWPbftkoOd1Cxs6C9_Ms-qKWDU0o6cXv3-cngFT_e1VYLHg5_96czk0dQmAjlrr8xuSi7rWAuro5ISURDtO_loHnUfGnEQYR-0OOqu3PptlXicFaFb4lKJWTSF4w_yn-gTSKLfVWtVHrRC-YleP0edtAftIklMe8jOPaLAS_WACCQtTj3fS0sQgidXPOT_EZnM_GI6ICZayeRLXgFmmwcBw&amp;__tn__=-UC%2CP-y-R\"><b class=\"html-b xdj266r x14z9mp xat24cr x1lziwak xexx8yu xyri2b x18d9i69 x1c1uobl x1hl2dhg x16tdsg8 x1vvkbs x1s688f\"><span class=\"html-span xdj266r x14z9mp xat24cr x1lziwak xexx8yu xyri2b x18d9i69 x1c1uobl x1hl2dhg x16tdsg8 x1vvkbs\">Universidad de Oviedo &#8211; UniOvi<\/span><\/b><\/a><\/span><\/span><\/span><\/li>\n<\/ul>\n<\/div>\n<\/div>\n<div dir=\"auto\">La hestoria d&#8217;Uvi\u00e9u ta escrita en piedra. La Universid\u00e1 d&#8217;Uvi\u00e9u estudia <strong>les roques<\/strong> que construyeron la capital del Princip\u00e1u d&#8217;Asturies, <strong><\/strong><strong>candidates a ser reconoc\u00edes como Patrimoniu Mundial. <\/strong>La piedra cola que se construy\u00f3 l&#8217;Uvi\u00e9u Antiguu, propuesta a Piedra Patrimoniu de la Humanid\u00e1.<strong><\/strong><strong><br \/>\n<\/strong><a href=\"https:\/\/www.rtpa.es\/noticias-asturias-ast\/2025-10-20\/La-piedra-cola-que-se-construyo-l'Uvieu-Antiguu,-propuesta-a-Piedra-Patrimoniu-de-la-Humanida_111760960952.html\">RTPA<\/a><strong> \/<\/strong> \/<span class=\"html-span xdj266r x14z9mp xat24cr x1lziwak xexx8yu xyri2b x18d9i69 x1c1uobl x1hl2dhg x16tdsg8 x1vvkbs\"><a class=\"x1i10hfl xjbqb8w x1ejq31n x18oe1m7 x1sy0etr xstzfhl x972fbf x10w94by x1qhh985 x14e42zd x9f619 x1ypdohk xt0psk2 x3ct3a4 xdj266r x14z9mp xat24cr x1lziwak xexx8yu xyri2b x18d9i69 x1c1uobl x16tdsg8 x1hl2dhg xggy1nq x1a2a7pz xkrqix3 x1sur9pj x1fey0fg x1s688f\" role=\"link\" href=\"https:\/\/f.mtr.cool\/fpwegskrbi?fbclid=IwZXh0bgNhZW0CMTAAYnJpZBEwUmV1STdyMG9SZklMd2NOUgEe75rt83MTVCk0ZB1Rdo10bwrSmreD35KWqTIqr8eVFpQwlFy4iM_pOwMorqg_aem_mOPW26gnijfY_YOyPPCddw\" target=\"_blank\" rel=\"nofollow noopener noreferrer\">https:\/\/f.mtr.cool\/fpwegskrbi<\/a><\/span><\/div>\n<div class=\"xu06os2 x1ok221b\"><\/div>\n<\/div>\n<p><!--more--><\/p>\n<p style=\"text-align: center\"><a href=\"https:\/\/www.uniovi.es\/o\/adaptive-media\/image\/12395919\/3\/d29b11f5-20ed-ea99-5900-9baa85a986d5?t=1760946920224\"><img loading=\"lazy\" decoding=\"async\" class=\"aligncenter size-large\" src=\"https:\/\/www.uniovi.es\/o\/adaptive-media\/image\/12395919\/3\/d29b11f5-20ed-ea99-5900-9baa85a986d5?t=1760946920224\" width=\"1000\" height=\"750\" \/><\/a><\/p>\n<p><strong>Investigadores de la Universid\u00e1 d&#8217;Uvi\u00e9u analicen el patrimoniu pedr\u00e9s de la capital d&#8217;Asturies. <\/strong><\/p>\n<p>L&#8217;Uvi\u00e9u hist\u00f3ricu ta construy\u00edu con <strong>dos tipos principales de roques o piedres, la caliar de Piedramuelle<\/strong>, de tonu mariellu-acolorat\u00e1u,<strong> y la dolom\u00eda de Laspra<\/strong>, de colores grises claros.<\/p>\n<p>Espertos del Departamentu de Xeolox\u00eda de la instituci\u00f3n acad\u00e9mica y l&#8217;empresa GEA Asesor\u00eda Xeol\u00f3xica estudien les caracter\u00edstiques d&#8217;estes roques, la so resistencia frente al pasu del tiempu y los m\u00e9todos y tratamientos de restauraci\u00f3n que precisen |<strong> Los investigadores van proponer la candidatura de la piedra d&#8217;Uvi\u00e9u a Piedra de Patrimoniu Mundial<\/strong>, distinci\u00f3n qu&#8217;otorga la Uni\u00f3n Internacional de Ciencies Xeol\u00f3xiques a roques singulares coles que se construyeron los edificios m\u00e1s representativos de la humanid\u00e1<\/p>\n<p>Los or\u00edxenes de la ciud\u00e1 d&#8217;Uvi\u00e9u pi\u00e9rdene nel tiempu, anque<strong> hai nicios arqueol\u00f3xicos de que y\u00e1 nel sieglu I dempu\u00e9s de Cristu esist\u00eda un asentamientu permanente.<\/strong> A lo llargo de los sieglos, Uvi\u00e9u vio reis, guerres y revoluciones.<\/p>\n<p>La resultancia m\u00e1s tanxible d&#8217;esta dilatada hestoria ye la so arquitectura, los sos edificios \u00fanicos \u2013la catedral de San Salvador, les ilesies de Santa Mar\u00eda del Naranco y San Miguel de Lli\u00f1o o&#8217;l palaciu de Valdecarzana-Heredia&#8211; que dan forma y conten\u00edu a la ciud\u00e1. Esta arquitectura non puede interpretase ensin entender primero les piedres coles que ta fecha. <strong>L&#8217;Uvi\u00e9u hist\u00f3ricu ta construy\u00edu con dos tipos principales de piedres, la caliar de Piedramuelle &#8211;de tonu mariellu-acolorat\u00e1u&#8211; y la dolom\u00eda de Laspra &#8211;tonos grises escamplaes&#8211;. Rescampla qu&#8217;otru tipu de roques crearen un paisaxe urbano distintu.<\/strong><\/p>\n<p style=\"text-align: center\"><a href=\"https:\/\/www.rtpa.es\/fotos\/\/25\/10\/20251020134759_RTPA7245554.webp\"><img loading=\"lazy\" decoding=\"async\" class=\"aligncenter size-large\" src=\"https:\/\/www.rtpa.es\/fotos\/\/25\/10\/20251020134759_RTPA7245554.webp\" width=\"853\" height=\"480\" \/><\/a><\/p>\n<p class=\"font-size-m padding-b-20 font-weight-b margin-t-16\">Investigadores del departamentu de Xeolox\u00eda de la Universid\u00e1 d&#8217;Uvi\u00e9u proponen la candidatura.<\/p>\n<p>La caliza de Piedramuelle y la Dolom\u00eda de L\u2019Aspra son los tipos principales de piedra que dan forma al Uvi\u00e9u Antiguu. Con ella construy\u00f3se la Catedral, el Palaciu de la R\u00faa o\u2019l de Valdecarzana.<\/p>\n<p>Ensin el so usu, l\u2019aspectu del Cascu Hist\u00f3ricu sedr\u00eda distintu dafechu. Investigadores del Departamentu de Xeolox\u00eda de la Universid\u00e1 d\u2019Uvi\u00e9u propunxeron la candidatura d\u2019esta piedra a Piedra Patrimoniu Mundial de la Humanid\u00e1 se\u00f1ala V\u00edctor C\u00e1rdenes, profesor titular del \u00c1rea de Petrolox\u00eda de la Universid\u00e1 d\u2019Uvi\u00e9u.<\/p>\n<p>A pesar de ser piedra carbonatao, propenso a l\u2019alteraci\u00f3n del tiempu, dende l\u2019\u00c1rea de Petrolox\u00eda y Xeoqu\u00edmica de la Universid\u00e1 d\u2019Uvi\u00e9u aseguren que tienen bona sal\u00fa. Piden, sicas\u00ed, llevar un control davezu sobre posibles erosiones o escavaciones. Descarten que la celebraci\u00f3n d\u2019actividaes festives influya nel so estrozu.<\/p>\n","protected":false},"excerpt":{"rendered":"<p>Universidad de Oviedo &#8211; UniOvi La hestoria d&#8217;Uvi\u00e9u ta escrita en piedra. La Universid\u00e1 d&#8217;Uvi\u00e9u estudia les roques que construyeron la capital del Princip\u00e1u d&#8217;Asturies, candidates a ser reconoc\u00edes como Patrimoniu Mundial. La piedra cola que se construy\u00f3 l&#8217;Uvi\u00e9u Antiguu, propuesta a Piedra Patrimoniu de la Humanid\u00e1. RTPA \/ \/https:\/\/f.mtr.cool\/fpwegskrbi<\/p>\n","protected":false},"author":117,"featured_media":0,"comment_status":"closed","ping_status":"open","sticky":false,"template":"","format":"standard","meta":{"footnotes":""},"categories":[212],"tags":[],"class_list":["post-60381","post","type-post","status-publish","format-standard","hentry","category-universida-duvieu"],"_links":{"self":[{"href":"https:\/\/edublog.educastur.es\/ixuxu\/wp-json\/wp\/v2\/posts\/60381","targetHints":{"allow":["GET"]}}],"collection":[{"href":"https:\/\/edublog.educastur.es\/ixuxu\/wp-json\/wp\/v2\/posts"}],"about":[{"href":"https:\/\/edublog.educastur.es\/ixuxu\/wp-json\/wp\/v2\/types\/post"}],"author":[{"embeddable":true,"href":"https:\/\/edublog.educastur.es\/ixuxu\/wp-json\/wp\/v2\/users\/117"}],"replies":[{"embeddable":true,"href":"https:\/\/edublog.educastur.es\/ixuxu\/wp-json\/wp\/v2\/comments?post=60381"}],"version-history":[{"count":5,"href":"https:\/\/edublog.educastur.es\/ixuxu\/wp-json\/wp\/v2\/posts\/60381\/revisions"}],"predecessor-version":[{"id":60454,"href":"https:\/\/edublog.educastur.es\/ixuxu\/wp-json\/wp\/v2\/posts\/60381\/revisions\/60454"}],"wp:attachment":[{"href":"https:\/\/edublog.educastur.es\/ixuxu\/wp-json\/wp\/v2\/media?parent=60381"}],"wp:term":[{"taxonomy":"category","embeddable":true,"href":"https:\/\/edublog.educastur.es\/ixuxu\/wp-json\/wp\/v2\/categories?post=60381"},{"taxonomy":"post_tag","embeddable":true,"href":"https:\/\/edublog.educastur.es\/ixuxu\/wp-json\/wp\/v2\/tags?post=60381"}],"curies":[{"name":"wp","href":"https:\/\/api.w.org\/{rel}","templated":true}]}}