{"id":60386,"date":"2025-10-24T09:10:55","date_gmt":"2025-10-24T07:10:55","guid":{"rendered":"https:\/\/edublog.educastur.es\/ixuxu\/?p=60386"},"modified":"2025-10-25T22:03:35","modified_gmt":"2025-10-25T20:03:35","slug":"60386","status":"publish","type":"post","link":"https:\/\/edublog.educastur.es\/ixuxu\/2025\/10\/60386\/","title":{"rendered":""},"content":{"rendered":"<div class=\"html-div xdj266r x14z9mp xat24cr x1lziwak xexx8yu xyri2b x18d9i69 x1c1uobl\" dir=\"auto\">\n<div class=\"html-div xdj266r x14z9mp xat24cr x1lziwak xexx8yu xyri2b x18d9i69 x1c1uobl\" dir=\"auto\">\n<div class=\"html-div xdj266r x14z9mp xat24cr x1lziwak xexx8yu xyri2b x18d9i69 x1c1uobl\" data-ad-rendering-role=\"story_message\">\n<div class=\"x1l90r2v x1iorvi4 x1g0dm76 xpdmqnj\" data-ad-comet-preview=\"message\" data-ad-preview=\"message\">\n<div class=\"x78zum5 xdt5ytf xz62fqu x16ldp7u\">\n<div class=\"xu06os2 x1ok221b\">\n<div class=\"html-div xdj266r x14z9mp xat24cr x1lziwak xexx8yu xyri2b x18d9i69 x1c1uobl\">\n<div class=\"xdj266r x14z9mp xat24cr x1lziwak x1vvkbs x126k92a\">\n<div dir=\"auto\" style=\"text-align: center\"><span style=\"color: #800080;font-size: 28px\"><em><strong>\u00abUna biblioteca ye una compa\u00f1\u00eda, <\/strong><\/em><\/span><br \/>\n<span style=\"color: #800080;font-size: 28px\"><em><strong>un abelugu y un proyectu de vida\u00bb.<\/strong><\/em><\/span><\/div>\n<div dir=\"auto\" style=\"text-align: center\">Arturo P\u00e9rez-Reverte<\/div>\n<div dir=\"auto\"><\/div>\n<\/div>\n<\/div>\n<\/div>\n<\/div>\n<\/div>\n<div dir=\"auto\" style=\"text-align: center\"><a href=\"https:\/\/www.uniovi.es\/o\/adaptive-media\/image\/47096\/3\/8aff86cb-436f-92ce-51fc-d626fe0e7735?t=1669892124169\"><img loading=\"lazy\" decoding=\"async\" class=\"aligncenter \" src=\"https:\/\/www.uniovi.es\/o\/adaptive-media\/image\/47096\/3\/8aff86cb-436f-92ce-51fc-d626fe0e7735?t=1669892124169\" width=\"584\" height=\"757\" \/><\/a><\/div>\n<div class=\"x1l90r2v x1iorvi4 x1g0dm76 xpdmqnj\" data-ad-comet-preview=\"message\" data-ad-preview=\"message\">\n<div class=\"x78zum5 xdt5ytf xz62fqu x16ldp7u\">\n<div class=\"xu06os2 x1ok221b\">\n<div class=\"html-div xdj266r x14z9mp xat24cr x1lziwak xexx8yu xyri2b x18d9i69 x1c1uobl\">\n<div dir=\"auto\" style=\"text-align: center\"><span style=\"color: #800080\"><strong><em><span style=\"font-size: 28px\">\u00abLa biblioteca ye la m\u00e1s democr\u00e1tica<\/span><\/em><\/strong><\/span><br \/>\n<span style=\"color: #800080\"><strong><em><span style=\"font-size: 28px\"> de les instituciones, <\/span><\/em><\/strong><\/span><br \/>\n<span style=\"color: #800080\"><strong><em><span style=\"font-size: 28px\">porque naide n&#8217;absolutu <\/span><\/em><\/strong><\/span><span style=\"color: #800080\"><strong><em><span style=\"font-size: 28px\">puede dicinos<br \/>\nqu\u00e9 lleer, cu\u00e1ndo y c\u00f3mo\u00bb.<\/span><\/em><\/strong><\/span><br \/>\nDoris Lessing.<\/div>\n<\/div>\n<\/div>\n<\/div>\n<\/div>\n<\/div>\n<\/div>\n<\/div>\n","protected":false},"excerpt":{"rendered":"<p>\u00abUna biblioteca ye una compa\u00f1\u00eda, un abelugu y un proyectu de vida\u00bb. Arturo P\u00e9rez-Reverte \u00abLa biblioteca ye la m\u00e1s democr\u00e1tica de les instituciones, porque naide n&#8217;absolutu puede dicinos qu\u00e9 lleer, cu\u00e1ndo y c\u00f3mo\u00bb. Doris Lessing.<\/p>\n","protected":false},"author":117,"featured_media":0,"comment_status":"closed","ping_status":"open","sticky":false,"template":"","format":"quote","meta":{"footnotes":""},"categories":[193,1],"tags":[],"class_list":["post-60386","post","type-post","status-publish","format-quote","hentry","category-biblioteques","category-sin-categoria","post_format-post-format-quote"],"_links":{"self":[{"href":"https:\/\/edublog.educastur.es\/ixuxu\/wp-json\/wp\/v2\/posts\/60386","targetHints":{"allow":["GET"]}}],"collection":[{"href":"https:\/\/edublog.educastur.es\/ixuxu\/wp-json\/wp\/v2\/posts"}],"about":[{"href":"https:\/\/edublog.educastur.es\/ixuxu\/wp-json\/wp\/v2\/types\/post"}],"author":[{"embeddable":true,"href":"https:\/\/edublog.educastur.es\/ixuxu\/wp-json\/wp\/v2\/users\/117"}],"replies":[{"embeddable":true,"href":"https:\/\/edublog.educastur.es\/ixuxu\/wp-json\/wp\/v2\/comments?post=60386"}],"version-history":[{"count":3,"href":"https:\/\/edublog.educastur.es\/ixuxu\/wp-json\/wp\/v2\/posts\/60386\/revisions"}],"predecessor-version":[{"id":60390,"href":"https:\/\/edublog.educastur.es\/ixuxu\/wp-json\/wp\/v2\/posts\/60386\/revisions\/60390"}],"wp:attachment":[{"href":"https:\/\/edublog.educastur.es\/ixuxu\/wp-json\/wp\/v2\/media?parent=60386"}],"wp:term":[{"taxonomy":"category","embeddable":true,"href":"https:\/\/edublog.educastur.es\/ixuxu\/wp-json\/wp\/v2\/categories?post=60386"},{"taxonomy":"post_tag","embeddable":true,"href":"https:\/\/edublog.educastur.es\/ixuxu\/wp-json\/wp\/v2\/tags?post=60386"}],"curies":[{"name":"wp","href":"https:\/\/api.w.org\/{rel}","templated":true}]}}