{"id":60397,"date":"2025-10-23T20:00:11","date_gmt":"2025-10-23T18:00:11","guid":{"rendered":"https:\/\/edublog.educastur.es\/ixuxu\/?p=60397"},"modified":"2025-10-25T22:34:36","modified_gmt":"2025-10-25T20:34:36","slug":"60397","status":"publish","type":"post","link":"https:\/\/edublog.educastur.es\/ixuxu\/2025\/10\/60397\/","title":{"rendered":"Iturbide percorri\u00f3 la esposici\u00f3n d&#8217;una amuesa de los trabayos nel Pozu Sot\u00f3n."},"content":{"rendered":"<div class=\"xu06os2 x1ok221b\">\n<div class=\"x1gslohp\">\n<ul>\n<li class=\"html-h2 x14z9mp xat24cr x1lziwak xexx8yu xyri2b x18d9i69 x1c1uobl x1vvkbs x1heor9g x1qlqyl8 x1pd3egz x1a2a7pz x1gslohp\"><span class=\"x193iq5w xeuugli x13faqbe x1vvkbs x1xmvt09 x1f6kntn xvq8zen xo1l8bm xi81zsa\"><span class=\"xt0psk2\"><span class=\"xjp7ctv\"><a class=\"x1i10hfl xjbqb8w x1ejq31n x18oe1m7 x1sy0etr xstzfhl x972fbf x10w94by x1qhh985 x14e42zd x9f619 x1ypdohk xt0psk2 x3ct3a4 xdj266r x14z9mp xat24cr x1lziwak xexx8yu xyri2b x18d9i69 x1c1uobl x16tdsg8 x1hl2dhg xggy1nq x1a2a7pz xkrqix3 x1sur9pj xzsf02u x1s688f\" role=\"link\" href=\"https:\/\/www.facebook.com\/fpa?__cft__[0]=AZVgKyxEOwW_Qfi3H1e5R9wPkB3IjP9QTCxGVSge5VuAI3opD4-mm7_KWowaPwvDZ7iXfNvpuirfkLr0g4MMA1U0VGVK8DQeby5Mne3SY8vrNBXBbM7eYczjC6TWSWC7jI6L2W8oqm6o_hIse4sgwNNvZoVingTJFOaoCTWn2aNS8XUUuyOI8FQaQwd7iycofGFZzmTzhKW8onKz1_yQvaAk&amp;__tn__=-UC*F\">Fundaci\u00f3n Princesa de Asturias<\/a> <\/span><\/span><\/span><span class=\"x193iq5w xeuugli x13faqbe x1vvkbs x1xmvt09 x1lliihq x1s928wv xhkezso x1gmr53x x1cpjm7i x1fgarty x1943h6x xudqn12 x3x7a5m x1f6kntn xvq8zen xo1l8bm xzsf02u\" dir=\"auto\"><span class=\"html-span xexx8yu xyri2b x18d9i69 x1c1uobl x1hl2dhg x16tdsg8 x1vvkbs x3nfvp2 x1j61x8r x1fcty0u xdj266r xat24cr xm2jcoa x1mpyi22 xxymvpz xlup9mm x1kky2od\"><img loading=\"lazy\" decoding=\"async\" class=\"xz74otr x15mokao x1ga7v0g x16uus16 xbiv7yw\" src=\"https:\/\/static.xx.fbcdn.net\/images\/emoji.php\/v9\/t5d\/1\/16\/1f4f7.png\" alt=\"\ud83d\udcf7\ufe0f\" width=\"16\" height=\"16\" \/><\/span> \u00a9FPA | Yeray Men\u00e9ndez<\/span><\/li>\n<li><a href=\"https:\/\/www.facebook.com\/hashtag\/gracielaiturbide\">https:\/\/www.facebook.com\/hashtag\/gracielaiturbide<\/a><\/li>\n<\/ul>\n<\/div>\n<\/div>\n<div>Graciela Iturbide tuvo un alcuentru con estudiantes y docentes participantes na activid\u00e1 \u00abTres lo visible\u00bb del programa cultural para centros educativos \u00abToma la Palabra\u00bb. Primeramente, la galardonada col Premiu Princesa d&#8217;Asturies de les Artes 2025 percorri\u00f3 la esposici\u00f3n d&#8217;una amuesa de los trabayos de los alumnos allugada na sala de m\u00e1quines del Pozu Sot\u00f3n.<\/div>\n<div style=\"text-align: center\"><\/div>\n<div style=\"text-align: center\"><span style=\"color: #008080;font-size: 24px\"><strong><em>\u00abLa mio c\u00e1mara ye un pretestu<br \/>\npara conocer el mundu\u00bb<\/em><\/strong><\/span><\/div>\n<div><\/div>\n<div style=\"text-align: center\">\n<!-- iframe plugin v.6.0 wordpress.org\/plugins\/iframe\/ -->\n<iframe loading=\"lazy\" src=\"https:\/\/www.facebook.com\/plugins\/post.php?href=https%3A%2F%2Fwww.facebook.com%2Fphoto.php%3Ffbid%3D1243518847821197%26set%3Da.1239988984840850%26type%3D3&#038;show_text=false&#038;width=500\" width=\"500\" height=\"847\" style=\"border:none;overflow:hidden\" scrolling=\"no\" frameborder=\"0\" allowfullscreen=\"true\" allow=\"autoplay; clipboard-write; encrypted-media; picture-in-picture; web-share\" 0=\"\/iframe\" class=\"iframe-class\"><\/iframe>\n<\/div>\n","protected":false},"excerpt":{"rendered":"<p>Fundaci\u00f3n Princesa de Asturias \u00a9FPA | Yeray Men\u00e9ndez https:\/\/www.facebook.com\/hashtag\/gracielaiturbide Graciela Iturbide tuvo un alcuentru con estudiantes y docentes participantes na activid\u00e1 \u00abTres lo visible\u00bb del programa cultural para centros educativos \u00abToma la Palabra\u00bb. Primeramente, la galardonada col Premiu Princesa d&#8217;Asturies de les Artes 2025 percorri\u00f3 la esposici\u00f3n d&#8217;una amuesa de los trabayos de los alumnos [&hellip;]<\/p>\n","protected":false},"author":117,"featured_media":0,"comment_status":"closed","ping_status":"open","sticky":false,"template":"","format":"standard","meta":{"footnotes":""},"categories":[28],"tags":[],"class_list":["post-60397","post","type-post","status-publish","format-standard","hentry","category-premios-princesa-da"],"_links":{"self":[{"href":"https:\/\/edublog.educastur.es\/ixuxu\/wp-json\/wp\/v2\/posts\/60397","targetHints":{"allow":["GET"]}}],"collection":[{"href":"https:\/\/edublog.educastur.es\/ixuxu\/wp-json\/wp\/v2\/posts"}],"about":[{"href":"https:\/\/edublog.educastur.es\/ixuxu\/wp-json\/wp\/v2\/types\/post"}],"author":[{"embeddable":true,"href":"https:\/\/edublog.educastur.es\/ixuxu\/wp-json\/wp\/v2\/users\/117"}],"replies":[{"embeddable":true,"href":"https:\/\/edublog.educastur.es\/ixuxu\/wp-json\/wp\/v2\/comments?post=60397"}],"version-history":[{"count":5,"href":"https:\/\/edublog.educastur.es\/ixuxu\/wp-json\/wp\/v2\/posts\/60397\/revisions"}],"predecessor-version":[{"id":60402,"href":"https:\/\/edublog.educastur.es\/ixuxu\/wp-json\/wp\/v2\/posts\/60397\/revisions\/60402"}],"wp:attachment":[{"href":"https:\/\/edublog.educastur.es\/ixuxu\/wp-json\/wp\/v2\/media?parent=60397"}],"wp:term":[{"taxonomy":"category","embeddable":true,"href":"https:\/\/edublog.educastur.es\/ixuxu\/wp-json\/wp\/v2\/categories?post=60397"},{"taxonomy":"post_tag","embeddable":true,"href":"https:\/\/edublog.educastur.es\/ixuxu\/wp-json\/wp\/v2\/tags?post=60397"}],"curies":[{"name":"wp","href":"https:\/\/api.w.org\/{rel}","templated":true}]}}