{"id":60425,"date":"2025-10-26T08:30:49","date_gmt":"2025-10-26T06:30:49","guid":{"rendered":"https:\/\/edublog.educastur.es\/ixuxu\/?p=60425"},"modified":"2025-10-25T22:48:24","modified_gmt":"2025-10-25T20:48:24","slug":"el-tiempu-el-comercio-170","status":"publish","type":"post","link":"https:\/\/edublog.educastur.es\/ixuxu\/2025\/10\/el-tiempu-el-comercio-170\/","title":{"rendered":"El tiempu (El Comercio)"},"content":{"rendered":"<p style=\"text-align: center\"><a href=\"https:\/\/s2.ppllstatics.com\/elcomercio\/www\/multimedia\/2025\/10\/25\/prevision-tiempo-asturias-kU9E-U2302588077118HVD-1900x870@El%20Comercio.jpg\"><img loading=\"lazy\" decoding=\"async\" class=\"aligncenter size-large\" src=\"https:\/\/s2.ppllstatics.com\/elcomercio\/www\/multimedia\/2025\/10\/25\/prevision-tiempo-asturias-kU9E-U2302588077118HVD-1900x870@El%20Comercio.jpg\" width=\"1900\" height=\"870\" \/><\/a><\/p>\n<p>Vamos ver como&#8217;l panorama meteorol\u00f3xicu dir\u00e1 estabiliz\u00e1ndose. Ent\u00e1 <strong>pela ma\u00f1ana<\/strong> prevense precipitaciones que van entrar pola mari\u00f1a y van acabar afectando tami\u00e9n al interior. Pero, <strong>a lo llargo de la tarde<\/strong>, claramente la probabilid\u00e1 d&#8217;ag\u00fces va baxar. Pela ma\u00f1ana los cielos van tar bien nublos pero, mientres l<strong>a segunda met\u00e1 del domingu<\/strong>, la nubosid\u00e1 va ser cada vez menos compacta hasta poder inclusive quedar poco nublu&#8217;l cielu. <strong>Los vientos<\/strong> van ser fluexos predominando de norte. <strong>Les temperatures m\u00e1ximes<\/strong> van baxar escontra l&#8217;oriente y van caltenese ensin cambeos respecto al s\u00e1badu. <strong>Les m\u00ednimes<\/strong>, pela so parte, van baxar llixeramente en tola rex\u00f3n rexistr\u00e1ndose a \u00faltima hora.<\/p>\n<p><!--more--><\/p>\n<p>El llunes vamos empecipiar la \u00faltima selmana d&#8217;ochobre con un d\u00eda soleyeru pr\u00e1cticamente en tola Comunid\u00e1 Aut\u00f3noma dende primer hasta \u00faltima hora. Los vientos van siguir siendo fluexos y les temperatures volver\u00e1n recuperase cuidao que van xubir hasta 5 o 6 \u00baC nel cordal y hasta 3 o 4 \u00baC nel restu d&#8217;Asturies. Eso s\u00ed, les temperatures m\u00ednimes volver\u00e1n baxar.<\/p>\n","protected":false},"excerpt":{"rendered":"<p>Vamos ver como&#8217;l panorama meteorol\u00f3xicu dir\u00e1 estabiliz\u00e1ndose. Ent\u00e1 pela ma\u00f1ana prevense precipitaciones que van entrar pola mari\u00f1a y van acabar afectando tami\u00e9n al interior. Pero, a lo llargo de la tarde, claramente la probabilid\u00e1 d&#8217;ag\u00fces va baxar. Pela ma\u00f1ana los cielos van tar bien nublos pero, mientres la segunda met\u00e1 del domingu, la nubosid\u00e1 va [&hellip;]<\/p>\n","protected":false},"author":117,"featured_media":0,"comment_status":"closed","ping_status":"open","sticky":false,"template":"","format":"standard","meta":{"footnotes":""},"categories":[5],"tags":[],"class_list":["post-60425","post","type-post","status-publish","format-standard","hentry","category-tiempu"],"_links":{"self":[{"href":"https:\/\/edublog.educastur.es\/ixuxu\/wp-json\/wp\/v2\/posts\/60425","targetHints":{"allow":["GET"]}}],"collection":[{"href":"https:\/\/edublog.educastur.es\/ixuxu\/wp-json\/wp\/v2\/posts"}],"about":[{"href":"https:\/\/edublog.educastur.es\/ixuxu\/wp-json\/wp\/v2\/types\/post"}],"author":[{"embeddable":true,"href":"https:\/\/edublog.educastur.es\/ixuxu\/wp-json\/wp\/v2\/users\/117"}],"replies":[{"embeddable":true,"href":"https:\/\/edublog.educastur.es\/ixuxu\/wp-json\/wp\/v2\/comments?post=60425"}],"version-history":[{"count":1,"href":"https:\/\/edublog.educastur.es\/ixuxu\/wp-json\/wp\/v2\/posts\/60425\/revisions"}],"predecessor-version":[{"id":60426,"href":"https:\/\/edublog.educastur.es\/ixuxu\/wp-json\/wp\/v2\/posts\/60425\/revisions\/60426"}],"wp:attachment":[{"href":"https:\/\/edublog.educastur.es\/ixuxu\/wp-json\/wp\/v2\/media?parent=60425"}],"wp:term":[{"taxonomy":"category","embeddable":true,"href":"https:\/\/edublog.educastur.es\/ixuxu\/wp-json\/wp\/v2\/categories?post=60425"},{"taxonomy":"post_tag","embeddable":true,"href":"https:\/\/edublog.educastur.es\/ixuxu\/wp-json\/wp\/v2\/tags?post=60425"}],"curies":[{"name":"wp","href":"https:\/\/api.w.org\/{rel}","templated":true}]}}