{"id":60429,"date":"2025-10-27T08:30:30","date_gmt":"2025-10-27T06:30:30","guid":{"rendered":"https:\/\/edublog.educastur.es\/ixuxu\/?p=60429"},"modified":"2025-10-27T12:36:19","modified_gmt":"2025-10-27T10:36:19","slug":"el-tiempu-el-comercio-171","status":"publish","type":"post","link":"https:\/\/edublog.educastur.es\/ixuxu\/2025\/10\/el-tiempu-el-comercio-171\/","title":{"rendered":"El tiempu (El Comercio)"},"content":{"rendered":"<p><a href=\"https:\/\/s1.ppllstatics.com\/elcomercio\/www\/multimedia\/2025\/10\/26\/prevision-tiempo-asturias-ksM-U2302588077118HVD-1200x870@El%20Comercio.jpg\"><img loading=\"lazy\" decoding=\"async\" class=\"aligncenter size-large\" src=\"https:\/\/s1.ppllstatics.com\/elcomercio\/www\/multimedia\/2025\/10\/26\/prevision-tiempo-asturias-ksM-U2302588077118HVD-1200x870@El%20Comercio.jpg\" width=\"1200\" height=\"870\" \/><\/a><\/p>\n<p>Empezamos la selmana con bon tiempu en tol Princip\u00e1u d&#8217;Asturies. Tamos sol predominiu de les altes presiones polo que les condiciones meteorol\u00f3xiques van tar marcaes pola estabilid\u00e1. <strong>Dende primer hora<\/strong> <strong>de la ma\u00f1ana<\/strong> preven cielos pocu nublos o estenos na rex\u00f3n y asina van siguir a lo llargo de tola xornada. <strong>Les temperatures m\u00e1ximes<\/strong> van xubir unos 5 \u00baC nel cordal, ente 3 y 4 \u00baC nel restu de la met\u00e1 sur, y hasta 3 \u00baC na met\u00e1 norte. Les temperatures m\u00ednimes van baxar llixeramente de forma xeneralizada, salvo na zona central asturiana onde&#8217;l descensu va ser daqu\u00e9 m\u00e1s significativu.<\/p>\n<p><!--more--><\/p>\n<p><strong> Los vientos<\/strong> van ser fluexos y variables pudiendo predominar, s\u00eda que non, de norte por momentos. Poro, esp\u00e9ranos un d\u00eda soleyeru pero con un ambiente t\u00e9rmico frescu, independientemente de que les temperatures tiendan a l&#8217;alza nel casu de les m\u00e1ximes cuidao que en nenguna localid\u00e1 superar\u00e1n los 17 o 18 \u00baC. El martes tami\u00e9n se preve tiempu estable anque va dir apaeciendo nubosid\u00e1 de tipu altu, ya inclusive medio, conforme vaigan trescurriendo les hores. Les temperatures van xubir<\/p>\n","protected":false},"excerpt":{"rendered":"<p>Empezamos la selmana con bon tiempu en tol Princip\u00e1u d&#8217;Asturies. Tamos sol predominiu de les altes presiones polo que les condiciones meteorol\u00f3xiques van tar marcaes pola estabilid\u00e1. Dende primer hora de la ma\u00f1ana preven cielos pocu nublos o estenos na rex\u00f3n y asina van siguir a lo llargo de tola xornada. Les temperatures m\u00e1ximes van [&hellip;]<\/p>\n","protected":false},"author":117,"featured_media":0,"comment_status":"closed","ping_status":"open","sticky":false,"template":"","format":"standard","meta":{"footnotes":""},"categories":[5],"tags":[],"class_list":["post-60429","post","type-post","status-publish","format-standard","hentry","category-tiempu"],"_links":{"self":[{"href":"https:\/\/edublog.educastur.es\/ixuxu\/wp-json\/wp\/v2\/posts\/60429","targetHints":{"allow":["GET"]}}],"collection":[{"href":"https:\/\/edublog.educastur.es\/ixuxu\/wp-json\/wp\/v2\/posts"}],"about":[{"href":"https:\/\/edublog.educastur.es\/ixuxu\/wp-json\/wp\/v2\/types\/post"}],"author":[{"embeddable":true,"href":"https:\/\/edublog.educastur.es\/ixuxu\/wp-json\/wp\/v2\/users\/117"}],"replies":[{"embeddable":true,"href":"https:\/\/edublog.educastur.es\/ixuxu\/wp-json\/wp\/v2\/comments?post=60429"}],"version-history":[{"count":3,"href":"https:\/\/edublog.educastur.es\/ixuxu\/wp-json\/wp\/v2\/posts\/60429\/revisions"}],"predecessor-version":[{"id":60457,"href":"https:\/\/edublog.educastur.es\/ixuxu\/wp-json\/wp\/v2\/posts\/60429\/revisions\/60457"}],"wp:attachment":[{"href":"https:\/\/edublog.educastur.es\/ixuxu\/wp-json\/wp\/v2\/media?parent=60429"}],"wp:term":[{"taxonomy":"category","embeddable":true,"href":"https:\/\/edublog.educastur.es\/ixuxu\/wp-json\/wp\/v2\/categories?post=60429"},{"taxonomy":"post_tag","embeddable":true,"href":"https:\/\/edublog.educastur.es\/ixuxu\/wp-json\/wp\/v2\/tags?post=60429"}],"curies":[{"name":"wp","href":"https:\/\/api.w.org\/{rel}","templated":true}]}}