{"id":60459,"date":"2025-10-27T14:41:18","date_gmt":"2025-10-27T12:41:18","guid":{"rendered":"https:\/\/edublog.educastur.es\/ixuxu\/?p=60459"},"modified":"2025-10-27T14:50:22","modified_gmt":"2025-10-27T12:50:22","slug":"marisa-valle-roso-el-tren-de-la-liberta","status":"publish","type":"post","link":"https:\/\/edublog.educastur.es\/ixuxu\/2025\/10\/marisa-valle-roso-el-tren-de-la-liberta\/","title":{"rendered":"Marisa Valle Roso: \u00abEl tren de la libert\u00e1\u00bb"},"content":{"rendered":"<ul>\n<li><a href=\"https:\/\/www.youtube.com\/watch?v=nD4gORVkP7E\">Videu<\/a> \/<\/li>\n<\/ul>\n<p style=\"text-align: center\">\n<!-- iframe plugin v.6.0 wordpress.org\/plugins\/iframe\/ -->\n<iframe loading=\"lazy\" width=\"100%\" height=\"402\" src=\"https:\/\/www.youtube.com\/embed\/nD4gORVkP7E\" title=\"Marisa Valle Roso - El tren de la libertad (v\u00eddeo oficial)\" frameborder=\"0\" allow=\"accelerometer; autoplay; clipboard-write; encrypted-media; gyroscope; picture-in-picture; web-share\" referrerpolicy=\"strict-origin-when-cross-origin\" 0=\"allowfullscreen\" 1=\"\/iframe\" scrolling=\"yes\" class=\"iframe-class\"><\/iframe>\n<\/p>\n<p><!--more--><\/p>\n<p style=\"text-align: center\"><a href=\"https:\/\/lh3.googleusercontent.com\/_x9kv8h1QCRUeQ4LWv6fvSiuD7SGDAam4IRPPcAsQM_USIZVSjda7IKrbeZIhwsXwdKHs5AlqP-wCR4\"><img loading=\"lazy\" decoding=\"async\" class=\"aligncenter size-large\" src=\"https:\/\/lh3.googleusercontent.com\/_x9kv8h1QCRUeQ4LWv6fvSiuD7SGDAam4IRPPcAsQM_USIZVSjda7IKrbeZIhwsXwdKHs5AlqP-wCR4\" width=\"512\" height=\"512\" \/><\/a><\/p>\n<p><strong>El tren de llibert\u00e1 foi&#8217;l mayor movimientu feminista de la hestoria d&#8217;Espa\u00f1a<\/strong>, un <strong>Non<\/strong> atayante \u00e9nte l&#8217;intentu de derogar la llei del albuertu en 2014 y la mayor demostraci\u00f3n de que xuntes somos poderoses. La Conxusta Feminista Les Comadres de Xix\u00f3n, Muyeres pola llibert\u00e1 de Barredos, seg\u00fan toles voces que se xunieron a los sos pasos, son y siempres van ser inspiraci\u00f3n. Los nuesos derechos son nuesos y tamos xuntes nesto. Nun les escaezamos y sigamos col so leg\u00e1u.<\/p>\n<p><span style=\"font-size: 20px;color: #008080\"><em><strong>EL TREN DE LA LIBERTAD<\/strong><br \/>\n(Letra y m\u00fasica: Marisa Valle Roso)<\/em><\/span><\/p>\n<p><span style=\"font-size: 20px;color: #008080\"><em> Si yo levanto el tel\u00e9fono, <\/em><\/span><br \/>\n<span style=\"font-size: 20px;color: #008080\"><em>una hermana me contesta: <\/em><\/span><br \/>\n<span style=\"font-size: 20px;color: #008080\"><em>De las trincheras nos movemos,<\/em><\/span><br \/>\n<span style=\"font-size: 20px;color: #008080\"><em> \u00a1Estado de emergencia! <\/em><\/span><\/p>\n<p><span style=\"font-size: 20px;color: #008080\"><em>A\u00fan no me creo que hoy en d\u00eda<\/em><\/span><br \/>\n<span style=\"font-size: 20px;color: #008080\"><em> queden vidas que quieran jugar <\/em><\/span><br \/>\n<span style=\"font-size: 20px;color: #008080\"><em>con nuestra dignidad. <\/em><\/span><br \/>\n<span style=\"font-size: 20px;color: #008080\"><em>Banderas, petos, gorras, <\/em><\/span><br \/>\n<span style=\"font-size: 20px;color: #008080\"><em>juntas somos poderosas.<\/em><\/span><\/p>\n<p><span style=\"font-size: 20px;color: #008080\"><em> No nos quitar\u00e1n lo conquistado ya.<\/em><\/span><br \/>\n<span style=\"font-size: 20px;color: #008080\"><em> Muerto el perro y no se fue la rabia, <\/em><\/span><br \/>\n<span style=\"font-size: 20px;color: #008080\"><em>se han ca\u00eddo de una historia medieval. <\/em><\/span><\/p>\n<p><span style=\"font-size: 20px;color: #008080\"><em>\u00a1Nosotras parimos, nosotras decidimos! <\/em><\/span><\/p>\n<p><span style=\"font-size: 20px;color: #008080\"><em>Y este tren que va marcando el sendero<\/em><\/span><br \/>\n<span style=\"font-size: 20px;color: #008080\"><em> hacia ese lugar que tanto a\u00f1oraron<\/em><\/span><br \/>\n<span style=\"font-size: 20px;color: #008080\"><em> las que ya no est\u00e1n, que viene a llevarnos <\/em><\/span><br \/>\n<span style=\"font-size: 20px;color: #008080\"><em>a la libertad, libertad, libertad. <\/em><\/span><\/p>\n<p><span style=\"font-size: 20px;color: #008080\"><em>Y esti tren que va carg\u00e1u d\u2019abrazos y sororid\u00e1,<\/em><\/span><br \/>\n<span style=\"font-size: 20px;color: #008080\"><em> llabrando\u2019l futuru de la humanid\u00e1, <\/em><\/span><br \/>\n<span style=\"font-size: 20px;color: #008080\"><em>nosotres pos\u00e1monos na llibert\u00e1, llibert\u00e1, llibert\u00e1 <\/em><\/span><\/p>\n<p><span style=\"font-size: 20px;color: #008080\"><em>Y esti tren que va\u2026 Y en la \u00faltima parada,<\/em><\/span><br \/>\n<span style=\"font-size: 20px;color: #008080\"><em> donde ya no cabe un alma,<\/em><\/span><br \/>\n<span style=\"font-size: 20px;color: #008080\"><em> ni atochales, ni pancartas,<\/em><\/span><br \/>\n<span style=\"font-size: 20px;color: #008080\"><em> ni banderas, ni cineastas, <\/em><\/span><br \/>\n<span style=\"font-size: 20px;color: #008080\"><em>pronto se juntan las almas <\/em><\/span><br \/>\n<span style=\"font-size: 20px;color: #008080\"><em>en un grito de esperanza. <\/em><\/span><\/p>\n<p><span style=\"font-size: 20px;color: #008080\"><em>Y esto nadie lo esperaba\u2026 <\/em><\/span><br \/>\n<span style=\"font-size: 20px;color: #008080\"><em>la que l\u00eda una asturiana. <\/em><\/span><br \/>\n<span style=\"font-size: 20px;color: #008080\"><em>Lo que todas esperaban, <\/em><\/span><br \/>\n<span style=\"font-size: 20px;color: #008080\"><em>que se gane esta batalla. <\/em><\/span><\/p>\n<p><span style=\"font-size: 20px;color: #008080\"><em>Voces que se suman en cada estaci\u00f3n,<\/em><\/span><br \/>\n<span style=\"font-size: 20px;color: #008080\"><em> hoy el mundo gira sobre este vag\u00f3n. <\/em><\/span><br \/>\n<span style=\"font-size: 20px;color: #008080\"><em>Y este viaje hoy a la historia demostr\u00f3<\/em><\/span><br \/>\n<span style=\"font-size: 20px;color: #008080\"><em> que nosotras somos nuestra salvaci\u00f3n. <\/em><\/span><\/p>\n<p><span style=\"font-size: 20px;color: #008080\"><em>Y este tren que va marcando el sendero <\/em><\/span><br \/>\n<span style=\"font-size: 20px;color: #008080\"><em>hacia ese lugar que tanto a\u00f1oraron<\/em><\/span><br \/>\n<span style=\"font-size: 20px;color: #008080\"><em> las que ya no est\u00e1n, <\/em><\/span><br \/>\n<span style=\"font-size: 20px;color: #008080\"><em>que viene a llevarnos a la libertad, libertad, libertad.<\/em><\/span><\/p>\n<p><span style=\"font-size: 20px;color: #008080\"><em> Y esti tren que va carg\u00e1u d\u2019abrazos y sororid\u00e1, <\/em><\/span><br \/>\n<span style=\"font-size: 20px;color: #008080\"><em>llabrando\u2019l futuru de la humanid\u00e1, <\/em><\/span><br \/>\n<span style=\"font-size: 20px;color: #008080\"><em>nosotres pos\u00e1monos na llibert\u00e1, llibert\u00e1, llibert\u00e1 <\/em><\/span><\/p>\n<p><span style=\"font-size: 20px;color: #008080\"><em>Y esti tren que va\u2026<\/em><\/span><br \/>\n<span style=\"font-size: 20px;color: #008080\"><em> \u00a1Nosotras parimos, nosotras decidimos!<\/em><\/span><br \/>\n<span style=\"font-size: 20px;color: #008080\"><em> \u00a1Nosotras parimos, nosotras decidimos! <\/em><\/span><\/p>\n","protected":false},"excerpt":{"rendered":"<p>Videu \/<\/p>\n","protected":false},"author":117,"featured_media":0,"comment_status":"closed","ping_status":"open","sticky":false,"template":"","format":"standard","meta":{"footnotes":""},"categories":[35,125,1],"tags":[],"class_list":["post-60459","post","type-post","status-publish","format-standard","hentry","category-musica","category-musicasturiana-com","category-sin-categoria"],"_links":{"self":[{"href":"https:\/\/edublog.educastur.es\/ixuxu\/wp-json\/wp\/v2\/posts\/60459","targetHints":{"allow":["GET"]}}],"collection":[{"href":"https:\/\/edublog.educastur.es\/ixuxu\/wp-json\/wp\/v2\/posts"}],"about":[{"href":"https:\/\/edublog.educastur.es\/ixuxu\/wp-json\/wp\/v2\/types\/post"}],"author":[{"embeddable":true,"href":"https:\/\/edublog.educastur.es\/ixuxu\/wp-json\/wp\/v2\/users\/117"}],"replies":[{"embeddable":true,"href":"https:\/\/edublog.educastur.es\/ixuxu\/wp-json\/wp\/v2\/comments?post=60459"}],"version-history":[{"count":3,"href":"https:\/\/edublog.educastur.es\/ixuxu\/wp-json\/wp\/v2\/posts\/60459\/revisions"}],"predecessor-version":[{"id":60462,"href":"https:\/\/edublog.educastur.es\/ixuxu\/wp-json\/wp\/v2\/posts\/60459\/revisions\/60462"}],"wp:attachment":[{"href":"https:\/\/edublog.educastur.es\/ixuxu\/wp-json\/wp\/v2\/media?parent=60459"}],"wp:term":[{"taxonomy":"category","embeddable":true,"href":"https:\/\/edublog.educastur.es\/ixuxu\/wp-json\/wp\/v2\/categories?post=60459"},{"taxonomy":"post_tag","embeddable":true,"href":"https:\/\/edublog.educastur.es\/ixuxu\/wp-json\/wp\/v2\/tags?post=60459"}],"curies":[{"name":"wp","href":"https:\/\/api.w.org\/{rel}","templated":true}]}}